{"id":10586,"date":"2023-09-23T11:28:25","date_gmt":"2023-09-23T09:28:25","guid":{"rendered":"https:\/\/www.bretzel-liquide.com\/blog\/?p=10586"},"modified":"2023-09-23T11:28:26","modified_gmt":"2023-09-23T09:28:26","slug":"paul-valery-les-pates-levent-il-faut-tenter-de-vivre","status":"publish","type":"post","link":"https:\/\/www.bretzel-liquide.com\/blog\/2023\/09\/23\/paul-valery-les-pates-levent-il-faut-tenter-de-vivre\/","title":{"rendered":"Paul Val\u00e9ry : Les p\u00e2tes l\u00e8vent Il faut tenter de vivre"},"content":{"rendered":"\n<figure class=\"wp-block-video\"><video height=\"1024\" style=\"aspect-ratio: 576 \/ 1024;\" width=\"576\" controls src=\"https:\/\/www.bretzel-liquide.com\/blog\/wp-content\/uploads\/2023\/09\/Paul-Valery-Les-pates-se-levent-Il-faut-tenter-de-vivre.mp4\"><\/video><\/figure>\n\n\n\n<p>Paul Val\u00e9ry : Les p\u00e2tes l\u00e8vent Il faut tenter de vivre<\/p>\n\n\n\n<p>\u00ab\u00a0Le vent se l\u00e8ve\u00a0!\u2026 Il faut tenter de vivre\u00a0! <br>L\u2019air immense ouvre et referme mon livre, <br>La vague en poudre ose jaillir des rocs\u00a0! <br>Envolez-vous, pages tout \u00e9blouies\u00a0! <br>Rompez, vagues\u00a0! Rompez d\u2019eaux r\u00e9jouies <br>Ce toit tranquille o\u00f9 picoraient des focs\u00a0!\u00a0\u00bb<\/p>\n","protected":false},"excerpt":{"rendered":"<p>Paul Val\u00e9ry : Les p\u00e2tes l\u00e8vent Il faut tenter de vivre \u00ab\u00a0Le vent se l\u00e8ve\u00a0!\u2026 Il faut tenter de vivre\u00a0! L\u2019air immense ouvre et referme mon livre, La vague en poudre ose jaillir des rocs\u00a0! Envolez-vous, pages tout \u00e9blouies\u00a0! Rompez, vagues\u00a0! Rompez d\u2019eaux r\u00e9jouies Ce toit tranquille o\u00f9 picoraient des focs\u00a0!\u00a0\u00bb<\/p>\n","protected":false},"author":1,"featured_media":0,"comment_status":"open","ping_status":"open","sticky":false,"template":"","format":"standard","meta":{"footnotes":""},"categories":[280],"tags":[29,30,1389,39,1390,18],"class_list":["post-10586","post","type-post","status-publish","format-standard","hentry","category-il-faut-vivre-pour-manger","tag-parodie","tag-pastiche","tag-paul-valery","tag-poeme","tag-vent","tag-video"],"yoast_head":"<!-- This site is optimized with the Yoast SEO plugin v27.4 - https:\/\/yoast.com\/product\/yoast-seo-wordpress\/ -->\n<title>Paul Val\u00e9ry : Les p\u00e2tes l\u00e8vent Il faut tenter de vivre - \u00e0 l&#039;ombre d&#039;un paradoxe en fleur<\/title>\n<meta name=\"description\" content=\"Paul Val\u00e9ry : Les p\u00e2tes l\u00e8vent Il faut tenter de vivre\" \/>\n<meta name=\"robots\" content=\"index, follow, max-snippet:-1, max-image-preview:large, max-video-preview:-1\" \/>\n<link rel=\"canonical\" href=\"https:\/\/www.bretzel-liquide.com\/blog\/2023\/09\/23\/paul-valery-les-pates-levent-il-faut-tenter-de-vivre\/\" \/>\n<meta property=\"og:locale\" content=\"fr_FR\" \/>\n<meta property=\"og:type\" content=\"article\" \/>\n<meta property=\"og:title\" content=\"Paul Val\u00e9ry : Les p\u00e2tes l\u00e8vent Il faut tenter de vivre - \u00e0 l&#039;ombre d&#039;un paradoxe en fleur\" \/>\n<meta property=\"og:description\" content=\"Paul Val\u00e9ry : Les p\u00e2tes l\u00e8vent Il faut tenter de vivre\" \/>\n<meta property=\"og:url\" content=\"https:\/\/www.bretzel-liquide.com\/blog\/2023\/09\/23\/paul-valery-les-pates-levent-il-faut-tenter-de-vivre\/\" \/>\n<meta property=\"og:site_name\" content=\"\u00e0 l&#039;ombre d&#039;un paradoxe en fleur\" \/>\n<meta property=\"article:published_time\" content=\"2023-09-23T09:28:25+00:00\" \/>\n<meta property=\"article:modified_time\" content=\"2023-09-23T09:28:26+00:00\" \/>\n<meta name=\"author\" content=\"Yves Brette\" \/>\n<meta name=\"twitter:card\" content=\"summary_large_image\" \/>\n<meta name=\"twitter:label1\" content=\"\u00c9crit par\" \/>\n\t<meta name=\"twitter:data1\" content=\"Yves Brette\" \/>\n<script type=\"application\/ld+json\" class=\"yoast-schema-graph\">{\"@context\":\"https:\\\/\\\/schema.org\",\"@graph\":[{\"@type\":\"Article\",\"@id\":\"https:\\\/\\\/www.bretzel-liquide.com\\\/blog\\\/2023\\\/09\\\/23\\\/paul-valery-les-pates-levent-il-faut-tenter-de-vivre\\\/#article\",\"isPartOf\":{\"@id\":\"https:\\\/\\\/www.bretzel-liquide.com\\\/blog\\\/2023\\\/09\\\/23\\\/paul-valery-les-pates-levent-il-faut-tenter-de-vivre\\\/\"},\"author\":{\"name\":\"Yves Brette\",\"@id\":\"https:\\\/\\\/www.bretzel-liquide.com\\\/blog\\\/#\\\/schema\\\/person\\\/16b498860410bff000499934f159633d\"},\"headline\":\"Paul Val\u00e9ry : Les p\u00e2tes l\u00e8vent Il faut tenter de vivre\",\"datePublished\":\"2023-09-23T09:28:25+00:00\",\"dateModified\":\"2023-09-23T09:28:26+00:00\",\"mainEntityOfPage\":{\"@id\":\"https:\\\/\\\/www.bretzel-liquide.com\\\/blog\\\/2023\\\/09\\\/23\\\/paul-valery-les-pates-levent-il-faut-tenter-de-vivre\\\/\"},\"wordCount\":70,\"commentCount\":0,\"publisher\":{\"@id\":\"https:\\\/\\\/www.bretzel-liquide.com\\\/blog\\\/#\\\/schema\\\/person\\\/16b498860410bff000499934f159633d\"},\"keywords\":[\"parodie\",\"pastiche\",\"Paul Val\u00e9ry\",\"po\u00e8me\",\"vent\",\"video\"],\"articleSection\":[\"il faut vivre pour manger\"],\"inLanguage\":\"fr-FR\",\"potentialAction\":[{\"@type\":\"CommentAction\",\"name\":\"Comment\",\"target\":[\"https:\\\/\\\/www.bretzel-liquide.com\\\/blog\\\/2023\\\/09\\\/23\\\/paul-valery-les-pates-levent-il-faut-tenter-de-vivre\\\/#respond\"]}]},{\"@type\":\"WebPage\",\"@id\":\"https:\\\/\\\/www.bretzel-liquide.com\\\/blog\\\/2023\\\/09\\\/23\\\/paul-valery-les-pates-levent-il-faut-tenter-de-vivre\\\/\",\"url\":\"https:\\\/\\\/www.bretzel-liquide.com\\\/blog\\\/2023\\\/09\\\/23\\\/paul-valery-les-pates-levent-il-faut-tenter-de-vivre\\\/\",\"name\":\"Paul Val\u00e9ry : Les p\u00e2tes l\u00e8vent Il faut tenter de vivre - \u00e0 l&#039;ombre d&#039;un paradoxe en fleur\",\"isPartOf\":{\"@id\":\"https:\\\/\\\/www.bretzel-liquide.com\\\/blog\\\/#website\"},\"datePublished\":\"2023-09-23T09:28:25+00:00\",\"dateModified\":\"2023-09-23T09:28:26+00:00\",\"description\":\"Paul Val\u00e9ry : Les p\u00e2tes l\u00e8vent Il faut tenter de vivre\",\"breadcrumb\":{\"@id\":\"https:\\\/\\\/www.bretzel-liquide.com\\\/blog\\\/2023\\\/09\\\/23\\\/paul-valery-les-pates-levent-il-faut-tenter-de-vivre\\\/#breadcrumb\"},\"inLanguage\":\"fr-FR\",\"potentialAction\":[{\"@type\":\"ReadAction\",\"target\":[\"https:\\\/\\\/www.bretzel-liquide.com\\\/blog\\\/2023\\\/09\\\/23\\\/paul-valery-les-pates-levent-il-faut-tenter-de-vivre\\\/\"]}]},{\"@type\":\"BreadcrumbList\",\"@id\":\"https:\\\/\\\/www.bretzel-liquide.com\\\/blog\\\/2023\\\/09\\\/23\\\/paul-valery-les-pates-levent-il-faut-tenter-de-vivre\\\/#breadcrumb\",\"itemListElement\":[{\"@type\":\"ListItem\",\"position\":1,\"name\":\"Accueil\",\"item\":\"https:\\\/\\\/www.bretzel-liquide.com\\\/blog\\\/\"},{\"@type\":\"ListItem\",\"position\":2,\"name\":\"Paul Val\u00e9ry : Les p\u00e2tes l\u00e8vent Il faut tenter de vivre\"}]},{\"@type\":\"WebSite\",\"@id\":\"https:\\\/\\\/www.bretzel-liquide.com\\\/blog\\\/#website\",\"url\":\"https:\\\/\\\/www.bretzel-liquide.com\\\/blog\\\/\",\"name\":\"\u00e0 l&#039;ombre d&#039;un paradoxe en fleur\",\"description\":\"la face nord du bretzel liquide : humour absurde, images \u00e9tranges, microblogging\",\"publisher\":{\"@id\":\"https:\\\/\\\/www.bretzel-liquide.com\\\/blog\\\/#\\\/schema\\\/person\\\/16b498860410bff000499934f159633d\"},\"potentialAction\":[{\"@type\":\"SearchAction\",\"target\":{\"@type\":\"EntryPoint\",\"urlTemplate\":\"https:\\\/\\\/www.bretzel-liquide.com\\\/blog\\\/?s={search_term_string}\"},\"query-input\":{\"@type\":\"PropertyValueSpecification\",\"valueRequired\":true,\"valueName\":\"search_term_string\"}}],\"inLanguage\":\"fr-FR\"},{\"@type\":[\"Person\",\"Organization\"],\"@id\":\"https:\\\/\\\/www.bretzel-liquide.com\\\/blog\\\/#\\\/schema\\\/person\\\/16b498860410bff000499934f159633d\",\"name\":\"Yves Brette\",\"image\":{\"@type\":\"ImageObject\",\"inLanguage\":\"fr-FR\",\"@id\":\"https:\\\/\\\/www.bretzel-liquide.com\\\/blog\\\/wp-content\\\/uploads\\\/2022\\\/01\\\/headerchien.jpg\",\"url\":\"https:\\\/\\\/www.bretzel-liquide.com\\\/blog\\\/wp-content\\\/uploads\\\/2022\\\/01\\\/headerchien.jpg\",\"contentUrl\":\"https:\\\/\\\/www.bretzel-liquide.com\\\/blog\\\/wp-content\\\/uploads\\\/2022\\\/01\\\/headerchien.jpg\",\"width\":150,\"height\":147,\"caption\":\"Yves Brette\"},\"logo\":{\"@id\":\"https:\\\/\\\/www.bretzel-liquide.com\\\/blog\\\/wp-content\\\/uploads\\\/2022\\\/01\\\/headerchien.jpg\"},\"sameAs\":[\"http:\\\/\\\/www.bretzel-liquide.com\\\/blog\"],\"url\":\"https:\\\/\\\/www.bretzel-liquide.com\\\/blog\\\/author\\\/yves\\\/\"}]}<\/script>\n<!-- \/ Yoast SEO plugin. -->","yoast_head_json":{"title":"Paul Val\u00e9ry : Les p\u00e2tes l\u00e8vent Il faut tenter de vivre - \u00e0 l&#039;ombre d&#039;un paradoxe en fleur","description":"Paul Val\u00e9ry : Les p\u00e2tes l\u00e8vent Il faut tenter de vivre","robots":{"index":"index","follow":"follow","max-snippet":"max-snippet:-1","max-image-preview":"max-image-preview:large","max-video-preview":"max-video-preview:-1"},"canonical":"https:\/\/www.bretzel-liquide.com\/blog\/2023\/09\/23\/paul-valery-les-pates-levent-il-faut-tenter-de-vivre\/","og_locale":"fr_FR","og_type":"article","og_title":"Paul Val\u00e9ry : Les p\u00e2tes l\u00e8vent Il faut tenter de vivre - \u00e0 l&#039;ombre d&#039;un paradoxe en fleur","og_description":"Paul Val\u00e9ry : Les p\u00e2tes l\u00e8vent Il faut tenter de vivre","og_url":"https:\/\/www.bretzel-liquide.com\/blog\/2023\/09\/23\/paul-valery-les-pates-levent-il-faut-tenter-de-vivre\/","og_site_name":"\u00e0 l&#039;ombre d&#039;un paradoxe en fleur","article_published_time":"2023-09-23T09:28:25+00:00","article_modified_time":"2023-09-23T09:28:26+00:00","author":"Yves Brette","twitter_card":"summary_large_image","twitter_misc":{"\u00c9crit par":"Yves Brette"},"schema":{"@context":"https:\/\/schema.org","@graph":[{"@type":"Article","@id":"https:\/\/www.bretzel-liquide.com\/blog\/2023\/09\/23\/paul-valery-les-pates-levent-il-faut-tenter-de-vivre\/#article","isPartOf":{"@id":"https:\/\/www.bretzel-liquide.com\/blog\/2023\/09\/23\/paul-valery-les-pates-levent-il-faut-tenter-de-vivre\/"},"author":{"name":"Yves Brette","@id":"https:\/\/www.bretzel-liquide.com\/blog\/#\/schema\/person\/16b498860410bff000499934f159633d"},"headline":"Paul Val\u00e9ry : Les p\u00e2tes l\u00e8vent Il faut tenter de vivre","datePublished":"2023-09-23T09:28:25+00:00","dateModified":"2023-09-23T09:28:26+00:00","mainEntityOfPage":{"@id":"https:\/\/www.bretzel-liquide.com\/blog\/2023\/09\/23\/paul-valery-les-pates-levent-il-faut-tenter-de-vivre\/"},"wordCount":70,"commentCount":0,"publisher":{"@id":"https:\/\/www.bretzel-liquide.com\/blog\/#\/schema\/person\/16b498860410bff000499934f159633d"},"keywords":["parodie","pastiche","Paul Val\u00e9ry","po\u00e8me","vent","video"],"articleSection":["il faut vivre pour manger"],"inLanguage":"fr-FR","potentialAction":[{"@type":"CommentAction","name":"Comment","target":["https:\/\/www.bretzel-liquide.com\/blog\/2023\/09\/23\/paul-valery-les-pates-levent-il-faut-tenter-de-vivre\/#respond"]}]},{"@type":"WebPage","@id":"https:\/\/www.bretzel-liquide.com\/blog\/2023\/09\/23\/paul-valery-les-pates-levent-il-faut-tenter-de-vivre\/","url":"https:\/\/www.bretzel-liquide.com\/blog\/2023\/09\/23\/paul-valery-les-pates-levent-il-faut-tenter-de-vivre\/","name":"Paul Val\u00e9ry : Les p\u00e2tes l\u00e8vent Il faut tenter de vivre - \u00e0 l&#039;ombre d&#039;un paradoxe en fleur","isPartOf":{"@id":"https:\/\/www.bretzel-liquide.com\/blog\/#website"},"datePublished":"2023-09-23T09:28:25+00:00","dateModified":"2023-09-23T09:28:26+00:00","description":"Paul Val\u00e9ry : Les p\u00e2tes l\u00e8vent Il faut tenter de vivre","breadcrumb":{"@id":"https:\/\/www.bretzel-liquide.com\/blog\/2023\/09\/23\/paul-valery-les-pates-levent-il-faut-tenter-de-vivre\/#breadcrumb"},"inLanguage":"fr-FR","potentialAction":[{"@type":"ReadAction","target":["https:\/\/www.bretzel-liquide.com\/blog\/2023\/09\/23\/paul-valery-les-pates-levent-il-faut-tenter-de-vivre\/"]}]},{"@type":"BreadcrumbList","@id":"https:\/\/www.bretzel-liquide.com\/blog\/2023\/09\/23\/paul-valery-les-pates-levent-il-faut-tenter-de-vivre\/#breadcrumb","itemListElement":[{"@type":"ListItem","position":1,"name":"Accueil","item":"https:\/\/www.bretzel-liquide.com\/blog\/"},{"@type":"ListItem","position":2,"name":"Paul Val\u00e9ry : Les p\u00e2tes l\u00e8vent Il faut tenter de vivre"}]},{"@type":"WebSite","@id":"https:\/\/www.bretzel-liquide.com\/blog\/#website","url":"https:\/\/www.bretzel-liquide.com\/blog\/","name":"\u00e0 l&#039;ombre d&#039;un paradoxe en fleur","description":"la face nord du bretzel liquide : humour absurde, images \u00e9tranges, microblogging","publisher":{"@id":"https:\/\/www.bretzel-liquide.com\/blog\/#\/schema\/person\/16b498860410bff000499934f159633d"},"potentialAction":[{"@type":"SearchAction","target":{"@type":"EntryPoint","urlTemplate":"https:\/\/www.bretzel-liquide.com\/blog\/?s={search_term_string}"},"query-input":{"@type":"PropertyValueSpecification","valueRequired":true,"valueName":"search_term_string"}}],"inLanguage":"fr-FR"},{"@type":["Person","Organization"],"@id":"https:\/\/www.bretzel-liquide.com\/blog\/#\/schema\/person\/16b498860410bff000499934f159633d","name":"Yves Brette","image":{"@type":"ImageObject","inLanguage":"fr-FR","@id":"https:\/\/www.bretzel-liquide.com\/blog\/wp-content\/uploads\/2022\/01\/headerchien.jpg","url":"https:\/\/www.bretzel-liquide.com\/blog\/wp-content\/uploads\/2022\/01\/headerchien.jpg","contentUrl":"https:\/\/www.bretzel-liquide.com\/blog\/wp-content\/uploads\/2022\/01\/headerchien.jpg","width":150,"height":147,"caption":"Yves Brette"},"logo":{"@id":"https:\/\/www.bretzel-liquide.com\/blog\/wp-content\/uploads\/2022\/01\/headerchien.jpg"},"sameAs":["http:\/\/www.bretzel-liquide.com\/blog"],"url":"https:\/\/www.bretzel-liquide.com\/blog\/author\/yves\/"}]}},"_links":{"self":[{"href":"https:\/\/www.bretzel-liquide.com\/blog\/wp-json\/wp\/v2\/posts\/10586","targetHints":{"allow":["GET"]}}],"collection":[{"href":"https:\/\/www.bretzel-liquide.com\/blog\/wp-json\/wp\/v2\/posts"}],"about":[{"href":"https:\/\/www.bretzel-liquide.com\/blog\/wp-json\/wp\/v2\/types\/post"}],"author":[{"embeddable":true,"href":"https:\/\/www.bretzel-liquide.com\/blog\/wp-json\/wp\/v2\/users\/1"}],"replies":[{"embeddable":true,"href":"https:\/\/www.bretzel-liquide.com\/blog\/wp-json\/wp\/v2\/comments?post=10586"}],"version-history":[{"count":1,"href":"https:\/\/www.bretzel-liquide.com\/blog\/wp-json\/wp\/v2\/posts\/10586\/revisions"}],"predecessor-version":[{"id":10588,"href":"https:\/\/www.bretzel-liquide.com\/blog\/wp-json\/wp\/v2\/posts\/10586\/revisions\/10588"}],"wp:attachment":[{"href":"https:\/\/www.bretzel-liquide.com\/blog\/wp-json\/wp\/v2\/media?parent=10586"}],"wp:term":[{"taxonomy":"category","embeddable":true,"href":"https:\/\/www.bretzel-liquide.com\/blog\/wp-json\/wp\/v2\/categories?post=10586"},{"taxonomy":"post_tag","embeddable":true,"href":"https:\/\/www.bretzel-liquide.com\/blog\/wp-json\/wp\/v2\/tags?post=10586"}],"curies":[{"name":"wp","href":"https:\/\/api.w.org\/{rel}","templated":true}]}}