{"id":11835,"date":"2023-10-31T11:40:22","date_gmt":"2023-10-31T10:40:22","guid":{"rendered":"https:\/\/www.bretzel-liquide.com\/blog\/?p=11835"},"modified":"2023-10-31T11:49:27","modified_gmt":"2023-10-31T10:49:27","slug":"le-premier-ministre-israelien-benjamin-netanyahu-soutient-le-senat-francais-dans-son-combat-contre-lecriture-inclusive","status":"publish","type":"post","link":"https:\/\/www.bretzel-liquide.com\/blog\/2023\/10\/31\/le-premier-ministre-israelien-benjamin-netanyahu-soutient-le-senat-francais-dans-son-combat-contre-lecriture-inclusive\/","title":{"rendered":"le Premier ministre isra\u00e9lien Benjamin Netanyahu soutient le S\u00e9nat fran\u00e7ais dans son combat contre l&rsquo;\u00e9criture inclusive"},"content":{"rendered":"\n<p>le Premier ministre isra\u00e9lien Benjamin Netanyahu soutient le S\u00e9nat fran\u00e7ais dans son combat contre l&rsquo;\u00e9criture inclusive #AFB<\/p>\n\n\n\n<p>pour information, AFB ne fait pas r\u00e9f\u00e9rence \u00e0 L&rsquo;Association Fran\u00e7aise des Banques mais \u00e0 l&rsquo;Agence France Brette<\/p>\n","protected":false},"excerpt":{"rendered":"<p>le Premier ministre isra\u00e9lien Benjamin Netanyahu soutient le S\u00e9nat fran\u00e7ais dans son combat contre l&rsquo;\u00e9criture inclusive #AFB pour information, AFB ne fait pas r\u00e9f\u00e9rence \u00e0 L&rsquo;Association Fran\u00e7aise des Banques mais \u00e0 l&rsquo;Agence France Brette<\/p>\n","protected":false},"author":1,"featured_media":0,"comment_status":"open","ping_status":"open","sticky":false,"template":"","format":"standard","meta":{"footnotes":""},"categories":[58,159],"tags":[240,367,5],"class_list":["post-11835","post","type-post","status-publish","format-standard","hentry","category-agence-france-brette","category-bretzel-surprise","tag-emmanuel-macron","tag-guerre","tag-societe"],"yoast_head":"<!-- This site is optimized with the Yoast SEO plugin v27.4 - https:\/\/yoast.com\/product\/yoast-seo-wordpress\/ -->\n<title>le Premier ministre isra\u00e9lien Benjamin Netanyahu soutient le S\u00e9nat fran\u00e7ais dans son combat contre l&#039;\u00e9criture inclusive - \u00e0 l&#039;ombre d&#039;un paradoxe en fleur<\/title>\n<meta name=\"description\" content=\"le Premier ministre isra\u00e9lien Benjamin Netanyahu soutient le S\u00e9nat fran\u00e7ais dans son combat contre l&#039;\u00e9criture inclusive #AFB\" \/>\n<meta name=\"robots\" content=\"index, follow, max-snippet:-1, max-image-preview:large, max-video-preview:-1\" \/>\n<link rel=\"canonical\" href=\"https:\/\/www.bretzel-liquide.com\/blog\/2023\/10\/31\/le-premier-ministre-israelien-benjamin-netanyahu-soutient-le-senat-francais-dans-son-combat-contre-lecriture-inclusive\/\" \/>\n<meta property=\"og:locale\" content=\"fr_FR\" \/>\n<meta property=\"og:type\" content=\"article\" \/>\n<meta property=\"og:title\" content=\"le Premier ministre isra\u00e9lien Benjamin Netanyahu soutient le S\u00e9nat fran\u00e7ais dans son combat contre l&#039;\u00e9criture inclusive - \u00e0 l&#039;ombre d&#039;un paradoxe en fleur\" \/>\n<meta property=\"og:description\" content=\"le Premier ministre isra\u00e9lien Benjamin Netanyahu soutient le S\u00e9nat fran\u00e7ais dans son combat contre l&#039;\u00e9criture inclusive #AFB\" \/>\n<meta property=\"og:url\" content=\"https:\/\/www.bretzel-liquide.com\/blog\/2023\/10\/31\/le-premier-ministre-israelien-benjamin-netanyahu-soutient-le-senat-francais-dans-son-combat-contre-lecriture-inclusive\/\" \/>\n<meta property=\"og:site_name\" content=\"\u00e0 l&#039;ombre d&#039;un paradoxe en fleur\" \/>\n<meta property=\"article:published_time\" content=\"2023-10-31T10:40:22+00:00\" \/>\n<meta property=\"article:modified_time\" content=\"2023-10-31T10:49:27+00:00\" \/>\n<meta name=\"author\" content=\"Yves Brette\" \/>\n<meta name=\"twitter:card\" content=\"summary_large_image\" \/>\n<meta name=\"twitter:label1\" content=\"\u00c9crit par\" \/>\n\t<meta name=\"twitter:data1\" content=\"Yves Brette\" \/>\n<script type=\"application\/ld+json\" class=\"yoast-schema-graph\">{\"@context\":\"https:\\\/\\\/schema.org\",\"@graph\":[{\"@type\":\"Article\",\"@id\":\"https:\\\/\\\/www.bretzel-liquide.com\\\/blog\\\/2023\\\/10\\\/31\\\/le-premier-ministre-israelien-benjamin-netanyahu-soutient-le-senat-francais-dans-son-combat-contre-lecriture-inclusive\\\/#article\",\"isPartOf\":{\"@id\":\"https:\\\/\\\/www.bretzel-liquide.com\\\/blog\\\/2023\\\/10\\\/31\\\/le-premier-ministre-israelien-benjamin-netanyahu-soutient-le-senat-francais-dans-son-combat-contre-lecriture-inclusive\\\/\"},\"author\":{\"name\":\"Yves Brette\",\"@id\":\"https:\\\/\\\/www.bretzel-liquide.com\\\/blog\\\/#\\\/schema\\\/person\\\/16b498860410bff000499934f159633d\"},\"headline\":\"le Premier ministre isra\u00e9lien Benjamin Netanyahu soutient le S\u00e9nat fran\u00e7ais dans son combat contre l&rsquo;\u00e9criture inclusive\",\"datePublished\":\"2023-10-31T10:40:22+00:00\",\"dateModified\":\"2023-10-31T10:49:27+00:00\",\"mainEntityOfPage\":{\"@id\":\"https:\\\/\\\/www.bretzel-liquide.com\\\/blog\\\/2023\\\/10\\\/31\\\/le-premier-ministre-israelien-benjamin-netanyahu-soutient-le-senat-francais-dans-son-combat-contre-lecriture-inclusive\\\/\"},\"wordCount\":61,\"commentCount\":0,\"publisher\":{\"@id\":\"https:\\\/\\\/www.bretzel-liquide.com\\\/blog\\\/#\\\/schema\\\/person\\\/16b498860410bff000499934f159633d\"},\"keywords\":[\"emmanuel macron\",\"guerre\",\"soci\u00e9t\u00e9\"],\"articleSection\":[\"Agence France-Brette\",\"bretzel surprise\"],\"inLanguage\":\"fr-FR\",\"potentialAction\":[{\"@type\":\"CommentAction\",\"name\":\"Comment\",\"target\":[\"https:\\\/\\\/www.bretzel-liquide.com\\\/blog\\\/2023\\\/10\\\/31\\\/le-premier-ministre-israelien-benjamin-netanyahu-soutient-le-senat-francais-dans-son-combat-contre-lecriture-inclusive\\\/#respond\"]}]},{\"@type\":\"WebPage\",\"@id\":\"https:\\\/\\\/www.bretzel-liquide.com\\\/blog\\\/2023\\\/10\\\/31\\\/le-premier-ministre-israelien-benjamin-netanyahu-soutient-le-senat-francais-dans-son-combat-contre-lecriture-inclusive\\\/\",\"url\":\"https:\\\/\\\/www.bretzel-liquide.com\\\/blog\\\/2023\\\/10\\\/31\\\/le-premier-ministre-israelien-benjamin-netanyahu-soutient-le-senat-francais-dans-son-combat-contre-lecriture-inclusive\\\/\",\"name\":\"le Premier ministre isra\u00e9lien Benjamin Netanyahu soutient le S\u00e9nat fran\u00e7ais dans son combat contre l'\u00e9criture inclusive - \u00e0 l&#039;ombre d&#039;un paradoxe en fleur\",\"isPartOf\":{\"@id\":\"https:\\\/\\\/www.bretzel-liquide.com\\\/blog\\\/#website\"},\"datePublished\":\"2023-10-31T10:40:22+00:00\",\"dateModified\":\"2023-10-31T10:49:27+00:00\",\"description\":\"le Premier ministre isra\u00e9lien Benjamin Netanyahu soutient le S\u00e9nat fran\u00e7ais dans son combat contre l'\u00e9criture inclusive #AFB\",\"breadcrumb\":{\"@id\":\"https:\\\/\\\/www.bretzel-liquide.com\\\/blog\\\/2023\\\/10\\\/31\\\/le-premier-ministre-israelien-benjamin-netanyahu-soutient-le-senat-francais-dans-son-combat-contre-lecriture-inclusive\\\/#breadcrumb\"},\"inLanguage\":\"fr-FR\",\"potentialAction\":[{\"@type\":\"ReadAction\",\"target\":[\"https:\\\/\\\/www.bretzel-liquide.com\\\/blog\\\/2023\\\/10\\\/31\\\/le-premier-ministre-israelien-benjamin-netanyahu-soutient-le-senat-francais-dans-son-combat-contre-lecriture-inclusive\\\/\"]}]},{\"@type\":\"BreadcrumbList\",\"@id\":\"https:\\\/\\\/www.bretzel-liquide.com\\\/blog\\\/2023\\\/10\\\/31\\\/le-premier-ministre-israelien-benjamin-netanyahu-soutient-le-senat-francais-dans-son-combat-contre-lecriture-inclusive\\\/#breadcrumb\",\"itemListElement\":[{\"@type\":\"ListItem\",\"position\":1,\"name\":\"Accueil\",\"item\":\"https:\\\/\\\/www.bretzel-liquide.com\\\/blog\\\/\"},{\"@type\":\"ListItem\",\"position\":2,\"name\":\"le Premier ministre isra\u00e9lien Benjamin Netanyahu soutient le S\u00e9nat fran\u00e7ais dans son combat contre l&rsquo;\u00e9criture inclusive\"}]},{\"@type\":\"WebSite\",\"@id\":\"https:\\\/\\\/www.bretzel-liquide.com\\\/blog\\\/#website\",\"url\":\"https:\\\/\\\/www.bretzel-liquide.com\\\/blog\\\/\",\"name\":\"\u00e0 l&#039;ombre d&#039;un paradoxe en fleur\",\"description\":\"la face nord du bretzel liquide : humour absurde, images \u00e9tranges, microblogging\",\"publisher\":{\"@id\":\"https:\\\/\\\/www.bretzel-liquide.com\\\/blog\\\/#\\\/schema\\\/person\\\/16b498860410bff000499934f159633d\"},\"potentialAction\":[{\"@type\":\"SearchAction\",\"target\":{\"@type\":\"EntryPoint\",\"urlTemplate\":\"https:\\\/\\\/www.bretzel-liquide.com\\\/blog\\\/?s={search_term_string}\"},\"query-input\":{\"@type\":\"PropertyValueSpecification\",\"valueRequired\":true,\"valueName\":\"search_term_string\"}}],\"inLanguage\":\"fr-FR\"},{\"@type\":[\"Person\",\"Organization\"],\"@id\":\"https:\\\/\\\/www.bretzel-liquide.com\\\/blog\\\/#\\\/schema\\\/person\\\/16b498860410bff000499934f159633d\",\"name\":\"Yves Brette\",\"image\":{\"@type\":\"ImageObject\",\"inLanguage\":\"fr-FR\",\"@id\":\"https:\\\/\\\/www.bretzel-liquide.com\\\/blog\\\/wp-content\\\/uploads\\\/2022\\\/01\\\/headerchien.jpg\",\"url\":\"https:\\\/\\\/www.bretzel-liquide.com\\\/blog\\\/wp-content\\\/uploads\\\/2022\\\/01\\\/headerchien.jpg\",\"contentUrl\":\"https:\\\/\\\/www.bretzel-liquide.com\\\/blog\\\/wp-content\\\/uploads\\\/2022\\\/01\\\/headerchien.jpg\",\"width\":150,\"height\":147,\"caption\":\"Yves Brette\"},\"logo\":{\"@id\":\"https:\\\/\\\/www.bretzel-liquide.com\\\/blog\\\/wp-content\\\/uploads\\\/2022\\\/01\\\/headerchien.jpg\"},\"sameAs\":[\"http:\\\/\\\/www.bretzel-liquide.com\\\/blog\"],\"url\":\"https:\\\/\\\/www.bretzel-liquide.com\\\/blog\\\/author\\\/yves\\\/\"}]}<\/script>\n<!-- \/ Yoast SEO plugin. -->","yoast_head_json":{"title":"le Premier ministre isra\u00e9lien Benjamin Netanyahu soutient le S\u00e9nat fran\u00e7ais dans son combat contre l'\u00e9criture inclusive - \u00e0 l&#039;ombre d&#039;un paradoxe en fleur","description":"le Premier ministre isra\u00e9lien Benjamin Netanyahu soutient le S\u00e9nat fran\u00e7ais dans son combat contre l'\u00e9criture inclusive #AFB","robots":{"index":"index","follow":"follow","max-snippet":"max-snippet:-1","max-image-preview":"max-image-preview:large","max-video-preview":"max-video-preview:-1"},"canonical":"https:\/\/www.bretzel-liquide.com\/blog\/2023\/10\/31\/le-premier-ministre-israelien-benjamin-netanyahu-soutient-le-senat-francais-dans-son-combat-contre-lecriture-inclusive\/","og_locale":"fr_FR","og_type":"article","og_title":"le Premier ministre isra\u00e9lien Benjamin Netanyahu soutient le S\u00e9nat fran\u00e7ais dans son combat contre l'\u00e9criture inclusive - \u00e0 l&#039;ombre d&#039;un paradoxe en fleur","og_description":"le Premier ministre isra\u00e9lien Benjamin Netanyahu soutient le S\u00e9nat fran\u00e7ais dans son combat contre l'\u00e9criture inclusive #AFB","og_url":"https:\/\/www.bretzel-liquide.com\/blog\/2023\/10\/31\/le-premier-ministre-israelien-benjamin-netanyahu-soutient-le-senat-francais-dans-son-combat-contre-lecriture-inclusive\/","og_site_name":"\u00e0 l&#039;ombre d&#039;un paradoxe en fleur","article_published_time":"2023-10-31T10:40:22+00:00","article_modified_time":"2023-10-31T10:49:27+00:00","author":"Yves Brette","twitter_card":"summary_large_image","twitter_misc":{"\u00c9crit par":"Yves Brette"},"schema":{"@context":"https:\/\/schema.org","@graph":[{"@type":"Article","@id":"https:\/\/www.bretzel-liquide.com\/blog\/2023\/10\/31\/le-premier-ministre-israelien-benjamin-netanyahu-soutient-le-senat-francais-dans-son-combat-contre-lecriture-inclusive\/#article","isPartOf":{"@id":"https:\/\/www.bretzel-liquide.com\/blog\/2023\/10\/31\/le-premier-ministre-israelien-benjamin-netanyahu-soutient-le-senat-francais-dans-son-combat-contre-lecriture-inclusive\/"},"author":{"name":"Yves Brette","@id":"https:\/\/www.bretzel-liquide.com\/blog\/#\/schema\/person\/16b498860410bff000499934f159633d"},"headline":"le Premier ministre isra\u00e9lien Benjamin Netanyahu soutient le S\u00e9nat fran\u00e7ais dans son combat contre l&rsquo;\u00e9criture inclusive","datePublished":"2023-10-31T10:40:22+00:00","dateModified":"2023-10-31T10:49:27+00:00","mainEntityOfPage":{"@id":"https:\/\/www.bretzel-liquide.com\/blog\/2023\/10\/31\/le-premier-ministre-israelien-benjamin-netanyahu-soutient-le-senat-francais-dans-son-combat-contre-lecriture-inclusive\/"},"wordCount":61,"commentCount":0,"publisher":{"@id":"https:\/\/www.bretzel-liquide.com\/blog\/#\/schema\/person\/16b498860410bff000499934f159633d"},"keywords":["emmanuel macron","guerre","soci\u00e9t\u00e9"],"articleSection":["Agence France-Brette","bretzel surprise"],"inLanguage":"fr-FR","potentialAction":[{"@type":"CommentAction","name":"Comment","target":["https:\/\/www.bretzel-liquide.com\/blog\/2023\/10\/31\/le-premier-ministre-israelien-benjamin-netanyahu-soutient-le-senat-francais-dans-son-combat-contre-lecriture-inclusive\/#respond"]}]},{"@type":"WebPage","@id":"https:\/\/www.bretzel-liquide.com\/blog\/2023\/10\/31\/le-premier-ministre-israelien-benjamin-netanyahu-soutient-le-senat-francais-dans-son-combat-contre-lecriture-inclusive\/","url":"https:\/\/www.bretzel-liquide.com\/blog\/2023\/10\/31\/le-premier-ministre-israelien-benjamin-netanyahu-soutient-le-senat-francais-dans-son-combat-contre-lecriture-inclusive\/","name":"le Premier ministre isra\u00e9lien Benjamin Netanyahu soutient le S\u00e9nat fran\u00e7ais dans son combat contre l'\u00e9criture inclusive - \u00e0 l&#039;ombre d&#039;un paradoxe en fleur","isPartOf":{"@id":"https:\/\/www.bretzel-liquide.com\/blog\/#website"},"datePublished":"2023-10-31T10:40:22+00:00","dateModified":"2023-10-31T10:49:27+00:00","description":"le Premier ministre isra\u00e9lien Benjamin Netanyahu soutient le S\u00e9nat fran\u00e7ais dans son combat contre l'\u00e9criture inclusive #AFB","breadcrumb":{"@id":"https:\/\/www.bretzel-liquide.com\/blog\/2023\/10\/31\/le-premier-ministre-israelien-benjamin-netanyahu-soutient-le-senat-francais-dans-son-combat-contre-lecriture-inclusive\/#breadcrumb"},"inLanguage":"fr-FR","potentialAction":[{"@type":"ReadAction","target":["https:\/\/www.bretzel-liquide.com\/blog\/2023\/10\/31\/le-premier-ministre-israelien-benjamin-netanyahu-soutient-le-senat-francais-dans-son-combat-contre-lecriture-inclusive\/"]}]},{"@type":"BreadcrumbList","@id":"https:\/\/www.bretzel-liquide.com\/blog\/2023\/10\/31\/le-premier-ministre-israelien-benjamin-netanyahu-soutient-le-senat-francais-dans-son-combat-contre-lecriture-inclusive\/#breadcrumb","itemListElement":[{"@type":"ListItem","position":1,"name":"Accueil","item":"https:\/\/www.bretzel-liquide.com\/blog\/"},{"@type":"ListItem","position":2,"name":"le Premier ministre isra\u00e9lien Benjamin Netanyahu soutient le S\u00e9nat fran\u00e7ais dans son combat contre l&rsquo;\u00e9criture inclusive"}]},{"@type":"WebSite","@id":"https:\/\/www.bretzel-liquide.com\/blog\/#website","url":"https:\/\/www.bretzel-liquide.com\/blog\/","name":"\u00e0 l&#039;ombre d&#039;un paradoxe en fleur","description":"la face nord du bretzel liquide : humour absurde, images \u00e9tranges, microblogging","publisher":{"@id":"https:\/\/www.bretzel-liquide.com\/blog\/#\/schema\/person\/16b498860410bff000499934f159633d"},"potentialAction":[{"@type":"SearchAction","target":{"@type":"EntryPoint","urlTemplate":"https:\/\/www.bretzel-liquide.com\/blog\/?s={search_term_string}"},"query-input":{"@type":"PropertyValueSpecification","valueRequired":true,"valueName":"search_term_string"}}],"inLanguage":"fr-FR"},{"@type":["Person","Organization"],"@id":"https:\/\/www.bretzel-liquide.com\/blog\/#\/schema\/person\/16b498860410bff000499934f159633d","name":"Yves Brette","image":{"@type":"ImageObject","inLanguage":"fr-FR","@id":"https:\/\/www.bretzel-liquide.com\/blog\/wp-content\/uploads\/2022\/01\/headerchien.jpg","url":"https:\/\/www.bretzel-liquide.com\/blog\/wp-content\/uploads\/2022\/01\/headerchien.jpg","contentUrl":"https:\/\/www.bretzel-liquide.com\/blog\/wp-content\/uploads\/2022\/01\/headerchien.jpg","width":150,"height":147,"caption":"Yves Brette"},"logo":{"@id":"https:\/\/www.bretzel-liquide.com\/blog\/wp-content\/uploads\/2022\/01\/headerchien.jpg"},"sameAs":["http:\/\/www.bretzel-liquide.com\/blog"],"url":"https:\/\/www.bretzel-liquide.com\/blog\/author\/yves\/"}]}},"_links":{"self":[{"href":"https:\/\/www.bretzel-liquide.com\/blog\/wp-json\/wp\/v2\/posts\/11835","targetHints":{"allow":["GET"]}}],"collection":[{"href":"https:\/\/www.bretzel-liquide.com\/blog\/wp-json\/wp\/v2\/posts"}],"about":[{"href":"https:\/\/www.bretzel-liquide.com\/blog\/wp-json\/wp\/v2\/types\/post"}],"author":[{"embeddable":true,"href":"https:\/\/www.bretzel-liquide.com\/blog\/wp-json\/wp\/v2\/users\/1"}],"replies":[{"embeddable":true,"href":"https:\/\/www.bretzel-liquide.com\/blog\/wp-json\/wp\/v2\/comments?post=11835"}],"version-history":[{"count":2,"href":"https:\/\/www.bretzel-liquide.com\/blog\/wp-json\/wp\/v2\/posts\/11835\/revisions"}],"predecessor-version":[{"id":11837,"href":"https:\/\/www.bretzel-liquide.com\/blog\/wp-json\/wp\/v2\/posts\/11835\/revisions\/11837"}],"wp:attachment":[{"href":"https:\/\/www.bretzel-liquide.com\/blog\/wp-json\/wp\/v2\/media?parent=11835"}],"wp:term":[{"taxonomy":"category","embeddable":true,"href":"https:\/\/www.bretzel-liquide.com\/blog\/wp-json\/wp\/v2\/categories?post=11835"},{"taxonomy":"post_tag","embeddable":true,"href":"https:\/\/www.bretzel-liquide.com\/blog\/wp-json\/wp\/v2\/tags?post=11835"}],"curies":[{"name":"wp","href":"https:\/\/api.w.org\/{rel}","templated":true}]}}