{"id":1188,"date":"2022-03-02T18:28:06","date_gmt":"2022-03-02T17:28:06","guid":{"rendered":"https:\/\/www.bretzel-liquide.com\/blog\/?p=1188"},"modified":"2022-03-02T18:28:06","modified_gmt":"2022-03-02T17:28:06","slug":"emmanuel-macron-allocution-a-20-heures","status":"publish","type":"post","link":"https:\/\/www.bretzel-liquide.com\/blog\/2022\/03\/02\/emmanuel-macron-allocution-a-20-heures\/","title":{"rendered":"Emmanuel Macron : allocution \u00e0 20 heures"},"content":{"rendered":"\n<p>Emmanuel Macron : allocution \u00e0 20 heures pour annoncer les mesures prises par la France suite au d\u00e9c\u00e8s de Jean-Pierre Pernaut<\/p>\n\n\n\n<p>Dans son allocution du jeudi 24 f\u00e9vrier, Emmanuel Macron avait pris l\u2019engagement de tenir inform\u00e9s les Fran\u00e7ais de l\u2019\u00e9volution de l&rsquo;\u00e9tat de sant\u00e9 du journaliste. Il s&rsquo;exprimera ce mercredi \u00e0 20 heures dans une allocution solennelle. La France ne restera pas les bras crois\u00e9s suite \u00e0 un \u00e9v\u00e8nement d&rsquo;une telle ampleur. De l&rsquo;aide humanitaire va \u00eatre envoy\u00e9e en urgence aux fid\u00e8les de TF1 et des cellules de soutien psychologique seront accessibles via un num\u00e9ro vert qui va \u00eatre cr\u00e9\u00e9 dans les minutes qui viennent par Jean Castex.<\/p>\n\n\n\n<p>De son c\u00f4t\u00e9, dans son discours sur l&rsquo;\u00e9tat de l&rsquo;Union, Joe Biden a rendu un hommage vibrant au pr\u00e9sentateur du JT de TF1, une\u00a0\u00ab\u00a0l\u00e9gende\u00a0\u00bb\u00a0qui est \u00ab\u00a0plus d\u00e9c\u00e9d\u00e9e que jamais\u00a0\u00bb. \u00ab\u00a0Nous sommes pr\u00eats, nous sommes unis dans la douleur\u00a0\u00bb, a martel\u00e9 le pr\u00e9sident am\u00e9ricain. source : <a href=\"https:\/\/www.bfmtv.com\/international\/asie\/russie\/guerre-en-ukraine-emmanuel-macron-s-exprimera-ce-mercredi-a-20-heures_AN-202203020206.html\" target=\"_blank\" rel=\"noreferrer noopener\">BFMTV<\/a> en partenariat avec BZLTV et l&rsquo;Agence France Brette<\/p>\n","protected":false},"excerpt":{"rendered":"<p>Emmanuel Macron : allocution \u00e0 20 heures pour annoncer les mesures prises par la France suite au d\u00e9c\u00e8s de Jean-Pierre Pernaut Dans son allocution du jeudi 24 f\u00e9vrier, Emmanuel Macron avait pris l\u2019engagement de tenir inform\u00e9s les Fran\u00e7ais de l\u2019\u00e9volution de l&rsquo;\u00e9tat de sant\u00e9 du journaliste. Il s&rsquo;exprimera ce mercredi \u00e0 20 heures dans une [&hellip;]<\/p>\n","protected":false},"author":1,"featured_media":0,"comment_status":"open","ping_status":"open","sticky":false,"template":"","format":"standard","meta":{"footnotes":""},"categories":[58,159],"tags":[59,67,240,64,70],"class_list":["post-1188","post","type-post","status-publish","format-standard","hentry","category-agence-france-brette","category-bretzel-surprise","tag-actualite","tag-agence-france-brette","tag-emmanuel-macron","tag-mort","tag-politique"],"yoast_head":"<!-- This site is optimized with the Yoast SEO plugin v27.4 - https:\/\/yoast.com\/product\/yoast-seo-wordpress\/ -->\n<title>Emmanuel Macron : allocution \u00e0 20 heures - \u00e0 l&#039;ombre d&#039;un paradoxe en fleur<\/title>\n<meta name=\"description\" content=\"Emmanuel Macron : allocution \u00e0 20 heures pour annoncer les mesures prises par la France suite au d\u00e9c\u00e8s de Jean-Pierre Pernaut\" \/>\n<meta name=\"robots\" content=\"index, follow, max-snippet:-1, max-image-preview:large, max-video-preview:-1\" \/>\n<link rel=\"canonical\" href=\"https:\/\/www.bretzel-liquide.com\/blog\/2022\/03\/02\/emmanuel-macron-allocution-a-20-heures\/\" \/>\n<meta property=\"og:locale\" content=\"fr_FR\" \/>\n<meta property=\"og:type\" content=\"article\" \/>\n<meta property=\"og:title\" content=\"Emmanuel Macron : allocution \u00e0 20 heures - \u00e0 l&#039;ombre d&#039;un paradoxe en fleur\" \/>\n<meta property=\"og:description\" content=\"Emmanuel Macron : allocution \u00e0 20 heures pour annoncer les mesures prises par la France suite au d\u00e9c\u00e8s de Jean-Pierre Pernaut\" \/>\n<meta property=\"og:url\" content=\"https:\/\/www.bretzel-liquide.com\/blog\/2022\/03\/02\/emmanuel-macron-allocution-a-20-heures\/\" \/>\n<meta property=\"og:site_name\" content=\"\u00e0 l&#039;ombre d&#039;un paradoxe en fleur\" \/>\n<meta property=\"article:published_time\" content=\"2022-03-02T17:28:06+00:00\" \/>\n<meta name=\"author\" content=\"Yves Brette\" \/>\n<meta name=\"twitter:card\" content=\"summary_large_image\" \/>\n<meta name=\"twitter:label1\" content=\"\u00c9crit par\" \/>\n\t<meta name=\"twitter:data1\" content=\"Yves Brette\" \/>\n\t<meta name=\"twitter:label2\" content=\"Dur\u00e9e de lecture estim\u00e9e\" \/>\n\t<meta name=\"twitter:data2\" content=\"1 minute\" \/>\n<script type=\"application\/ld+json\" class=\"yoast-schema-graph\">{\"@context\":\"https:\\\/\\\/schema.org\",\"@graph\":[{\"@type\":\"Article\",\"@id\":\"https:\\\/\\\/www.bretzel-liquide.com\\\/blog\\\/2022\\\/03\\\/02\\\/emmanuel-macron-allocution-a-20-heures\\\/#article\",\"isPartOf\":{\"@id\":\"https:\\\/\\\/www.bretzel-liquide.com\\\/blog\\\/2022\\\/03\\\/02\\\/emmanuel-macron-allocution-a-20-heures\\\/\"},\"author\":{\"name\":\"Yves Brette\",\"@id\":\"https:\\\/\\\/www.bretzel-liquide.com\\\/blog\\\/#\\\/schema\\\/person\\\/16b498860410bff000499934f159633d\"},\"headline\":\"Emmanuel Macron : allocution \u00e0 20 heures\",\"datePublished\":\"2022-03-02T17:28:06+00:00\",\"mainEntityOfPage\":{\"@id\":\"https:\\\/\\\/www.bretzel-liquide.com\\\/blog\\\/2022\\\/03\\\/02\\\/emmanuel-macron-allocution-a-20-heures\\\/\"},\"wordCount\":188,\"commentCount\":0,\"publisher\":{\"@id\":\"https:\\\/\\\/www.bretzel-liquide.com\\\/blog\\\/#\\\/schema\\\/person\\\/16b498860410bff000499934f159633d\"},\"keywords\":[\"actualit\u00e9\",\"Agence France-Brette\",\"emmanuel macron\",\"mort\",\"politique\"],\"articleSection\":[\"Agence France-Brette\",\"bretzel surprise\"],\"inLanguage\":\"fr-FR\",\"potentialAction\":[{\"@type\":\"CommentAction\",\"name\":\"Comment\",\"target\":[\"https:\\\/\\\/www.bretzel-liquide.com\\\/blog\\\/2022\\\/03\\\/02\\\/emmanuel-macron-allocution-a-20-heures\\\/#respond\"]}]},{\"@type\":\"WebPage\",\"@id\":\"https:\\\/\\\/www.bretzel-liquide.com\\\/blog\\\/2022\\\/03\\\/02\\\/emmanuel-macron-allocution-a-20-heures\\\/\",\"url\":\"https:\\\/\\\/www.bretzel-liquide.com\\\/blog\\\/2022\\\/03\\\/02\\\/emmanuel-macron-allocution-a-20-heures\\\/\",\"name\":\"Emmanuel Macron : allocution \u00e0 20 heures - \u00e0 l&#039;ombre d&#039;un paradoxe en fleur\",\"isPartOf\":{\"@id\":\"https:\\\/\\\/www.bretzel-liquide.com\\\/blog\\\/#website\"},\"datePublished\":\"2022-03-02T17:28:06+00:00\",\"description\":\"Emmanuel Macron : allocution \u00e0 20 heures pour annoncer les mesures prises par la France suite au d\u00e9c\u00e8s de Jean-Pierre Pernaut\",\"breadcrumb\":{\"@id\":\"https:\\\/\\\/www.bretzel-liquide.com\\\/blog\\\/2022\\\/03\\\/02\\\/emmanuel-macron-allocution-a-20-heures\\\/#breadcrumb\"},\"inLanguage\":\"fr-FR\",\"potentialAction\":[{\"@type\":\"ReadAction\",\"target\":[\"https:\\\/\\\/www.bretzel-liquide.com\\\/blog\\\/2022\\\/03\\\/02\\\/emmanuel-macron-allocution-a-20-heures\\\/\"]}]},{\"@type\":\"BreadcrumbList\",\"@id\":\"https:\\\/\\\/www.bretzel-liquide.com\\\/blog\\\/2022\\\/03\\\/02\\\/emmanuel-macron-allocution-a-20-heures\\\/#breadcrumb\",\"itemListElement\":[{\"@type\":\"ListItem\",\"position\":1,\"name\":\"Accueil\",\"item\":\"https:\\\/\\\/www.bretzel-liquide.com\\\/blog\\\/\"},{\"@type\":\"ListItem\",\"position\":2,\"name\":\"Emmanuel Macron : allocution \u00e0 20 heures\"}]},{\"@type\":\"WebSite\",\"@id\":\"https:\\\/\\\/www.bretzel-liquide.com\\\/blog\\\/#website\",\"url\":\"https:\\\/\\\/www.bretzel-liquide.com\\\/blog\\\/\",\"name\":\"\u00e0 l&#039;ombre d&#039;un paradoxe en fleur\",\"description\":\"la face nord du bretzel liquide : humour absurde, images \u00e9tranges, microblogging\",\"publisher\":{\"@id\":\"https:\\\/\\\/www.bretzel-liquide.com\\\/blog\\\/#\\\/schema\\\/person\\\/16b498860410bff000499934f159633d\"},\"potentialAction\":[{\"@type\":\"SearchAction\",\"target\":{\"@type\":\"EntryPoint\",\"urlTemplate\":\"https:\\\/\\\/www.bretzel-liquide.com\\\/blog\\\/?s={search_term_string}\"},\"query-input\":{\"@type\":\"PropertyValueSpecification\",\"valueRequired\":true,\"valueName\":\"search_term_string\"}}],\"inLanguage\":\"fr-FR\"},{\"@type\":[\"Person\",\"Organization\"],\"@id\":\"https:\\\/\\\/www.bretzel-liquide.com\\\/blog\\\/#\\\/schema\\\/person\\\/16b498860410bff000499934f159633d\",\"name\":\"Yves Brette\",\"image\":{\"@type\":\"ImageObject\",\"inLanguage\":\"fr-FR\",\"@id\":\"https:\\\/\\\/www.bretzel-liquide.com\\\/blog\\\/wp-content\\\/uploads\\\/2022\\\/01\\\/headerchien.jpg\",\"url\":\"https:\\\/\\\/www.bretzel-liquide.com\\\/blog\\\/wp-content\\\/uploads\\\/2022\\\/01\\\/headerchien.jpg\",\"contentUrl\":\"https:\\\/\\\/www.bretzel-liquide.com\\\/blog\\\/wp-content\\\/uploads\\\/2022\\\/01\\\/headerchien.jpg\",\"width\":150,\"height\":147,\"caption\":\"Yves Brette\"},\"logo\":{\"@id\":\"https:\\\/\\\/www.bretzel-liquide.com\\\/blog\\\/wp-content\\\/uploads\\\/2022\\\/01\\\/headerchien.jpg\"},\"sameAs\":[\"http:\\\/\\\/www.bretzel-liquide.com\\\/blog\"],\"url\":\"https:\\\/\\\/www.bretzel-liquide.com\\\/blog\\\/author\\\/yves\\\/\"}]}<\/script>\n<!-- \/ Yoast SEO plugin. -->","yoast_head_json":{"title":"Emmanuel Macron : allocution \u00e0 20 heures - \u00e0 l&#039;ombre d&#039;un paradoxe en fleur","description":"Emmanuel Macron : allocution \u00e0 20 heures pour annoncer les mesures prises par la France suite au d\u00e9c\u00e8s de Jean-Pierre Pernaut","robots":{"index":"index","follow":"follow","max-snippet":"max-snippet:-1","max-image-preview":"max-image-preview:large","max-video-preview":"max-video-preview:-1"},"canonical":"https:\/\/www.bretzel-liquide.com\/blog\/2022\/03\/02\/emmanuel-macron-allocution-a-20-heures\/","og_locale":"fr_FR","og_type":"article","og_title":"Emmanuel Macron : allocution \u00e0 20 heures - \u00e0 l&#039;ombre d&#039;un paradoxe en fleur","og_description":"Emmanuel Macron : allocution \u00e0 20 heures pour annoncer les mesures prises par la France suite au d\u00e9c\u00e8s de Jean-Pierre Pernaut","og_url":"https:\/\/www.bretzel-liquide.com\/blog\/2022\/03\/02\/emmanuel-macron-allocution-a-20-heures\/","og_site_name":"\u00e0 l&#039;ombre d&#039;un paradoxe en fleur","article_published_time":"2022-03-02T17:28:06+00:00","author":"Yves Brette","twitter_card":"summary_large_image","twitter_misc":{"\u00c9crit par":"Yves Brette","Dur\u00e9e de lecture estim\u00e9e":"1 minute"},"schema":{"@context":"https:\/\/schema.org","@graph":[{"@type":"Article","@id":"https:\/\/www.bretzel-liquide.com\/blog\/2022\/03\/02\/emmanuel-macron-allocution-a-20-heures\/#article","isPartOf":{"@id":"https:\/\/www.bretzel-liquide.com\/blog\/2022\/03\/02\/emmanuel-macron-allocution-a-20-heures\/"},"author":{"name":"Yves Brette","@id":"https:\/\/www.bretzel-liquide.com\/blog\/#\/schema\/person\/16b498860410bff000499934f159633d"},"headline":"Emmanuel Macron : allocution \u00e0 20 heures","datePublished":"2022-03-02T17:28:06+00:00","mainEntityOfPage":{"@id":"https:\/\/www.bretzel-liquide.com\/blog\/2022\/03\/02\/emmanuel-macron-allocution-a-20-heures\/"},"wordCount":188,"commentCount":0,"publisher":{"@id":"https:\/\/www.bretzel-liquide.com\/blog\/#\/schema\/person\/16b498860410bff000499934f159633d"},"keywords":["actualit\u00e9","Agence France-Brette","emmanuel macron","mort","politique"],"articleSection":["Agence France-Brette","bretzel surprise"],"inLanguage":"fr-FR","potentialAction":[{"@type":"CommentAction","name":"Comment","target":["https:\/\/www.bretzel-liquide.com\/blog\/2022\/03\/02\/emmanuel-macron-allocution-a-20-heures\/#respond"]}]},{"@type":"WebPage","@id":"https:\/\/www.bretzel-liquide.com\/blog\/2022\/03\/02\/emmanuel-macron-allocution-a-20-heures\/","url":"https:\/\/www.bretzel-liquide.com\/blog\/2022\/03\/02\/emmanuel-macron-allocution-a-20-heures\/","name":"Emmanuel Macron : allocution \u00e0 20 heures - \u00e0 l&#039;ombre d&#039;un paradoxe en fleur","isPartOf":{"@id":"https:\/\/www.bretzel-liquide.com\/blog\/#website"},"datePublished":"2022-03-02T17:28:06+00:00","description":"Emmanuel Macron : allocution \u00e0 20 heures pour annoncer les mesures prises par la France suite au d\u00e9c\u00e8s de Jean-Pierre Pernaut","breadcrumb":{"@id":"https:\/\/www.bretzel-liquide.com\/blog\/2022\/03\/02\/emmanuel-macron-allocution-a-20-heures\/#breadcrumb"},"inLanguage":"fr-FR","potentialAction":[{"@type":"ReadAction","target":["https:\/\/www.bretzel-liquide.com\/blog\/2022\/03\/02\/emmanuel-macron-allocution-a-20-heures\/"]}]},{"@type":"BreadcrumbList","@id":"https:\/\/www.bretzel-liquide.com\/blog\/2022\/03\/02\/emmanuel-macron-allocution-a-20-heures\/#breadcrumb","itemListElement":[{"@type":"ListItem","position":1,"name":"Accueil","item":"https:\/\/www.bretzel-liquide.com\/blog\/"},{"@type":"ListItem","position":2,"name":"Emmanuel Macron : allocution \u00e0 20 heures"}]},{"@type":"WebSite","@id":"https:\/\/www.bretzel-liquide.com\/blog\/#website","url":"https:\/\/www.bretzel-liquide.com\/blog\/","name":"\u00e0 l&#039;ombre d&#039;un paradoxe en fleur","description":"la face nord du bretzel liquide : humour absurde, images \u00e9tranges, microblogging","publisher":{"@id":"https:\/\/www.bretzel-liquide.com\/blog\/#\/schema\/person\/16b498860410bff000499934f159633d"},"potentialAction":[{"@type":"SearchAction","target":{"@type":"EntryPoint","urlTemplate":"https:\/\/www.bretzel-liquide.com\/blog\/?s={search_term_string}"},"query-input":{"@type":"PropertyValueSpecification","valueRequired":true,"valueName":"search_term_string"}}],"inLanguage":"fr-FR"},{"@type":["Person","Organization"],"@id":"https:\/\/www.bretzel-liquide.com\/blog\/#\/schema\/person\/16b498860410bff000499934f159633d","name":"Yves Brette","image":{"@type":"ImageObject","inLanguage":"fr-FR","@id":"https:\/\/www.bretzel-liquide.com\/blog\/wp-content\/uploads\/2022\/01\/headerchien.jpg","url":"https:\/\/www.bretzel-liquide.com\/blog\/wp-content\/uploads\/2022\/01\/headerchien.jpg","contentUrl":"https:\/\/www.bretzel-liquide.com\/blog\/wp-content\/uploads\/2022\/01\/headerchien.jpg","width":150,"height":147,"caption":"Yves Brette"},"logo":{"@id":"https:\/\/www.bretzel-liquide.com\/blog\/wp-content\/uploads\/2022\/01\/headerchien.jpg"},"sameAs":["http:\/\/www.bretzel-liquide.com\/blog"],"url":"https:\/\/www.bretzel-liquide.com\/blog\/author\/yves\/"}]}},"_links":{"self":[{"href":"https:\/\/www.bretzel-liquide.com\/blog\/wp-json\/wp\/v2\/posts\/1188","targetHints":{"allow":["GET"]}}],"collection":[{"href":"https:\/\/www.bretzel-liquide.com\/blog\/wp-json\/wp\/v2\/posts"}],"about":[{"href":"https:\/\/www.bretzel-liquide.com\/blog\/wp-json\/wp\/v2\/types\/post"}],"author":[{"embeddable":true,"href":"https:\/\/www.bretzel-liquide.com\/blog\/wp-json\/wp\/v2\/users\/1"}],"replies":[{"embeddable":true,"href":"https:\/\/www.bretzel-liquide.com\/blog\/wp-json\/wp\/v2\/comments?post=1188"}],"version-history":[{"count":1,"href":"https:\/\/www.bretzel-liquide.com\/blog\/wp-json\/wp\/v2\/posts\/1188\/revisions"}],"predecessor-version":[{"id":1189,"href":"https:\/\/www.bretzel-liquide.com\/blog\/wp-json\/wp\/v2\/posts\/1188\/revisions\/1189"}],"wp:attachment":[{"href":"https:\/\/www.bretzel-liquide.com\/blog\/wp-json\/wp\/v2\/media?parent=1188"}],"wp:term":[{"taxonomy":"category","embeddable":true,"href":"https:\/\/www.bretzel-liquide.com\/blog\/wp-json\/wp\/v2\/categories?post=1188"},{"taxonomy":"post_tag","embeddable":true,"href":"https:\/\/www.bretzel-liquide.com\/blog\/wp-json\/wp\/v2\/tags?post=1188"}],"curies":[{"name":"wp","href":"https:\/\/api.w.org\/{rel}","templated":true}]}}