{"id":12322,"date":"2024-07-07T09:22:08","date_gmt":"2024-07-07T07:22:08","guid":{"rendered":"https:\/\/www.bretzel-liquide.com\/blog\/?p=12322"},"modified":"2024-07-07T10:02:47","modified_gmt":"2024-07-07T08:02:47","slug":"choisir-des-murs-assortis-a-mes-cheveux","status":"publish","type":"post","link":"https:\/\/www.bretzel-liquide.com\/blog\/2024\/07\/07\/choisir-des-murs-assortis-a-mes-cheveux\/","title":{"rendered":"choisir des murs assortis \u00e0 mes cheveux"},"content":{"rendered":"\n<figure class=\"wp-block-image size-large\"><a href=\"https:\/\/www.bretzel-liquide.com\/blog\/wp-content\/uploads\/2024\/07\/Franck-Gerard-des-murs-assortis-a-mes-cheveux.jpg\"><img loading=\"lazy\" decoding=\"async\" width=\"819\" height=\"1024\" src=\"https:\/\/www.bretzel-liquide.com\/blog\/wp-content\/uploads\/2024\/07\/Franck-Gerard-des-murs-assortis-a-mes-cheveux-819x1024.jpg\" alt=\"choisir des murs assortis \u00e0 mes cheveux. Franck G\u00e9rard, \u00e9lections\" class=\"wp-image-12323\" srcset=\"https:\/\/www.bretzel-liquide.com\/blog\/wp-content\/uploads\/2024\/07\/Franck-Gerard-des-murs-assortis-a-mes-cheveux-819x1024.jpg 819w, https:\/\/www.bretzel-liquide.com\/blog\/wp-content\/uploads\/2024\/07\/Franck-Gerard-des-murs-assortis-a-mes-cheveux-240x300.jpg 240w, https:\/\/www.bretzel-liquide.com\/blog\/wp-content\/uploads\/2024\/07\/Franck-Gerard-des-murs-assortis-a-mes-cheveux-768x960.jpg 768w, https:\/\/www.bretzel-liquide.com\/blog\/wp-content\/uploads\/2024\/07\/Franck-Gerard-des-murs-assortis-a-mes-cheveux-1229x1536.jpg 1229w, https:\/\/www.bretzel-liquide.com\/blog\/wp-content\/uploads\/2024\/07\/Franck-Gerard-des-murs-assortis-a-mes-cheveux-1200x1500.jpg 1200w, https:\/\/www.bretzel-liquide.com\/blog\/wp-content\/uploads\/2024\/07\/Franck-Gerard-des-murs-assortis-a-mes-cheveux.jpg 1280w\" sizes=\"auto, (max-width: 819px) 100vw, 819px\" \/><\/a><\/figure>\n\n\n\n<p>choisir des murs assortis \u00e0 mes cheveux<\/p>\n\n\n\n<p>Franck G\u00e9rard, \u00e9lections (<a href=\"https:\/\/franckgerardart.com\/\" target=\"_blank\" rel=\"noreferrer noopener\">site web<\/a>)<\/p>\n\n\n\n<p>alt : une femme blonde, de dos, regarde le ciel bleu dans un espace d\u00e9coup\u00e9 par des pans de murs jaunes<\/p>\n","protected":false},"excerpt":{"rendered":"<p>choisir des murs assortis \u00e0 mes cheveux Franck G\u00e9rard, \u00e9lections (site web) alt : une femme blonde, de dos, regarde le ciel bleu dans un espace d\u00e9coup\u00e9 par des pans de murs jaunes<\/p>\n","protected":false},"author":1,"featured_media":0,"comment_status":"open","ping_status":"open","sticky":false,"template":"","format":"standard","meta":{"footnotes":""},"categories":[58,347,9],"tags":[196,1639,4,70],"class_list":["post-12322","post","type-post","status-publish","format-standard","hentry","category-agence-france-brette","category-exercice-illegal-de-la-profession-de-coiffeur","category-ma-brette-zele-tophe","tag-cheveux","tag-franck-gerard","tag-photo","tag-politique"],"yoast_head":"<!-- This site is optimized with the Yoast SEO plugin v27.4 - https:\/\/yoast.com\/product\/yoast-seo-wordpress\/ -->\n<title>choisir des murs assortis \u00e0 mes cheveux - \u00e0 l&#039;ombre d&#039;un paradoxe en fleur<\/title>\n<meta name=\"description\" content=\"choisir des murs assortis \u00e0 mes cheveux. Franck G\u00e9rard, \u00e9lections. alt : femme blonde \/ ciel bleu \/ murs jaunes\" \/>\n<meta name=\"robots\" content=\"index, follow, max-snippet:-1, max-image-preview:large, max-video-preview:-1\" \/>\n<link rel=\"canonical\" href=\"https:\/\/www.bretzel-liquide.com\/blog\/2024\/07\/07\/choisir-des-murs-assortis-a-mes-cheveux\/\" \/>\n<meta property=\"og:locale\" content=\"fr_FR\" \/>\n<meta property=\"og:type\" content=\"article\" \/>\n<meta property=\"og:title\" content=\"choisir des murs assortis \u00e0 mes cheveux - \u00e0 l&#039;ombre d&#039;un paradoxe en fleur\" \/>\n<meta property=\"og:description\" content=\"choisir des murs assortis \u00e0 mes cheveux. Franck G\u00e9rard, \u00e9lections. alt : femme blonde \/ ciel bleu \/ murs jaunes\" \/>\n<meta property=\"og:url\" content=\"https:\/\/www.bretzel-liquide.com\/blog\/2024\/07\/07\/choisir-des-murs-assortis-a-mes-cheveux\/\" \/>\n<meta property=\"og:site_name\" content=\"\u00e0 l&#039;ombre d&#039;un paradoxe en fleur\" \/>\n<meta property=\"article:published_time\" content=\"2024-07-07T07:22:08+00:00\" \/>\n<meta property=\"article:modified_time\" content=\"2024-07-07T08:02:47+00:00\" \/>\n<meta property=\"og:image\" content=\"https:\/\/www.bretzel-liquide.com\/blog\/wp-content\/uploads\/2024\/07\/Franck-Gerard-des-murs-assortis-a-mes-cheveux-819x1024.jpg\" \/>\n<meta name=\"author\" content=\"Yves Brette\" \/>\n<meta name=\"twitter:card\" content=\"summary_large_image\" \/>\n<meta name=\"twitter:label1\" content=\"\u00c9crit par\" \/>\n\t<meta name=\"twitter:data1\" content=\"Yves Brette\" \/>\n<script type=\"application\/ld+json\" class=\"yoast-schema-graph\">{\"@context\":\"https:\\\/\\\/schema.org\",\"@graph\":[{\"@type\":\"Article\",\"@id\":\"https:\\\/\\\/www.bretzel-liquide.com\\\/blog\\\/2024\\\/07\\\/07\\\/choisir-des-murs-assortis-a-mes-cheveux\\\/#article\",\"isPartOf\":{\"@id\":\"https:\\\/\\\/www.bretzel-liquide.com\\\/blog\\\/2024\\\/07\\\/07\\\/choisir-des-murs-assortis-a-mes-cheveux\\\/\"},\"author\":{\"name\":\"Yves Brette\",\"@id\":\"https:\\\/\\\/www.bretzel-liquide.com\\\/blog\\\/#\\\/schema\\\/person\\\/16b498860410bff000499934f159633d\"},\"headline\":\"choisir des murs assortis \u00e0 mes cheveux\",\"datePublished\":\"2024-07-07T07:22:08+00:00\",\"dateModified\":\"2024-07-07T08:02:47+00:00\",\"mainEntityOfPage\":{\"@id\":\"https:\\\/\\\/www.bretzel-liquide.com\\\/blog\\\/2024\\\/07\\\/07\\\/choisir-des-murs-assortis-a-mes-cheveux\\\/\"},\"wordCount\":39,\"commentCount\":0,\"publisher\":{\"@id\":\"https:\\\/\\\/www.bretzel-liquide.com\\\/blog\\\/#\\\/schema\\\/person\\\/16b498860410bff000499934f159633d\"},\"image\":{\"@id\":\"https:\\\/\\\/www.bretzel-liquide.com\\\/blog\\\/2024\\\/07\\\/07\\\/choisir-des-murs-assortis-a-mes-cheveux\\\/#primaryimage\"},\"thumbnailUrl\":\"https:\\\/\\\/www.bretzel-liquide.com\\\/blog\\\/wp-content\\\/uploads\\\/2024\\\/07\\\/Franck-Gerard-des-murs-assortis-a-mes-cheveux-819x1024.jpg\",\"keywords\":[\"cheveux\",\"Franck G\u00e9rard\",\"photo\",\"politique\"],\"articleSection\":[\"Agence France-Brette\",\"exercice ill\u00e9gal de la profession de coiffeur\",\"Ma (brette) Z\u00e8le Tophe !\"],\"inLanguage\":\"fr-FR\",\"potentialAction\":[{\"@type\":\"CommentAction\",\"name\":\"Comment\",\"target\":[\"https:\\\/\\\/www.bretzel-liquide.com\\\/blog\\\/2024\\\/07\\\/07\\\/choisir-des-murs-assortis-a-mes-cheveux\\\/#respond\"]}]},{\"@type\":\"WebPage\",\"@id\":\"https:\\\/\\\/www.bretzel-liquide.com\\\/blog\\\/2024\\\/07\\\/07\\\/choisir-des-murs-assortis-a-mes-cheveux\\\/\",\"url\":\"https:\\\/\\\/www.bretzel-liquide.com\\\/blog\\\/2024\\\/07\\\/07\\\/choisir-des-murs-assortis-a-mes-cheveux\\\/\",\"name\":\"choisir des murs assortis \u00e0 mes cheveux - \u00e0 l&#039;ombre d&#039;un paradoxe en fleur\",\"isPartOf\":{\"@id\":\"https:\\\/\\\/www.bretzel-liquide.com\\\/blog\\\/#website\"},\"primaryImageOfPage\":{\"@id\":\"https:\\\/\\\/www.bretzel-liquide.com\\\/blog\\\/2024\\\/07\\\/07\\\/choisir-des-murs-assortis-a-mes-cheveux\\\/#primaryimage\"},\"image\":{\"@id\":\"https:\\\/\\\/www.bretzel-liquide.com\\\/blog\\\/2024\\\/07\\\/07\\\/choisir-des-murs-assortis-a-mes-cheveux\\\/#primaryimage\"},\"thumbnailUrl\":\"https:\\\/\\\/www.bretzel-liquide.com\\\/blog\\\/wp-content\\\/uploads\\\/2024\\\/07\\\/Franck-Gerard-des-murs-assortis-a-mes-cheveux-819x1024.jpg\",\"datePublished\":\"2024-07-07T07:22:08+00:00\",\"dateModified\":\"2024-07-07T08:02:47+00:00\",\"description\":\"choisir des murs assortis \u00e0 mes cheveux. Franck G\u00e9rard, \u00e9lections. alt : femme blonde \\\/ ciel bleu \\\/ murs jaunes\",\"breadcrumb\":{\"@id\":\"https:\\\/\\\/www.bretzel-liquide.com\\\/blog\\\/2024\\\/07\\\/07\\\/choisir-des-murs-assortis-a-mes-cheveux\\\/#breadcrumb\"},\"inLanguage\":\"fr-FR\",\"potentialAction\":[{\"@type\":\"ReadAction\",\"target\":[\"https:\\\/\\\/www.bretzel-liquide.com\\\/blog\\\/2024\\\/07\\\/07\\\/choisir-des-murs-assortis-a-mes-cheveux\\\/\"]}]},{\"@type\":\"ImageObject\",\"inLanguage\":\"fr-FR\",\"@id\":\"https:\\\/\\\/www.bretzel-liquide.com\\\/blog\\\/2024\\\/07\\\/07\\\/choisir-des-murs-assortis-a-mes-cheveux\\\/#primaryimage\",\"url\":\"https:\\\/\\\/www.bretzel-liquide.com\\\/blog\\\/wp-content\\\/uploads\\\/2024\\\/07\\\/Franck-Gerard-des-murs-assortis-a-mes-cheveux.jpg\",\"contentUrl\":\"https:\\\/\\\/www.bretzel-liquide.com\\\/blog\\\/wp-content\\\/uploads\\\/2024\\\/07\\\/Franck-Gerard-des-murs-assortis-a-mes-cheveux.jpg\",\"width\":1280,\"height\":1600},{\"@type\":\"BreadcrumbList\",\"@id\":\"https:\\\/\\\/www.bretzel-liquide.com\\\/blog\\\/2024\\\/07\\\/07\\\/choisir-des-murs-assortis-a-mes-cheveux\\\/#breadcrumb\",\"itemListElement\":[{\"@type\":\"ListItem\",\"position\":1,\"name\":\"Accueil\",\"item\":\"https:\\\/\\\/www.bretzel-liquide.com\\\/blog\\\/\"},{\"@type\":\"ListItem\",\"position\":2,\"name\":\"choisir des murs assortis \u00e0 mes cheveux\"}]},{\"@type\":\"WebSite\",\"@id\":\"https:\\\/\\\/www.bretzel-liquide.com\\\/blog\\\/#website\",\"url\":\"https:\\\/\\\/www.bretzel-liquide.com\\\/blog\\\/\",\"name\":\"\u00e0 l&#039;ombre d&#039;un paradoxe en fleur\",\"description\":\"la face nord du bretzel liquide : humour absurde, images \u00e9tranges, microblogging\",\"publisher\":{\"@id\":\"https:\\\/\\\/www.bretzel-liquide.com\\\/blog\\\/#\\\/schema\\\/person\\\/16b498860410bff000499934f159633d\"},\"potentialAction\":[{\"@type\":\"SearchAction\",\"target\":{\"@type\":\"EntryPoint\",\"urlTemplate\":\"https:\\\/\\\/www.bretzel-liquide.com\\\/blog\\\/?s={search_term_string}\"},\"query-input\":{\"@type\":\"PropertyValueSpecification\",\"valueRequired\":true,\"valueName\":\"search_term_string\"}}],\"inLanguage\":\"fr-FR\"},{\"@type\":[\"Person\",\"Organization\"],\"@id\":\"https:\\\/\\\/www.bretzel-liquide.com\\\/blog\\\/#\\\/schema\\\/person\\\/16b498860410bff000499934f159633d\",\"name\":\"Yves Brette\",\"image\":{\"@type\":\"ImageObject\",\"inLanguage\":\"fr-FR\",\"@id\":\"https:\\\/\\\/www.bretzel-liquide.com\\\/blog\\\/wp-content\\\/uploads\\\/2022\\\/01\\\/headerchien.jpg\",\"url\":\"https:\\\/\\\/www.bretzel-liquide.com\\\/blog\\\/wp-content\\\/uploads\\\/2022\\\/01\\\/headerchien.jpg\",\"contentUrl\":\"https:\\\/\\\/www.bretzel-liquide.com\\\/blog\\\/wp-content\\\/uploads\\\/2022\\\/01\\\/headerchien.jpg\",\"width\":150,\"height\":147,\"caption\":\"Yves Brette\"},\"logo\":{\"@id\":\"https:\\\/\\\/www.bretzel-liquide.com\\\/blog\\\/wp-content\\\/uploads\\\/2022\\\/01\\\/headerchien.jpg\"},\"sameAs\":[\"http:\\\/\\\/www.bretzel-liquide.com\\\/blog\"],\"url\":\"https:\\\/\\\/www.bretzel-liquide.com\\\/blog\\\/author\\\/yves\\\/\"}]}<\/script>\n<!-- \/ Yoast SEO plugin. -->","yoast_head_json":{"title":"choisir des murs assortis \u00e0 mes cheveux - \u00e0 l&#039;ombre d&#039;un paradoxe en fleur","description":"choisir des murs assortis \u00e0 mes cheveux. Franck G\u00e9rard, \u00e9lections. alt : femme blonde \/ ciel bleu \/ murs jaunes","robots":{"index":"index","follow":"follow","max-snippet":"max-snippet:-1","max-image-preview":"max-image-preview:large","max-video-preview":"max-video-preview:-1"},"canonical":"https:\/\/www.bretzel-liquide.com\/blog\/2024\/07\/07\/choisir-des-murs-assortis-a-mes-cheveux\/","og_locale":"fr_FR","og_type":"article","og_title":"choisir des murs assortis \u00e0 mes cheveux - \u00e0 l&#039;ombre d&#039;un paradoxe en fleur","og_description":"choisir des murs assortis \u00e0 mes cheveux. Franck G\u00e9rard, \u00e9lections. alt : femme blonde \/ ciel bleu \/ murs jaunes","og_url":"https:\/\/www.bretzel-liquide.com\/blog\/2024\/07\/07\/choisir-des-murs-assortis-a-mes-cheveux\/","og_site_name":"\u00e0 l&#039;ombre d&#039;un paradoxe en fleur","article_published_time":"2024-07-07T07:22:08+00:00","article_modified_time":"2024-07-07T08:02:47+00:00","og_image":[{"url":"https:\/\/www.bretzel-liquide.com\/blog\/wp-content\/uploads\/2024\/07\/Franck-Gerard-des-murs-assortis-a-mes-cheveux-819x1024.jpg","type":"","width":"","height":""}],"author":"Yves Brette","twitter_card":"summary_large_image","twitter_misc":{"\u00c9crit par":"Yves Brette"},"schema":{"@context":"https:\/\/schema.org","@graph":[{"@type":"Article","@id":"https:\/\/www.bretzel-liquide.com\/blog\/2024\/07\/07\/choisir-des-murs-assortis-a-mes-cheveux\/#article","isPartOf":{"@id":"https:\/\/www.bretzel-liquide.com\/blog\/2024\/07\/07\/choisir-des-murs-assortis-a-mes-cheveux\/"},"author":{"name":"Yves Brette","@id":"https:\/\/www.bretzel-liquide.com\/blog\/#\/schema\/person\/16b498860410bff000499934f159633d"},"headline":"choisir des murs assortis \u00e0 mes cheveux","datePublished":"2024-07-07T07:22:08+00:00","dateModified":"2024-07-07T08:02:47+00:00","mainEntityOfPage":{"@id":"https:\/\/www.bretzel-liquide.com\/blog\/2024\/07\/07\/choisir-des-murs-assortis-a-mes-cheveux\/"},"wordCount":39,"commentCount":0,"publisher":{"@id":"https:\/\/www.bretzel-liquide.com\/blog\/#\/schema\/person\/16b498860410bff000499934f159633d"},"image":{"@id":"https:\/\/www.bretzel-liquide.com\/blog\/2024\/07\/07\/choisir-des-murs-assortis-a-mes-cheveux\/#primaryimage"},"thumbnailUrl":"https:\/\/www.bretzel-liquide.com\/blog\/wp-content\/uploads\/2024\/07\/Franck-Gerard-des-murs-assortis-a-mes-cheveux-819x1024.jpg","keywords":["cheveux","Franck G\u00e9rard","photo","politique"],"articleSection":["Agence France-Brette","exercice ill\u00e9gal de la profession de coiffeur","Ma (brette) Z\u00e8le Tophe !"],"inLanguage":"fr-FR","potentialAction":[{"@type":"CommentAction","name":"Comment","target":["https:\/\/www.bretzel-liquide.com\/blog\/2024\/07\/07\/choisir-des-murs-assortis-a-mes-cheveux\/#respond"]}]},{"@type":"WebPage","@id":"https:\/\/www.bretzel-liquide.com\/blog\/2024\/07\/07\/choisir-des-murs-assortis-a-mes-cheveux\/","url":"https:\/\/www.bretzel-liquide.com\/blog\/2024\/07\/07\/choisir-des-murs-assortis-a-mes-cheveux\/","name":"choisir des murs assortis \u00e0 mes cheveux - \u00e0 l&#039;ombre d&#039;un paradoxe en fleur","isPartOf":{"@id":"https:\/\/www.bretzel-liquide.com\/blog\/#website"},"primaryImageOfPage":{"@id":"https:\/\/www.bretzel-liquide.com\/blog\/2024\/07\/07\/choisir-des-murs-assortis-a-mes-cheveux\/#primaryimage"},"image":{"@id":"https:\/\/www.bretzel-liquide.com\/blog\/2024\/07\/07\/choisir-des-murs-assortis-a-mes-cheveux\/#primaryimage"},"thumbnailUrl":"https:\/\/www.bretzel-liquide.com\/blog\/wp-content\/uploads\/2024\/07\/Franck-Gerard-des-murs-assortis-a-mes-cheveux-819x1024.jpg","datePublished":"2024-07-07T07:22:08+00:00","dateModified":"2024-07-07T08:02:47+00:00","description":"choisir des murs assortis \u00e0 mes cheveux. Franck G\u00e9rard, \u00e9lections. alt : femme blonde \/ ciel bleu \/ murs jaunes","breadcrumb":{"@id":"https:\/\/www.bretzel-liquide.com\/blog\/2024\/07\/07\/choisir-des-murs-assortis-a-mes-cheveux\/#breadcrumb"},"inLanguage":"fr-FR","potentialAction":[{"@type":"ReadAction","target":["https:\/\/www.bretzel-liquide.com\/blog\/2024\/07\/07\/choisir-des-murs-assortis-a-mes-cheveux\/"]}]},{"@type":"ImageObject","inLanguage":"fr-FR","@id":"https:\/\/www.bretzel-liquide.com\/blog\/2024\/07\/07\/choisir-des-murs-assortis-a-mes-cheveux\/#primaryimage","url":"https:\/\/www.bretzel-liquide.com\/blog\/wp-content\/uploads\/2024\/07\/Franck-Gerard-des-murs-assortis-a-mes-cheveux.jpg","contentUrl":"https:\/\/www.bretzel-liquide.com\/blog\/wp-content\/uploads\/2024\/07\/Franck-Gerard-des-murs-assortis-a-mes-cheveux.jpg","width":1280,"height":1600},{"@type":"BreadcrumbList","@id":"https:\/\/www.bretzel-liquide.com\/blog\/2024\/07\/07\/choisir-des-murs-assortis-a-mes-cheveux\/#breadcrumb","itemListElement":[{"@type":"ListItem","position":1,"name":"Accueil","item":"https:\/\/www.bretzel-liquide.com\/blog\/"},{"@type":"ListItem","position":2,"name":"choisir des murs assortis \u00e0 mes cheveux"}]},{"@type":"WebSite","@id":"https:\/\/www.bretzel-liquide.com\/blog\/#website","url":"https:\/\/www.bretzel-liquide.com\/blog\/","name":"\u00e0 l&#039;ombre d&#039;un paradoxe en fleur","description":"la face nord du bretzel liquide : humour absurde, images \u00e9tranges, microblogging","publisher":{"@id":"https:\/\/www.bretzel-liquide.com\/blog\/#\/schema\/person\/16b498860410bff000499934f159633d"},"potentialAction":[{"@type":"SearchAction","target":{"@type":"EntryPoint","urlTemplate":"https:\/\/www.bretzel-liquide.com\/blog\/?s={search_term_string}"},"query-input":{"@type":"PropertyValueSpecification","valueRequired":true,"valueName":"search_term_string"}}],"inLanguage":"fr-FR"},{"@type":["Person","Organization"],"@id":"https:\/\/www.bretzel-liquide.com\/blog\/#\/schema\/person\/16b498860410bff000499934f159633d","name":"Yves Brette","image":{"@type":"ImageObject","inLanguage":"fr-FR","@id":"https:\/\/www.bretzel-liquide.com\/blog\/wp-content\/uploads\/2022\/01\/headerchien.jpg","url":"https:\/\/www.bretzel-liquide.com\/blog\/wp-content\/uploads\/2022\/01\/headerchien.jpg","contentUrl":"https:\/\/www.bretzel-liquide.com\/blog\/wp-content\/uploads\/2022\/01\/headerchien.jpg","width":150,"height":147,"caption":"Yves Brette"},"logo":{"@id":"https:\/\/www.bretzel-liquide.com\/blog\/wp-content\/uploads\/2022\/01\/headerchien.jpg"},"sameAs":["http:\/\/www.bretzel-liquide.com\/blog"],"url":"https:\/\/www.bretzel-liquide.com\/blog\/author\/yves\/"}]}},"_links":{"self":[{"href":"https:\/\/www.bretzel-liquide.com\/blog\/wp-json\/wp\/v2\/posts\/12322","targetHints":{"allow":["GET"]}}],"collection":[{"href":"https:\/\/www.bretzel-liquide.com\/blog\/wp-json\/wp\/v2\/posts"}],"about":[{"href":"https:\/\/www.bretzel-liquide.com\/blog\/wp-json\/wp\/v2\/types\/post"}],"author":[{"embeddable":true,"href":"https:\/\/www.bretzel-liquide.com\/blog\/wp-json\/wp\/v2\/users\/1"}],"replies":[{"embeddable":true,"href":"https:\/\/www.bretzel-liquide.com\/blog\/wp-json\/wp\/v2\/comments?post=12322"}],"version-history":[{"count":2,"href":"https:\/\/www.bretzel-liquide.com\/blog\/wp-json\/wp\/v2\/posts\/12322\/revisions"}],"predecessor-version":[{"id":12331,"href":"https:\/\/www.bretzel-liquide.com\/blog\/wp-json\/wp\/v2\/posts\/12322\/revisions\/12331"}],"wp:attachment":[{"href":"https:\/\/www.bretzel-liquide.com\/blog\/wp-json\/wp\/v2\/media?parent=12322"}],"wp:term":[{"taxonomy":"category","embeddable":true,"href":"https:\/\/www.bretzel-liquide.com\/blog\/wp-json\/wp\/v2\/categories?post=12322"},{"taxonomy":"post_tag","embeddable":true,"href":"https:\/\/www.bretzel-liquide.com\/blog\/wp-json\/wp\/v2\/tags?post=12322"}],"curies":[{"name":"wp","href":"https:\/\/api.w.org\/{rel}","templated":true}]}}