{"id":12534,"date":"2024-07-12T17:26:58","date_gmt":"2024-07-12T15:26:58","guid":{"rendered":"https:\/\/www.bretzel-liquide.com\/blog\/?p=12534"},"modified":"2024-07-12T17:27:00","modified_gmt":"2024-07-12T15:27:00","slug":"ce-soir-je-me-cousteau","status":"publish","type":"post","link":"https:\/\/www.bretzel-liquide.com\/blog\/2024\/07\/12\/ce-soir-je-me-cousteau\/","title":{"rendered":"ce soir je me Cousteau"},"content":{"rendered":"\n<figure class=\"wp-block-image size-large\"><a href=\"https:\/\/www.bretzel-liquide.com\/blog\/wp-content\/uploads\/2024\/07\/Jacques-Cousteau-por-Yousuf-Karsh-1972-ce-soir-je-me-Cousteau.jpg\"><img loading=\"lazy\" decoding=\"async\" width=\"822\" height=\"1024\" src=\"https:\/\/www.bretzel-liquide.com\/blog\/wp-content\/uploads\/2024\/07\/Jacques-Cousteau-por-Yousuf-Karsh-1972-ce-soir-je-me-Cousteau-822x1024.jpg\" alt=\"ce soir je me Cousteau. Marcel Proust : Du c\u00f4t\u00e9 de chez Swann, 1913 (photographie : Jacques-Yves Cousteau por Yousuf Karsh, 1972)\" class=\"wp-image-12535\" srcset=\"https:\/\/www.bretzel-liquide.com\/blog\/wp-content\/uploads\/2024\/07\/Jacques-Cousteau-por-Yousuf-Karsh-1972-ce-soir-je-me-Cousteau-822x1024.jpg 822w, https:\/\/www.bretzel-liquide.com\/blog\/wp-content\/uploads\/2024\/07\/Jacques-Cousteau-por-Yousuf-Karsh-1972-ce-soir-je-me-Cousteau-241x300.jpg 241w, https:\/\/www.bretzel-liquide.com\/blog\/wp-content\/uploads\/2024\/07\/Jacques-Cousteau-por-Yousuf-Karsh-1972-ce-soir-je-me-Cousteau-768x957.jpg 768w, https:\/\/www.bretzel-liquide.com\/blog\/wp-content\/uploads\/2024\/07\/Jacques-Cousteau-por-Yousuf-Karsh-1972-ce-soir-je-me-Cousteau-1233x1536.jpg 1233w, https:\/\/www.bretzel-liquide.com\/blog\/wp-content\/uploads\/2024\/07\/Jacques-Cousteau-por-Yousuf-Karsh-1972-ce-soir-je-me-Cousteau-1200x1495.jpg 1200w, https:\/\/www.bretzel-liquide.com\/blog\/wp-content\/uploads\/2024\/07\/Jacques-Cousteau-por-Yousuf-Karsh-1972-ce-soir-je-me-Cousteau.jpg 1573w\" sizes=\"auto, (max-width: 822px) 100vw, 822px\" \/><\/a><\/figure>\n\n\n\n<p>ce soir je me Cousteau <\/p>\n\n\n\n<p>Marcel Proust : Du c\u00f4t\u00e9 de chez Swann, 1913 (photographie : Jacques-Yves Cousteau por Yousuf Karsh, 1972)<\/p>\n","protected":false},"excerpt":{"rendered":"<p>ce soir je me Cousteau Marcel Proust : Du c\u00f4t\u00e9 de chez Swann, 1913 (photographie : Jacques-Yves Cousteau por Yousuf Karsh, 1972)<\/p>\n","protected":false},"author":1,"featured_media":0,"comment_status":"open","ping_status":"open","sticky":false,"template":"","format":"standard","meta":{"footnotes":""},"categories":[243,9],"tags":[1820,254,789,4,185,1821],"class_list":["post-12534","post","type-post","status-publish","format-standard","hentry","category-comprendre-les-expressions-francaises","category-ma-brette-zele-tophe","tag-jacques-yves-cousteau","tag-litterature","tag-marcel-proust","tag-photo","tag-sommeil","tag-yousuf-karsh"],"yoast_head":"<!-- This site is optimized with the Yoast SEO plugin v27.5 - https:\/\/yoast.com\/product\/yoast-seo-wordpress\/ -->\n<title>ce soir je me Cousteau - \u00e0 l&#039;ombre d&#039;un paradoxe en fleur<\/title>\n<meta name=\"description\" content=\"ce soir je me Cousteau. Marcel Proust : Du c\u00f4t\u00e9 de chez Swann, 1913 (photographie : Jacques-Yves Cousteau por Yousuf Karsh, 1972)\" \/>\n<meta name=\"robots\" content=\"index, follow, max-snippet:-1, max-image-preview:large, max-video-preview:-1\" \/>\n<link rel=\"canonical\" href=\"https:\/\/www.bretzel-liquide.com\/blog\/2024\/07\/12\/ce-soir-je-me-cousteau\/\" \/>\n<meta property=\"og:locale\" content=\"fr_FR\" \/>\n<meta property=\"og:type\" content=\"article\" \/>\n<meta property=\"og:title\" content=\"ce soir je me Cousteau - \u00e0 l&#039;ombre d&#039;un paradoxe en fleur\" \/>\n<meta property=\"og:description\" content=\"ce soir je me Cousteau. Marcel Proust : Du c\u00f4t\u00e9 de chez Swann, 1913 (photographie : Jacques-Yves Cousteau por Yousuf Karsh, 1972)\" \/>\n<meta property=\"og:url\" content=\"https:\/\/www.bretzel-liquide.com\/blog\/2024\/07\/12\/ce-soir-je-me-cousteau\/\" \/>\n<meta property=\"og:site_name\" content=\"\u00e0 l&#039;ombre d&#039;un paradoxe en fleur\" \/>\n<meta property=\"article:published_time\" content=\"2024-07-12T15:26:58+00:00\" \/>\n<meta property=\"article:modified_time\" content=\"2024-07-12T15:27:00+00:00\" \/>\n<meta property=\"og:image\" content=\"https:\/\/www.bretzel-liquide.com\/blog\/wp-content\/uploads\/2024\/07\/Jacques-Cousteau-por-Yousuf-Karsh-1972-ce-soir-je-me-Cousteau-822x1024.jpg\" \/>\n<meta name=\"author\" content=\"Yves Brette\" \/>\n<meta name=\"twitter:card\" content=\"summary_large_image\" \/>\n<meta name=\"twitter:label1\" content=\"\u00c9crit par\" \/>\n\t<meta name=\"twitter:data1\" content=\"Yves Brette\" \/>\n<script type=\"application\/ld+json\" class=\"yoast-schema-graph\">{\"@context\":\"https:\\\/\\\/schema.org\",\"@graph\":[{\"@type\":\"Article\",\"@id\":\"https:\\\/\\\/www.bretzel-liquide.com\\\/blog\\\/2024\\\/07\\\/12\\\/ce-soir-je-me-cousteau\\\/#article\",\"isPartOf\":{\"@id\":\"https:\\\/\\\/www.bretzel-liquide.com\\\/blog\\\/2024\\\/07\\\/12\\\/ce-soir-je-me-cousteau\\\/\"},\"author\":{\"name\":\"Yves Brette\",\"@id\":\"https:\\\/\\\/www.bretzel-liquide.com\\\/blog\\\/#\\\/schema\\\/person\\\/16b498860410bff000499934f159633d\"},\"headline\":\"ce soir je me Cousteau\",\"datePublished\":\"2024-07-12T15:26:58+00:00\",\"dateModified\":\"2024-07-12T15:27:00+00:00\",\"mainEntityOfPage\":{\"@id\":\"https:\\\/\\\/www.bretzel-liquide.com\\\/blog\\\/2024\\\/07\\\/12\\\/ce-soir-je-me-cousteau\\\/\"},\"wordCount\":24,\"commentCount\":0,\"publisher\":{\"@id\":\"https:\\\/\\\/www.bretzel-liquide.com\\\/blog\\\/#\\\/schema\\\/person\\\/16b498860410bff000499934f159633d\"},\"image\":{\"@id\":\"https:\\\/\\\/www.bretzel-liquide.com\\\/blog\\\/2024\\\/07\\\/12\\\/ce-soir-je-me-cousteau\\\/#primaryimage\"},\"thumbnailUrl\":\"https:\\\/\\\/www.bretzel-liquide.com\\\/blog\\\/wp-content\\\/uploads\\\/2024\\\/07\\\/Jacques-Cousteau-por-Yousuf-Karsh-1972-ce-soir-je-me-Cousteau-822x1024.jpg\",\"keywords\":[\"Jacques-Yves Cousteau\",\"litt\u00e9rature\",\"Marcel Proust\",\"photo\",\"sommeil\",\"Yousuf Karsh\"],\"articleSection\":[\"comprendre les expressions fran\u00e7aises\",\"Ma (brette) Z\u00e8le Tophe !\"],\"inLanguage\":\"fr-FR\",\"potentialAction\":[{\"@type\":\"CommentAction\",\"name\":\"Comment\",\"target\":[\"https:\\\/\\\/www.bretzel-liquide.com\\\/blog\\\/2024\\\/07\\\/12\\\/ce-soir-je-me-cousteau\\\/#respond\"]}]},{\"@type\":\"WebPage\",\"@id\":\"https:\\\/\\\/www.bretzel-liquide.com\\\/blog\\\/2024\\\/07\\\/12\\\/ce-soir-je-me-cousteau\\\/\",\"url\":\"https:\\\/\\\/www.bretzel-liquide.com\\\/blog\\\/2024\\\/07\\\/12\\\/ce-soir-je-me-cousteau\\\/\",\"name\":\"ce soir je me Cousteau - \u00e0 l&#039;ombre d&#039;un paradoxe en fleur\",\"isPartOf\":{\"@id\":\"https:\\\/\\\/www.bretzel-liquide.com\\\/blog\\\/#website\"},\"primaryImageOfPage\":{\"@id\":\"https:\\\/\\\/www.bretzel-liquide.com\\\/blog\\\/2024\\\/07\\\/12\\\/ce-soir-je-me-cousteau\\\/#primaryimage\"},\"image\":{\"@id\":\"https:\\\/\\\/www.bretzel-liquide.com\\\/blog\\\/2024\\\/07\\\/12\\\/ce-soir-je-me-cousteau\\\/#primaryimage\"},\"thumbnailUrl\":\"https:\\\/\\\/www.bretzel-liquide.com\\\/blog\\\/wp-content\\\/uploads\\\/2024\\\/07\\\/Jacques-Cousteau-por-Yousuf-Karsh-1972-ce-soir-je-me-Cousteau-822x1024.jpg\",\"datePublished\":\"2024-07-12T15:26:58+00:00\",\"dateModified\":\"2024-07-12T15:27:00+00:00\",\"description\":\"ce soir je me Cousteau. Marcel Proust : Du c\u00f4t\u00e9 de chez Swann, 1913 (photographie : Jacques-Yves Cousteau por Yousuf Karsh, 1972)\",\"breadcrumb\":{\"@id\":\"https:\\\/\\\/www.bretzel-liquide.com\\\/blog\\\/2024\\\/07\\\/12\\\/ce-soir-je-me-cousteau\\\/#breadcrumb\"},\"inLanguage\":\"fr-FR\",\"potentialAction\":[{\"@type\":\"ReadAction\",\"target\":[\"https:\\\/\\\/www.bretzel-liquide.com\\\/blog\\\/2024\\\/07\\\/12\\\/ce-soir-je-me-cousteau\\\/\"]}]},{\"@type\":\"ImageObject\",\"inLanguage\":\"fr-FR\",\"@id\":\"https:\\\/\\\/www.bretzel-liquide.com\\\/blog\\\/2024\\\/07\\\/12\\\/ce-soir-je-me-cousteau\\\/#primaryimage\",\"url\":\"https:\\\/\\\/www.bretzel-liquide.com\\\/blog\\\/wp-content\\\/uploads\\\/2024\\\/07\\\/Jacques-Cousteau-por-Yousuf-Karsh-1972-ce-soir-je-me-Cousteau.jpg\",\"contentUrl\":\"https:\\\/\\\/www.bretzel-liquide.com\\\/blog\\\/wp-content\\\/uploads\\\/2024\\\/07\\\/Jacques-Cousteau-por-Yousuf-Karsh-1972-ce-soir-je-me-Cousteau.jpg\",\"width\":1573,\"height\":1960},{\"@type\":\"BreadcrumbList\",\"@id\":\"https:\\\/\\\/www.bretzel-liquide.com\\\/blog\\\/2024\\\/07\\\/12\\\/ce-soir-je-me-cousteau\\\/#breadcrumb\",\"itemListElement\":[{\"@type\":\"ListItem\",\"position\":1,\"name\":\"Accueil\",\"item\":\"https:\\\/\\\/www.bretzel-liquide.com\\\/blog\\\/\"},{\"@type\":\"ListItem\",\"position\":2,\"name\":\"ce soir je me Cousteau\"}]},{\"@type\":\"WebSite\",\"@id\":\"https:\\\/\\\/www.bretzel-liquide.com\\\/blog\\\/#website\",\"url\":\"https:\\\/\\\/www.bretzel-liquide.com\\\/blog\\\/\",\"name\":\"\u00e0 l&#039;ombre d&#039;un paradoxe en fleur\",\"description\":\"la face nord du bretzel liquide : humour absurde, images \u00e9tranges, microblogging\",\"publisher\":{\"@id\":\"https:\\\/\\\/www.bretzel-liquide.com\\\/blog\\\/#\\\/schema\\\/person\\\/16b498860410bff000499934f159633d\"},\"potentialAction\":[{\"@type\":\"SearchAction\",\"target\":{\"@type\":\"EntryPoint\",\"urlTemplate\":\"https:\\\/\\\/www.bretzel-liquide.com\\\/blog\\\/?s={search_term_string}\"},\"query-input\":{\"@type\":\"PropertyValueSpecification\",\"valueRequired\":true,\"valueName\":\"search_term_string\"}}],\"inLanguage\":\"fr-FR\"},{\"@type\":[\"Person\",\"Organization\"],\"@id\":\"https:\\\/\\\/www.bretzel-liquide.com\\\/blog\\\/#\\\/schema\\\/person\\\/16b498860410bff000499934f159633d\",\"name\":\"Yves Brette\",\"image\":{\"@type\":\"ImageObject\",\"inLanguage\":\"fr-FR\",\"@id\":\"https:\\\/\\\/www.bretzel-liquide.com\\\/blog\\\/wp-content\\\/uploads\\\/2022\\\/01\\\/headerchien.jpg\",\"url\":\"https:\\\/\\\/www.bretzel-liquide.com\\\/blog\\\/wp-content\\\/uploads\\\/2022\\\/01\\\/headerchien.jpg\",\"contentUrl\":\"https:\\\/\\\/www.bretzel-liquide.com\\\/blog\\\/wp-content\\\/uploads\\\/2022\\\/01\\\/headerchien.jpg\",\"width\":150,\"height\":147,\"caption\":\"Yves Brette\"},\"logo\":{\"@id\":\"https:\\\/\\\/www.bretzel-liquide.com\\\/blog\\\/wp-content\\\/uploads\\\/2022\\\/01\\\/headerchien.jpg\"},\"sameAs\":[\"http:\\\/\\\/www.bretzel-liquide.com\\\/blog\"],\"url\":\"https:\\\/\\\/www.bretzel-liquide.com\\\/blog\\\/author\\\/yves\\\/\"}]}<\/script>\n<!-- \/ Yoast SEO plugin. -->","yoast_head_json":{"title":"ce soir je me Cousteau - \u00e0 l&#039;ombre d&#039;un paradoxe en fleur","description":"ce soir je me Cousteau. Marcel Proust : Du c\u00f4t\u00e9 de chez Swann, 1913 (photographie : Jacques-Yves Cousteau por Yousuf Karsh, 1972)","robots":{"index":"index","follow":"follow","max-snippet":"max-snippet:-1","max-image-preview":"max-image-preview:large","max-video-preview":"max-video-preview:-1"},"canonical":"https:\/\/www.bretzel-liquide.com\/blog\/2024\/07\/12\/ce-soir-je-me-cousteau\/","og_locale":"fr_FR","og_type":"article","og_title":"ce soir je me Cousteau - \u00e0 l&#039;ombre d&#039;un paradoxe en fleur","og_description":"ce soir je me Cousteau. Marcel Proust : Du c\u00f4t\u00e9 de chez Swann, 1913 (photographie : Jacques-Yves Cousteau por Yousuf Karsh, 1972)","og_url":"https:\/\/www.bretzel-liquide.com\/blog\/2024\/07\/12\/ce-soir-je-me-cousteau\/","og_site_name":"\u00e0 l&#039;ombre d&#039;un paradoxe en fleur","article_published_time":"2024-07-12T15:26:58+00:00","article_modified_time":"2024-07-12T15:27:00+00:00","og_image":[{"url":"https:\/\/www.bretzel-liquide.com\/blog\/wp-content\/uploads\/2024\/07\/Jacques-Cousteau-por-Yousuf-Karsh-1972-ce-soir-je-me-Cousteau-822x1024.jpg","type":"","width":"","height":""}],"author":"Yves Brette","twitter_card":"summary_large_image","twitter_misc":{"\u00c9crit par":"Yves Brette"},"schema":{"@context":"https:\/\/schema.org","@graph":[{"@type":"Article","@id":"https:\/\/www.bretzel-liquide.com\/blog\/2024\/07\/12\/ce-soir-je-me-cousteau\/#article","isPartOf":{"@id":"https:\/\/www.bretzel-liquide.com\/blog\/2024\/07\/12\/ce-soir-je-me-cousteau\/"},"author":{"name":"Yves Brette","@id":"https:\/\/www.bretzel-liquide.com\/blog\/#\/schema\/person\/16b498860410bff000499934f159633d"},"headline":"ce soir je me Cousteau","datePublished":"2024-07-12T15:26:58+00:00","dateModified":"2024-07-12T15:27:00+00:00","mainEntityOfPage":{"@id":"https:\/\/www.bretzel-liquide.com\/blog\/2024\/07\/12\/ce-soir-je-me-cousteau\/"},"wordCount":24,"commentCount":0,"publisher":{"@id":"https:\/\/www.bretzel-liquide.com\/blog\/#\/schema\/person\/16b498860410bff000499934f159633d"},"image":{"@id":"https:\/\/www.bretzel-liquide.com\/blog\/2024\/07\/12\/ce-soir-je-me-cousteau\/#primaryimage"},"thumbnailUrl":"https:\/\/www.bretzel-liquide.com\/blog\/wp-content\/uploads\/2024\/07\/Jacques-Cousteau-por-Yousuf-Karsh-1972-ce-soir-je-me-Cousteau-822x1024.jpg","keywords":["Jacques-Yves Cousteau","litt\u00e9rature","Marcel Proust","photo","sommeil","Yousuf Karsh"],"articleSection":["comprendre les expressions fran\u00e7aises","Ma (brette) Z\u00e8le Tophe !"],"inLanguage":"fr-FR","potentialAction":[{"@type":"CommentAction","name":"Comment","target":["https:\/\/www.bretzel-liquide.com\/blog\/2024\/07\/12\/ce-soir-je-me-cousteau\/#respond"]}]},{"@type":"WebPage","@id":"https:\/\/www.bretzel-liquide.com\/blog\/2024\/07\/12\/ce-soir-je-me-cousteau\/","url":"https:\/\/www.bretzel-liquide.com\/blog\/2024\/07\/12\/ce-soir-je-me-cousteau\/","name":"ce soir je me Cousteau - \u00e0 l&#039;ombre d&#039;un paradoxe en fleur","isPartOf":{"@id":"https:\/\/www.bretzel-liquide.com\/blog\/#website"},"primaryImageOfPage":{"@id":"https:\/\/www.bretzel-liquide.com\/blog\/2024\/07\/12\/ce-soir-je-me-cousteau\/#primaryimage"},"image":{"@id":"https:\/\/www.bretzel-liquide.com\/blog\/2024\/07\/12\/ce-soir-je-me-cousteau\/#primaryimage"},"thumbnailUrl":"https:\/\/www.bretzel-liquide.com\/blog\/wp-content\/uploads\/2024\/07\/Jacques-Cousteau-por-Yousuf-Karsh-1972-ce-soir-je-me-Cousteau-822x1024.jpg","datePublished":"2024-07-12T15:26:58+00:00","dateModified":"2024-07-12T15:27:00+00:00","description":"ce soir je me Cousteau. Marcel Proust : Du c\u00f4t\u00e9 de chez Swann, 1913 (photographie : Jacques-Yves Cousteau por Yousuf Karsh, 1972)","breadcrumb":{"@id":"https:\/\/www.bretzel-liquide.com\/blog\/2024\/07\/12\/ce-soir-je-me-cousteau\/#breadcrumb"},"inLanguage":"fr-FR","potentialAction":[{"@type":"ReadAction","target":["https:\/\/www.bretzel-liquide.com\/blog\/2024\/07\/12\/ce-soir-je-me-cousteau\/"]}]},{"@type":"ImageObject","inLanguage":"fr-FR","@id":"https:\/\/www.bretzel-liquide.com\/blog\/2024\/07\/12\/ce-soir-je-me-cousteau\/#primaryimage","url":"https:\/\/www.bretzel-liquide.com\/blog\/wp-content\/uploads\/2024\/07\/Jacques-Cousteau-por-Yousuf-Karsh-1972-ce-soir-je-me-Cousteau.jpg","contentUrl":"https:\/\/www.bretzel-liquide.com\/blog\/wp-content\/uploads\/2024\/07\/Jacques-Cousteau-por-Yousuf-Karsh-1972-ce-soir-je-me-Cousteau.jpg","width":1573,"height":1960},{"@type":"BreadcrumbList","@id":"https:\/\/www.bretzel-liquide.com\/blog\/2024\/07\/12\/ce-soir-je-me-cousteau\/#breadcrumb","itemListElement":[{"@type":"ListItem","position":1,"name":"Accueil","item":"https:\/\/www.bretzel-liquide.com\/blog\/"},{"@type":"ListItem","position":2,"name":"ce soir je me Cousteau"}]},{"@type":"WebSite","@id":"https:\/\/www.bretzel-liquide.com\/blog\/#website","url":"https:\/\/www.bretzel-liquide.com\/blog\/","name":"\u00e0 l&#039;ombre d&#039;un paradoxe en fleur","description":"la face nord du bretzel liquide : humour absurde, images \u00e9tranges, microblogging","publisher":{"@id":"https:\/\/www.bretzel-liquide.com\/blog\/#\/schema\/person\/16b498860410bff000499934f159633d"},"potentialAction":[{"@type":"SearchAction","target":{"@type":"EntryPoint","urlTemplate":"https:\/\/www.bretzel-liquide.com\/blog\/?s={search_term_string}"},"query-input":{"@type":"PropertyValueSpecification","valueRequired":true,"valueName":"search_term_string"}}],"inLanguage":"fr-FR"},{"@type":["Person","Organization"],"@id":"https:\/\/www.bretzel-liquide.com\/blog\/#\/schema\/person\/16b498860410bff000499934f159633d","name":"Yves Brette","image":{"@type":"ImageObject","inLanguage":"fr-FR","@id":"https:\/\/www.bretzel-liquide.com\/blog\/wp-content\/uploads\/2022\/01\/headerchien.jpg","url":"https:\/\/www.bretzel-liquide.com\/blog\/wp-content\/uploads\/2022\/01\/headerchien.jpg","contentUrl":"https:\/\/www.bretzel-liquide.com\/blog\/wp-content\/uploads\/2022\/01\/headerchien.jpg","width":150,"height":147,"caption":"Yves Brette"},"logo":{"@id":"https:\/\/www.bretzel-liquide.com\/blog\/wp-content\/uploads\/2022\/01\/headerchien.jpg"},"sameAs":["http:\/\/www.bretzel-liquide.com\/blog"],"url":"https:\/\/www.bretzel-liquide.com\/blog\/author\/yves\/"}]}},"_links":{"self":[{"href":"https:\/\/www.bretzel-liquide.com\/blog\/wp-json\/wp\/v2\/posts\/12534","targetHints":{"allow":["GET"]}}],"collection":[{"href":"https:\/\/www.bretzel-liquide.com\/blog\/wp-json\/wp\/v2\/posts"}],"about":[{"href":"https:\/\/www.bretzel-liquide.com\/blog\/wp-json\/wp\/v2\/types\/post"}],"author":[{"embeddable":true,"href":"https:\/\/www.bretzel-liquide.com\/blog\/wp-json\/wp\/v2\/users\/1"}],"replies":[{"embeddable":true,"href":"https:\/\/www.bretzel-liquide.com\/blog\/wp-json\/wp\/v2\/comments?post=12534"}],"version-history":[{"count":1,"href":"https:\/\/www.bretzel-liquide.com\/blog\/wp-json\/wp\/v2\/posts\/12534\/revisions"}],"predecessor-version":[{"id":12536,"href":"https:\/\/www.bretzel-liquide.com\/blog\/wp-json\/wp\/v2\/posts\/12534\/revisions\/12536"}],"wp:attachment":[{"href":"https:\/\/www.bretzel-liquide.com\/blog\/wp-json\/wp\/v2\/media?parent=12534"}],"wp:term":[{"taxonomy":"category","embeddable":true,"href":"https:\/\/www.bretzel-liquide.com\/blog\/wp-json\/wp\/v2\/categories?post=12534"},{"taxonomy":"post_tag","embeddable":true,"href":"https:\/\/www.bretzel-liquide.com\/blog\/wp-json\/wp\/v2\/tags?post=12534"}],"curies":[{"name":"wp","href":"https:\/\/api.w.org\/{rel}","templated":true}]}}