{"id":12789,"date":"2024-07-20T08:51:19","date_gmt":"2024-07-20T06:51:19","guid":{"rendered":"https:\/\/www.bretzel-liquide.com\/blog\/?p=12789"},"modified":"2024-07-20T08:53:24","modified_gmt":"2024-07-20T06:53:24","slug":"tu-as-mis-de-la-creme-solaire","status":"publish","type":"post","link":"https:\/\/www.bretzel-liquide.com\/blog\/2024\/07\/20\/tu-as-mis-de-la-creme-solaire\/","title":{"rendered":"tu as mis de la cr\u00e8me solaire ?"},"content":{"rendered":"\n<figure class=\"wp-block-image size-large\"><a href=\"https:\/\/www.bretzel-liquide.com\/blog\/wp-content\/uploads\/2024\/07\/Clare-@NunavutBirder@mas.to-George-of-the-Tundra-tu-as-mis-de-la-creme-solaire-scaled.jpg\"><img loading=\"lazy\" decoding=\"async\" width=\"1024\" height=\"768\" src=\"https:\/\/www.bretzel-liquide.com\/blog\/wp-content\/uploads\/2024\/07\/Clare-@NunavutBirder@mas.to-George-of-the-Tundra-tu-as-mis-de-la-creme-solaire-1024x768.jpg\" alt=\"tu as mis de la cr\u00e8me solaire ? Clare @NunavutBirder@mas.to George of the Tundra \" class=\"wp-image-12790\" srcset=\"https:\/\/www.bretzel-liquide.com\/blog\/wp-content\/uploads\/2024\/07\/Clare-@NunavutBirder@mas.to-George-of-the-Tundra-tu-as-mis-de-la-creme-solaire-1024x768.jpg 1024w, https:\/\/www.bretzel-liquide.com\/blog\/wp-content\/uploads\/2024\/07\/Clare-@NunavutBirder@mas.to-George-of-the-Tundra-tu-as-mis-de-la-creme-solaire-300x225.jpg 300w, https:\/\/www.bretzel-liquide.com\/blog\/wp-content\/uploads\/2024\/07\/Clare-@NunavutBirder@mas.to-George-of-the-Tundra-tu-as-mis-de-la-creme-solaire-768x576.jpg 768w, https:\/\/www.bretzel-liquide.com\/blog\/wp-content\/uploads\/2024\/07\/Clare-@NunavutBirder@mas.to-George-of-the-Tundra-tu-as-mis-de-la-creme-solaire-1536x1152.jpg 1536w, https:\/\/www.bretzel-liquide.com\/blog\/wp-content\/uploads\/2024\/07\/Clare-@NunavutBirder@mas.to-George-of-the-Tundra-tu-as-mis-de-la-creme-solaire-2048x1536.jpg 2048w, https:\/\/www.bretzel-liquide.com\/blog\/wp-content\/uploads\/2024\/07\/Clare-@NunavutBirder@mas.to-George-of-the-Tundra-tu-as-mis-de-la-creme-solaire-1200x900.jpg 1200w, https:\/\/www.bretzel-liquide.com\/blog\/wp-content\/uploads\/2024\/07\/Clare-@NunavutBirder@mas.to-George-of-the-Tundra-tu-as-mis-de-la-creme-solaire-1980x1485.jpg 1980w\" sizes=\"auto, (max-width: 1024px) 100vw, 1024px\" \/><\/a><\/figure>\n\n\n\n<p>tu as mis de la cr\u00e8me solaire ? <\/p>\n\n\n\n<p>Clare @NunavutBirder@mas.to (mastodon), George of the Tundra<\/p>\n","protected":false},"excerpt":{"rendered":"<p>tu as mis de la cr\u00e8me solaire ? Clare @NunavutBirder@mas.to (mastodon), George of the Tundra<\/p>\n","protected":false},"author":1,"featured_media":0,"comment_status":"open","ping_status":"open","sticky":false,"template":"","format":"standard","meta":{"footnotes":""},"categories":[9],"tags":[40,4,103,310],"class_list":["post-12789","post","type-post","status-publish","format-standard","hentry","category-ma-brette-zele-tophe","tag-enfant","tag-photo","tag-sante-publique","tag-soleil"],"yoast_head":"<!-- This site is optimized with the Yoast SEO plugin v27.5 - https:\/\/yoast.com\/product\/yoast-seo-wordpress\/ -->\n<title>tu as mis de la cr\u00e8me solaire ? - \u00e0 l&#039;ombre d&#039;un paradoxe en fleur<\/title>\n<meta name=\"description\" content=\"tu as mis de la cr\u00e8me solaire ? Clare @NunavutBirder@mas.to George of the Tundra\" \/>\n<meta name=\"robots\" content=\"index, follow, max-snippet:-1, max-image-preview:large, max-video-preview:-1\" \/>\n<link rel=\"canonical\" href=\"https:\/\/www.bretzel-liquide.com\/blog\/2024\/07\/20\/tu-as-mis-de-la-creme-solaire\/\" \/>\n<meta property=\"og:locale\" content=\"fr_FR\" \/>\n<meta property=\"og:type\" content=\"article\" \/>\n<meta property=\"og:title\" content=\"tu as mis de la cr\u00e8me solaire ? - \u00e0 l&#039;ombre d&#039;un paradoxe en fleur\" \/>\n<meta property=\"og:description\" content=\"tu as mis de la cr\u00e8me solaire ? Clare @NunavutBirder@mas.to George of the Tundra\" \/>\n<meta property=\"og:url\" content=\"https:\/\/www.bretzel-liquide.com\/blog\/2024\/07\/20\/tu-as-mis-de-la-creme-solaire\/\" \/>\n<meta property=\"og:site_name\" content=\"\u00e0 l&#039;ombre d&#039;un paradoxe en fleur\" \/>\n<meta property=\"article:published_time\" content=\"2024-07-20T06:51:19+00:00\" \/>\n<meta property=\"article:modified_time\" content=\"2024-07-20T06:53:24+00:00\" \/>\n<meta property=\"og:image\" content=\"https:\/\/www.bretzel-liquide.com\/blog\/wp-content\/uploads\/2024\/07\/Clare-@NunavutBirder@mas.to-George-of-the-Tundra-tu-as-mis-de-la-creme-solaire-1024x768.jpg\" \/>\n<meta name=\"author\" content=\"Yves Brette\" \/>\n<meta name=\"twitter:card\" content=\"summary_large_image\" \/>\n<meta name=\"twitter:label1\" content=\"\u00c9crit par\" \/>\n\t<meta name=\"twitter:data1\" content=\"Yves Brette\" \/>\n<script type=\"application\/ld+json\" class=\"yoast-schema-graph\">{\"@context\":\"https:\\\/\\\/schema.org\",\"@graph\":[{\"@type\":\"Article\",\"@id\":\"https:\\\/\\\/www.bretzel-liquide.com\\\/blog\\\/2024\\\/07\\\/20\\\/tu-as-mis-de-la-creme-solaire\\\/#article\",\"isPartOf\":{\"@id\":\"https:\\\/\\\/www.bretzel-liquide.com\\\/blog\\\/2024\\\/07\\\/20\\\/tu-as-mis-de-la-creme-solaire\\\/\"},\"author\":{\"name\":\"Yves Brette\",\"@id\":\"https:\\\/\\\/www.bretzel-liquide.com\\\/blog\\\/#\\\/schema\\\/person\\\/16b498860410bff000499934f159633d\"},\"headline\":\"tu as mis de la cr\u00e8me solaire ?\",\"datePublished\":\"2024-07-20T06:51:19+00:00\",\"dateModified\":\"2024-07-20T06:53:24+00:00\",\"mainEntityOfPage\":{\"@id\":\"https:\\\/\\\/www.bretzel-liquide.com\\\/blog\\\/2024\\\/07\\\/20\\\/tu-as-mis-de-la-creme-solaire\\\/\"},\"wordCount\":25,\"commentCount\":0,\"publisher\":{\"@id\":\"https:\\\/\\\/www.bretzel-liquide.com\\\/blog\\\/#\\\/schema\\\/person\\\/16b498860410bff000499934f159633d\"},\"image\":{\"@id\":\"https:\\\/\\\/www.bretzel-liquide.com\\\/blog\\\/2024\\\/07\\\/20\\\/tu-as-mis-de-la-creme-solaire\\\/#primaryimage\"},\"thumbnailUrl\":\"https:\\\/\\\/www.bretzel-liquide.com\\\/blog\\\/wp-content\\\/uploads\\\/2024\\\/07\\\/Clare-@NunavutBirder@mas.to-George-of-the-Tundra-tu-as-mis-de-la-creme-solaire-1024x768.jpg\",\"keywords\":[\"enfant\",\"photo\",\"sant\u00e9 publique\",\"soleil\"],\"articleSection\":[\"Ma (brette) Z\u00e8le Tophe !\"],\"inLanguage\":\"fr-FR\",\"potentialAction\":[{\"@type\":\"CommentAction\",\"name\":\"Comment\",\"target\":[\"https:\\\/\\\/www.bretzel-liquide.com\\\/blog\\\/2024\\\/07\\\/20\\\/tu-as-mis-de-la-creme-solaire\\\/#respond\"]}]},{\"@type\":\"WebPage\",\"@id\":\"https:\\\/\\\/www.bretzel-liquide.com\\\/blog\\\/2024\\\/07\\\/20\\\/tu-as-mis-de-la-creme-solaire\\\/\",\"url\":\"https:\\\/\\\/www.bretzel-liquide.com\\\/blog\\\/2024\\\/07\\\/20\\\/tu-as-mis-de-la-creme-solaire\\\/\",\"name\":\"tu as mis de la cr\u00e8me solaire ? - \u00e0 l&#039;ombre d&#039;un paradoxe en fleur\",\"isPartOf\":{\"@id\":\"https:\\\/\\\/www.bretzel-liquide.com\\\/blog\\\/#website\"},\"primaryImageOfPage\":{\"@id\":\"https:\\\/\\\/www.bretzel-liquide.com\\\/blog\\\/2024\\\/07\\\/20\\\/tu-as-mis-de-la-creme-solaire\\\/#primaryimage\"},\"image\":{\"@id\":\"https:\\\/\\\/www.bretzel-liquide.com\\\/blog\\\/2024\\\/07\\\/20\\\/tu-as-mis-de-la-creme-solaire\\\/#primaryimage\"},\"thumbnailUrl\":\"https:\\\/\\\/www.bretzel-liquide.com\\\/blog\\\/wp-content\\\/uploads\\\/2024\\\/07\\\/Clare-@NunavutBirder@mas.to-George-of-the-Tundra-tu-as-mis-de-la-creme-solaire-1024x768.jpg\",\"datePublished\":\"2024-07-20T06:51:19+00:00\",\"dateModified\":\"2024-07-20T06:53:24+00:00\",\"description\":\"tu as mis de la cr\u00e8me solaire ? Clare @NunavutBirder@mas.to George of the Tundra\",\"breadcrumb\":{\"@id\":\"https:\\\/\\\/www.bretzel-liquide.com\\\/blog\\\/2024\\\/07\\\/20\\\/tu-as-mis-de-la-creme-solaire\\\/#breadcrumb\"},\"inLanguage\":\"fr-FR\",\"potentialAction\":[{\"@type\":\"ReadAction\",\"target\":[\"https:\\\/\\\/www.bretzel-liquide.com\\\/blog\\\/2024\\\/07\\\/20\\\/tu-as-mis-de-la-creme-solaire\\\/\"]}]},{\"@type\":\"ImageObject\",\"inLanguage\":\"fr-FR\",\"@id\":\"https:\\\/\\\/www.bretzel-liquide.com\\\/blog\\\/2024\\\/07\\\/20\\\/tu-as-mis-de-la-creme-solaire\\\/#primaryimage\",\"url\":\"https:\\\/\\\/www.bretzel-liquide.com\\\/blog\\\/wp-content\\\/uploads\\\/2024\\\/07\\\/Clare-@NunavutBirder@mas.to-George-of-the-Tundra-tu-as-mis-de-la-creme-solaire-scaled.jpg\",\"contentUrl\":\"https:\\\/\\\/www.bretzel-liquide.com\\\/blog\\\/wp-content\\\/uploads\\\/2024\\\/07\\\/Clare-@NunavutBirder@mas.to-George-of-the-Tundra-tu-as-mis-de-la-creme-solaire-scaled.jpg\",\"width\":2560,\"height\":1920},{\"@type\":\"BreadcrumbList\",\"@id\":\"https:\\\/\\\/www.bretzel-liquide.com\\\/blog\\\/2024\\\/07\\\/20\\\/tu-as-mis-de-la-creme-solaire\\\/#breadcrumb\",\"itemListElement\":[{\"@type\":\"ListItem\",\"position\":1,\"name\":\"Accueil\",\"item\":\"https:\\\/\\\/www.bretzel-liquide.com\\\/blog\\\/\"},{\"@type\":\"ListItem\",\"position\":2,\"name\":\"tu as mis de la cr\u00e8me solaire ?\"}]},{\"@type\":\"WebSite\",\"@id\":\"https:\\\/\\\/www.bretzel-liquide.com\\\/blog\\\/#website\",\"url\":\"https:\\\/\\\/www.bretzel-liquide.com\\\/blog\\\/\",\"name\":\"\u00e0 l&#039;ombre d&#039;un paradoxe en fleur\",\"description\":\"la face nord du bretzel liquide : humour absurde, images \u00e9tranges, microblogging\",\"publisher\":{\"@id\":\"https:\\\/\\\/www.bretzel-liquide.com\\\/blog\\\/#\\\/schema\\\/person\\\/16b498860410bff000499934f159633d\"},\"potentialAction\":[{\"@type\":\"SearchAction\",\"target\":{\"@type\":\"EntryPoint\",\"urlTemplate\":\"https:\\\/\\\/www.bretzel-liquide.com\\\/blog\\\/?s={search_term_string}\"},\"query-input\":{\"@type\":\"PropertyValueSpecification\",\"valueRequired\":true,\"valueName\":\"search_term_string\"}}],\"inLanguage\":\"fr-FR\"},{\"@type\":[\"Person\",\"Organization\"],\"@id\":\"https:\\\/\\\/www.bretzel-liquide.com\\\/blog\\\/#\\\/schema\\\/person\\\/16b498860410bff000499934f159633d\",\"name\":\"Yves Brette\",\"image\":{\"@type\":\"ImageObject\",\"inLanguage\":\"fr-FR\",\"@id\":\"https:\\\/\\\/www.bretzel-liquide.com\\\/blog\\\/wp-content\\\/uploads\\\/2022\\\/01\\\/headerchien.jpg\",\"url\":\"https:\\\/\\\/www.bretzel-liquide.com\\\/blog\\\/wp-content\\\/uploads\\\/2022\\\/01\\\/headerchien.jpg\",\"contentUrl\":\"https:\\\/\\\/www.bretzel-liquide.com\\\/blog\\\/wp-content\\\/uploads\\\/2022\\\/01\\\/headerchien.jpg\",\"width\":150,\"height\":147,\"caption\":\"Yves Brette\"},\"logo\":{\"@id\":\"https:\\\/\\\/www.bretzel-liquide.com\\\/blog\\\/wp-content\\\/uploads\\\/2022\\\/01\\\/headerchien.jpg\"},\"sameAs\":[\"http:\\\/\\\/www.bretzel-liquide.com\\\/blog\"],\"url\":\"https:\\\/\\\/www.bretzel-liquide.com\\\/blog\\\/author\\\/yves\\\/\"}]}<\/script>\n<!-- \/ Yoast SEO plugin. -->","yoast_head_json":{"title":"tu as mis de la cr\u00e8me solaire ? - \u00e0 l&#039;ombre d&#039;un paradoxe en fleur","description":"tu as mis de la cr\u00e8me solaire ? Clare @NunavutBirder@mas.to George of the Tundra","robots":{"index":"index","follow":"follow","max-snippet":"max-snippet:-1","max-image-preview":"max-image-preview:large","max-video-preview":"max-video-preview:-1"},"canonical":"https:\/\/www.bretzel-liquide.com\/blog\/2024\/07\/20\/tu-as-mis-de-la-creme-solaire\/","og_locale":"fr_FR","og_type":"article","og_title":"tu as mis de la cr\u00e8me solaire ? - \u00e0 l&#039;ombre d&#039;un paradoxe en fleur","og_description":"tu as mis de la cr\u00e8me solaire ? Clare @NunavutBirder@mas.to George of the Tundra","og_url":"https:\/\/www.bretzel-liquide.com\/blog\/2024\/07\/20\/tu-as-mis-de-la-creme-solaire\/","og_site_name":"\u00e0 l&#039;ombre d&#039;un paradoxe en fleur","article_published_time":"2024-07-20T06:51:19+00:00","article_modified_time":"2024-07-20T06:53:24+00:00","og_image":[{"url":"https:\/\/www.bretzel-liquide.com\/blog\/wp-content\/uploads\/2024\/07\/Clare-@NunavutBirder@mas.to-George-of-the-Tundra-tu-as-mis-de-la-creme-solaire-1024x768.jpg","type":"","width":"","height":""}],"author":"Yves Brette","twitter_card":"summary_large_image","twitter_misc":{"\u00c9crit par":"Yves Brette"},"schema":{"@context":"https:\/\/schema.org","@graph":[{"@type":"Article","@id":"https:\/\/www.bretzel-liquide.com\/blog\/2024\/07\/20\/tu-as-mis-de-la-creme-solaire\/#article","isPartOf":{"@id":"https:\/\/www.bretzel-liquide.com\/blog\/2024\/07\/20\/tu-as-mis-de-la-creme-solaire\/"},"author":{"name":"Yves Brette","@id":"https:\/\/www.bretzel-liquide.com\/blog\/#\/schema\/person\/16b498860410bff000499934f159633d"},"headline":"tu as mis de la cr\u00e8me solaire ?","datePublished":"2024-07-20T06:51:19+00:00","dateModified":"2024-07-20T06:53:24+00:00","mainEntityOfPage":{"@id":"https:\/\/www.bretzel-liquide.com\/blog\/2024\/07\/20\/tu-as-mis-de-la-creme-solaire\/"},"wordCount":25,"commentCount":0,"publisher":{"@id":"https:\/\/www.bretzel-liquide.com\/blog\/#\/schema\/person\/16b498860410bff000499934f159633d"},"image":{"@id":"https:\/\/www.bretzel-liquide.com\/blog\/2024\/07\/20\/tu-as-mis-de-la-creme-solaire\/#primaryimage"},"thumbnailUrl":"https:\/\/www.bretzel-liquide.com\/blog\/wp-content\/uploads\/2024\/07\/Clare-@NunavutBirder@mas.to-George-of-the-Tundra-tu-as-mis-de-la-creme-solaire-1024x768.jpg","keywords":["enfant","photo","sant\u00e9 publique","soleil"],"articleSection":["Ma (brette) Z\u00e8le Tophe !"],"inLanguage":"fr-FR","potentialAction":[{"@type":"CommentAction","name":"Comment","target":["https:\/\/www.bretzel-liquide.com\/blog\/2024\/07\/20\/tu-as-mis-de-la-creme-solaire\/#respond"]}]},{"@type":"WebPage","@id":"https:\/\/www.bretzel-liquide.com\/blog\/2024\/07\/20\/tu-as-mis-de-la-creme-solaire\/","url":"https:\/\/www.bretzel-liquide.com\/blog\/2024\/07\/20\/tu-as-mis-de-la-creme-solaire\/","name":"tu as mis de la cr\u00e8me solaire ? - \u00e0 l&#039;ombre d&#039;un paradoxe en fleur","isPartOf":{"@id":"https:\/\/www.bretzel-liquide.com\/blog\/#website"},"primaryImageOfPage":{"@id":"https:\/\/www.bretzel-liquide.com\/blog\/2024\/07\/20\/tu-as-mis-de-la-creme-solaire\/#primaryimage"},"image":{"@id":"https:\/\/www.bretzel-liquide.com\/blog\/2024\/07\/20\/tu-as-mis-de-la-creme-solaire\/#primaryimage"},"thumbnailUrl":"https:\/\/www.bretzel-liquide.com\/blog\/wp-content\/uploads\/2024\/07\/Clare-@NunavutBirder@mas.to-George-of-the-Tundra-tu-as-mis-de-la-creme-solaire-1024x768.jpg","datePublished":"2024-07-20T06:51:19+00:00","dateModified":"2024-07-20T06:53:24+00:00","description":"tu as mis de la cr\u00e8me solaire ? Clare @NunavutBirder@mas.to George of the Tundra","breadcrumb":{"@id":"https:\/\/www.bretzel-liquide.com\/blog\/2024\/07\/20\/tu-as-mis-de-la-creme-solaire\/#breadcrumb"},"inLanguage":"fr-FR","potentialAction":[{"@type":"ReadAction","target":["https:\/\/www.bretzel-liquide.com\/blog\/2024\/07\/20\/tu-as-mis-de-la-creme-solaire\/"]}]},{"@type":"ImageObject","inLanguage":"fr-FR","@id":"https:\/\/www.bretzel-liquide.com\/blog\/2024\/07\/20\/tu-as-mis-de-la-creme-solaire\/#primaryimage","url":"https:\/\/www.bretzel-liquide.com\/blog\/wp-content\/uploads\/2024\/07\/Clare-@NunavutBirder@mas.to-George-of-the-Tundra-tu-as-mis-de-la-creme-solaire-scaled.jpg","contentUrl":"https:\/\/www.bretzel-liquide.com\/blog\/wp-content\/uploads\/2024\/07\/Clare-@NunavutBirder@mas.to-George-of-the-Tundra-tu-as-mis-de-la-creme-solaire-scaled.jpg","width":2560,"height":1920},{"@type":"BreadcrumbList","@id":"https:\/\/www.bretzel-liquide.com\/blog\/2024\/07\/20\/tu-as-mis-de-la-creme-solaire\/#breadcrumb","itemListElement":[{"@type":"ListItem","position":1,"name":"Accueil","item":"https:\/\/www.bretzel-liquide.com\/blog\/"},{"@type":"ListItem","position":2,"name":"tu as mis de la cr\u00e8me solaire ?"}]},{"@type":"WebSite","@id":"https:\/\/www.bretzel-liquide.com\/blog\/#website","url":"https:\/\/www.bretzel-liquide.com\/blog\/","name":"\u00e0 l&#039;ombre d&#039;un paradoxe en fleur","description":"la face nord du bretzel liquide : humour absurde, images \u00e9tranges, microblogging","publisher":{"@id":"https:\/\/www.bretzel-liquide.com\/blog\/#\/schema\/person\/16b498860410bff000499934f159633d"},"potentialAction":[{"@type":"SearchAction","target":{"@type":"EntryPoint","urlTemplate":"https:\/\/www.bretzel-liquide.com\/blog\/?s={search_term_string}"},"query-input":{"@type":"PropertyValueSpecification","valueRequired":true,"valueName":"search_term_string"}}],"inLanguage":"fr-FR"},{"@type":["Person","Organization"],"@id":"https:\/\/www.bretzel-liquide.com\/blog\/#\/schema\/person\/16b498860410bff000499934f159633d","name":"Yves Brette","image":{"@type":"ImageObject","inLanguage":"fr-FR","@id":"https:\/\/www.bretzel-liquide.com\/blog\/wp-content\/uploads\/2022\/01\/headerchien.jpg","url":"https:\/\/www.bretzel-liquide.com\/blog\/wp-content\/uploads\/2022\/01\/headerchien.jpg","contentUrl":"https:\/\/www.bretzel-liquide.com\/blog\/wp-content\/uploads\/2022\/01\/headerchien.jpg","width":150,"height":147,"caption":"Yves Brette"},"logo":{"@id":"https:\/\/www.bretzel-liquide.com\/blog\/wp-content\/uploads\/2022\/01\/headerchien.jpg"},"sameAs":["http:\/\/www.bretzel-liquide.com\/blog"],"url":"https:\/\/www.bretzel-liquide.com\/blog\/author\/yves\/"}]}},"_links":{"self":[{"href":"https:\/\/www.bretzel-liquide.com\/blog\/wp-json\/wp\/v2\/posts\/12789","targetHints":{"allow":["GET"]}}],"collection":[{"href":"https:\/\/www.bretzel-liquide.com\/blog\/wp-json\/wp\/v2\/posts"}],"about":[{"href":"https:\/\/www.bretzel-liquide.com\/blog\/wp-json\/wp\/v2\/types\/post"}],"author":[{"embeddable":true,"href":"https:\/\/www.bretzel-liquide.com\/blog\/wp-json\/wp\/v2\/users\/1"}],"replies":[{"embeddable":true,"href":"https:\/\/www.bretzel-liquide.com\/blog\/wp-json\/wp\/v2\/comments?post=12789"}],"version-history":[{"count":2,"href":"https:\/\/www.bretzel-liquide.com\/blog\/wp-json\/wp\/v2\/posts\/12789\/revisions"}],"predecessor-version":[{"id":12792,"href":"https:\/\/www.bretzel-liquide.com\/blog\/wp-json\/wp\/v2\/posts\/12789\/revisions\/12792"}],"wp:attachment":[{"href":"https:\/\/www.bretzel-liquide.com\/blog\/wp-json\/wp\/v2\/media?parent=12789"}],"wp:term":[{"taxonomy":"category","embeddable":true,"href":"https:\/\/www.bretzel-liquide.com\/blog\/wp-json\/wp\/v2\/categories?post=12789"},{"taxonomy":"post_tag","embeddable":true,"href":"https:\/\/www.bretzel-liquide.com\/blog\/wp-json\/wp\/v2\/tags?post=12789"}],"curies":[{"name":"wp","href":"https:\/\/api.w.org\/{rel}","templated":true}]}}