{"id":13703,"date":"2025-05-03T18:29:46","date_gmt":"2025-05-03T16:29:46","guid":{"rendered":"https:\/\/www.bretzel-liquide.com\/blog\/?p=13703"},"modified":"2025-05-03T18:41:57","modified_gmt":"2025-05-03T16:41:57","slug":"linquietude-de-loiseau-a-lannonce-de-la-prochaine-greve-des-trains","status":"publish","type":"post","link":"https:\/\/www.bretzel-liquide.com\/blog\/2025\/05\/03\/linquietude-de-loiseau-a-lannonce-de-la-prochaine-greve-des-trains\/","title":{"rendered":"l&rsquo;inqui\u00e9tude de l&rsquo;oiseau \u00e0 l&rsquo;annonce de la prochaine gr\u00e8ve des trains"},"content":{"rendered":"\n<figure class=\"wp-block-video\"><video height=\"836\" style=\"aspect-ratio: 858 \/ 836;\" width=\"858\" controls src=\"https:\/\/www.bretzel-liquide.com\/blog\/wp-content\/uploads\/2025\/05\/le-voyage-en-train-de-loiseau-en-hiver-migrant-migration-linquietude-de-loiseau-a-lannonce-de-la-prochaine-greve-des-trains.mp4\"><\/video><\/figure>\n\n\n\n<p>l&rsquo;inqui\u00e9tude de l&rsquo;oiseau \u00e0 l&rsquo;annonce de la prochaine gr\u00e8ve des trains<\/p>\n\n\n\n<p>Gr\u00e8ves SNCF\u00a0: vers une semaine tendue sur les rails \u00e0\u00a0partir du lundi 5\u00a0mai et jusqu\u2019au dimanche 11\u00a0mai.\u00a0(<a href=\"https:\/\/www.lemonde.fr\/economie\/article\/2025\/05\/03\/greves-sncf-vers-une-semaine-tendue-sur-les-rails_6602401_3234.html\">Le Monde<\/a>)<\/p>\n\n\n\n<p>tags : le voyage en train de l&rsquo;oiseau, les grandes migrations<\/p>\n\n\n\n<p>alt : assis dans son compartiment devant un album de dessin tandis que le paysage hivernal d\u00e9file, un corvid\u00e9 semble pr\u00e9occup\u00e9 <\/p>\n\n\n\n<figure class=\"wp-block-image size-full\"><a href=\"https:\/\/www.bretzel-liquide.com\/blog\/wp-content\/uploads\/2025\/05\/le-voyage-en-train-de-loiseau-en-hiver-migrant-migration.gif\"><img loading=\"lazy\" decoding=\"async\" width=\"858\" height=\"836\" src=\"https:\/\/www.bretzel-liquide.com\/blog\/wp-content\/uploads\/2025\/05\/le-voyage-en-train-de-loiseau-en-hiver-migrant-migration.gif\" alt=\"assis dans son compartiment devant un album de dessin tandis que le paysage hivernal d\u00e9file, un corvid\u00e9 semble pr\u00e9occup\u00e9\" class=\"wp-image-13705\"\/><\/a><\/figure>\n","protected":false},"excerpt":{"rendered":"<p>l&rsquo;inqui\u00e9tude de l&rsquo;oiseau \u00e0 l&rsquo;annonce de la prochaine gr\u00e8ve des trains Gr\u00e8ves SNCF\u00a0: vers une semaine tendue sur les rails \u00e0\u00a0partir du lundi 5\u00a0mai et jusqu\u2019au dimanche 11\u00a0mai.\u00a0(Le Monde) tags : le voyage en train de l&rsquo;oiseau, les grandes migrations alt : assis dans son compartiment devant un album de dessin tandis que le paysage [&hellip;]<\/p>\n","protected":false},"author":1,"featured_media":0,"comment_status":"open","ping_status":"open","sticky":false,"template":"","format":"standard","meta":{"footnotes":""},"categories":[58,101,202],"tags":[182,141,258,248,1320,128,41,338,238,18],"class_list":["post-13703","post","type-post","status-publish","format-standard","hentry","category-agence-france-brette","category-gif-animes-avez-vous-donc-une-ame","category-jai-jamais-eu-les-pieds-sur-terre-jaimerais-mieux-etre-un-oiseau","tag-animation","tag-consommation","tag-economie","tag-fable","tag-greve","tag-mobilite","tag-oiseau","tag-train","tag-vacances","tag-video"],"yoast_head":"<!-- This site is optimized with the Yoast SEO plugin v27.4 - https:\/\/yoast.com\/product\/yoast-seo-wordpress\/ -->\n<title>l&#039;inqui\u00e9tude de l&#039;oiseau \u00e0 l&#039;annonce de la prochaine gr\u00e8ve des trains - \u00e0 l&#039;ombre d&#039;un paradoxe en fleur<\/title>\n<meta name=\"description\" content=\"l&#039;inqui\u00e9tude de l&#039;oiseau \u00e0 l&#039;annonce de la prochaine gr\u00e8ve des trains. assis dans son compartiment, un corvid\u00e9 semble pr\u00e9occup\u00e9\" \/>\n<meta name=\"robots\" content=\"index, follow, max-snippet:-1, max-image-preview:large, max-video-preview:-1\" \/>\n<link rel=\"canonical\" href=\"https:\/\/www.bretzel-liquide.com\/blog\/2025\/05\/03\/linquietude-de-loiseau-a-lannonce-de-la-prochaine-greve-des-trains\/\" \/>\n<meta property=\"og:locale\" content=\"fr_FR\" \/>\n<meta property=\"og:type\" content=\"article\" \/>\n<meta property=\"og:title\" content=\"l&#039;inqui\u00e9tude de l&#039;oiseau \u00e0 l&#039;annonce de la prochaine gr\u00e8ve des trains - \u00e0 l&#039;ombre d&#039;un paradoxe en fleur\" \/>\n<meta property=\"og:description\" content=\"l&#039;inqui\u00e9tude de l&#039;oiseau \u00e0 l&#039;annonce de la prochaine gr\u00e8ve des trains. assis dans son compartiment, un corvid\u00e9 semble pr\u00e9occup\u00e9\" \/>\n<meta property=\"og:url\" content=\"https:\/\/www.bretzel-liquide.com\/blog\/2025\/05\/03\/linquietude-de-loiseau-a-lannonce-de-la-prochaine-greve-des-trains\/\" \/>\n<meta property=\"og:site_name\" content=\"\u00e0 l&#039;ombre d&#039;un paradoxe en fleur\" \/>\n<meta property=\"article:published_time\" content=\"2025-05-03T16:29:46+00:00\" \/>\n<meta property=\"article:modified_time\" content=\"2025-05-03T16:41:57+00:00\" \/>\n<meta property=\"og:image\" content=\"https:\/\/www.bretzel-liquide.com\/blog\/wp-content\/uploads\/2025\/05\/le-voyage-en-train-de-loiseau-en-hiver-migrant-migration.gif\" \/>\n\t<meta property=\"og:image:width\" content=\"580\" \/>\n\t<meta property=\"og:image:height\" content=\"565\" \/>\n\t<meta property=\"og:image:type\" content=\"image\/gif\" \/>\n<meta name=\"author\" content=\"Yves Brette\" \/>\n<meta name=\"twitter:card\" content=\"summary_large_image\" \/>\n<meta name=\"twitter:label1\" content=\"\u00c9crit par\" \/>\n\t<meta name=\"twitter:data1\" content=\"Yves Brette\" \/>\n<script type=\"application\/ld+json\" class=\"yoast-schema-graph\">{\"@context\":\"https:\\\/\\\/schema.org\",\"@graph\":[{\"@type\":\"Article\",\"@id\":\"https:\\\/\\\/www.bretzel-liquide.com\\\/blog\\\/2025\\\/05\\\/03\\\/linquietude-de-loiseau-a-lannonce-de-la-prochaine-greve-des-trains\\\/#article\",\"isPartOf\":{\"@id\":\"https:\\\/\\\/www.bretzel-liquide.com\\\/blog\\\/2025\\\/05\\\/03\\\/linquietude-de-loiseau-a-lannonce-de-la-prochaine-greve-des-trains\\\/\"},\"author\":{\"name\":\"Yves Brette\",\"@id\":\"https:\\\/\\\/www.bretzel-liquide.com\\\/blog\\\/#\\\/schema\\\/person\\\/16b498860410bff000499934f159633d\"},\"headline\":\"l&rsquo;inqui\u00e9tude de l&rsquo;oiseau \u00e0 l&rsquo;annonce de la prochaine gr\u00e8ve des trains\",\"datePublished\":\"2025-05-03T16:29:46+00:00\",\"dateModified\":\"2025-05-03T16:41:57+00:00\",\"mainEntityOfPage\":{\"@id\":\"https:\\\/\\\/www.bretzel-liquide.com\\\/blog\\\/2025\\\/05\\\/03\\\/linquietude-de-loiseau-a-lannonce-de-la-prochaine-greve-des-trains\\\/\"},\"wordCount\":84,\"commentCount\":0,\"publisher\":{\"@id\":\"https:\\\/\\\/www.bretzel-liquide.com\\\/blog\\\/#\\\/schema\\\/person\\\/16b498860410bff000499934f159633d\"},\"image\":{\"@id\":\"https:\\\/\\\/www.bretzel-liquide.com\\\/blog\\\/2025\\\/05\\\/03\\\/linquietude-de-loiseau-a-lannonce-de-la-prochaine-greve-des-trains\\\/#primaryimage\"},\"thumbnailUrl\":\"https:\\\/\\\/www.bretzel-liquide.com\\\/blog\\\/wp-content\\\/uploads\\\/2025\\\/05\\\/le-voyage-en-train-de-loiseau-en-hiver-migrant-migration.gif\",\"keywords\":[\"animation\",\"consommation\",\"\u00e9conomie\",\"fable\",\"gr\u00e8ve\",\"mobilit\u00e9\",\"oiseau\",\"train\",\"vacances\",\"video\"],\"articleSection\":[\"Agence France-Brette\",\"gif anim\u00e9s avez-vous donc une \u00e2me\",\"J'ai jamais eu les pieds sur Terre J'aimerais mieux \u00eatre un oiseau\"],\"inLanguage\":\"fr-FR\",\"potentialAction\":[{\"@type\":\"CommentAction\",\"name\":\"Comment\",\"target\":[\"https:\\\/\\\/www.bretzel-liquide.com\\\/blog\\\/2025\\\/05\\\/03\\\/linquietude-de-loiseau-a-lannonce-de-la-prochaine-greve-des-trains\\\/#respond\"]}]},{\"@type\":\"WebPage\",\"@id\":\"https:\\\/\\\/www.bretzel-liquide.com\\\/blog\\\/2025\\\/05\\\/03\\\/linquietude-de-loiseau-a-lannonce-de-la-prochaine-greve-des-trains\\\/\",\"url\":\"https:\\\/\\\/www.bretzel-liquide.com\\\/blog\\\/2025\\\/05\\\/03\\\/linquietude-de-loiseau-a-lannonce-de-la-prochaine-greve-des-trains\\\/\",\"name\":\"l'inqui\u00e9tude de l'oiseau \u00e0 l'annonce de la prochaine gr\u00e8ve des trains - \u00e0 l&#039;ombre d&#039;un paradoxe en fleur\",\"isPartOf\":{\"@id\":\"https:\\\/\\\/www.bretzel-liquide.com\\\/blog\\\/#website\"},\"primaryImageOfPage\":{\"@id\":\"https:\\\/\\\/www.bretzel-liquide.com\\\/blog\\\/2025\\\/05\\\/03\\\/linquietude-de-loiseau-a-lannonce-de-la-prochaine-greve-des-trains\\\/#primaryimage\"},\"image\":{\"@id\":\"https:\\\/\\\/www.bretzel-liquide.com\\\/blog\\\/2025\\\/05\\\/03\\\/linquietude-de-loiseau-a-lannonce-de-la-prochaine-greve-des-trains\\\/#primaryimage\"},\"thumbnailUrl\":\"https:\\\/\\\/www.bretzel-liquide.com\\\/blog\\\/wp-content\\\/uploads\\\/2025\\\/05\\\/le-voyage-en-train-de-loiseau-en-hiver-migrant-migration.gif\",\"datePublished\":\"2025-05-03T16:29:46+00:00\",\"dateModified\":\"2025-05-03T16:41:57+00:00\",\"description\":\"l'inqui\u00e9tude de l'oiseau \u00e0 l'annonce de la prochaine gr\u00e8ve des trains. assis dans son compartiment, un corvid\u00e9 semble pr\u00e9occup\u00e9\",\"breadcrumb\":{\"@id\":\"https:\\\/\\\/www.bretzel-liquide.com\\\/blog\\\/2025\\\/05\\\/03\\\/linquietude-de-loiseau-a-lannonce-de-la-prochaine-greve-des-trains\\\/#breadcrumb\"},\"inLanguage\":\"fr-FR\",\"potentialAction\":[{\"@type\":\"ReadAction\",\"target\":[\"https:\\\/\\\/www.bretzel-liquide.com\\\/blog\\\/2025\\\/05\\\/03\\\/linquietude-de-loiseau-a-lannonce-de-la-prochaine-greve-des-trains\\\/\"]}]},{\"@type\":\"ImageObject\",\"inLanguage\":\"fr-FR\",\"@id\":\"https:\\\/\\\/www.bretzel-liquide.com\\\/blog\\\/2025\\\/05\\\/03\\\/linquietude-de-loiseau-a-lannonce-de-la-prochaine-greve-des-trains\\\/#primaryimage\",\"url\":\"https:\\\/\\\/www.bretzel-liquide.com\\\/blog\\\/wp-content\\\/uploads\\\/2025\\\/05\\\/le-voyage-en-train-de-loiseau-en-hiver-migrant-migration.gif\",\"contentUrl\":\"https:\\\/\\\/www.bretzel-liquide.com\\\/blog\\\/wp-content\\\/uploads\\\/2025\\\/05\\\/le-voyage-en-train-de-loiseau-en-hiver-migrant-migration.gif\"},{\"@type\":\"BreadcrumbList\",\"@id\":\"https:\\\/\\\/www.bretzel-liquide.com\\\/blog\\\/2025\\\/05\\\/03\\\/linquietude-de-loiseau-a-lannonce-de-la-prochaine-greve-des-trains\\\/#breadcrumb\",\"itemListElement\":[{\"@type\":\"ListItem\",\"position\":1,\"name\":\"Accueil\",\"item\":\"https:\\\/\\\/www.bretzel-liquide.com\\\/blog\\\/\"},{\"@type\":\"ListItem\",\"position\":2,\"name\":\"l&rsquo;inqui\u00e9tude de l&rsquo;oiseau \u00e0 l&rsquo;annonce de la prochaine gr\u00e8ve des trains\"}]},{\"@type\":\"WebSite\",\"@id\":\"https:\\\/\\\/www.bretzel-liquide.com\\\/blog\\\/#website\",\"url\":\"https:\\\/\\\/www.bretzel-liquide.com\\\/blog\\\/\",\"name\":\"\u00e0 l&#039;ombre d&#039;un paradoxe en fleur\",\"description\":\"la face nord du bretzel liquide : humour absurde, images \u00e9tranges, microblogging\",\"publisher\":{\"@id\":\"https:\\\/\\\/www.bretzel-liquide.com\\\/blog\\\/#\\\/schema\\\/person\\\/16b498860410bff000499934f159633d\"},\"potentialAction\":[{\"@type\":\"SearchAction\",\"target\":{\"@type\":\"EntryPoint\",\"urlTemplate\":\"https:\\\/\\\/www.bretzel-liquide.com\\\/blog\\\/?s={search_term_string}\"},\"query-input\":{\"@type\":\"PropertyValueSpecification\",\"valueRequired\":true,\"valueName\":\"search_term_string\"}}],\"inLanguage\":\"fr-FR\"},{\"@type\":[\"Person\",\"Organization\"],\"@id\":\"https:\\\/\\\/www.bretzel-liquide.com\\\/blog\\\/#\\\/schema\\\/person\\\/16b498860410bff000499934f159633d\",\"name\":\"Yves Brette\",\"image\":{\"@type\":\"ImageObject\",\"inLanguage\":\"fr-FR\",\"@id\":\"https:\\\/\\\/www.bretzel-liquide.com\\\/blog\\\/wp-content\\\/uploads\\\/2022\\\/01\\\/headerchien.jpg\",\"url\":\"https:\\\/\\\/www.bretzel-liquide.com\\\/blog\\\/wp-content\\\/uploads\\\/2022\\\/01\\\/headerchien.jpg\",\"contentUrl\":\"https:\\\/\\\/www.bretzel-liquide.com\\\/blog\\\/wp-content\\\/uploads\\\/2022\\\/01\\\/headerchien.jpg\",\"width\":150,\"height\":147,\"caption\":\"Yves Brette\"},\"logo\":{\"@id\":\"https:\\\/\\\/www.bretzel-liquide.com\\\/blog\\\/wp-content\\\/uploads\\\/2022\\\/01\\\/headerchien.jpg\"},\"sameAs\":[\"http:\\\/\\\/www.bretzel-liquide.com\\\/blog\"],\"url\":\"https:\\\/\\\/www.bretzel-liquide.com\\\/blog\\\/author\\\/yves\\\/\"}]}<\/script>\n<!-- \/ Yoast SEO plugin. -->","yoast_head_json":{"title":"l'inqui\u00e9tude de l'oiseau \u00e0 l'annonce de la prochaine gr\u00e8ve des trains - \u00e0 l&#039;ombre d&#039;un paradoxe en fleur","description":"l'inqui\u00e9tude de l'oiseau \u00e0 l'annonce de la prochaine gr\u00e8ve des trains. assis dans son compartiment, un corvid\u00e9 semble pr\u00e9occup\u00e9","robots":{"index":"index","follow":"follow","max-snippet":"max-snippet:-1","max-image-preview":"max-image-preview:large","max-video-preview":"max-video-preview:-1"},"canonical":"https:\/\/www.bretzel-liquide.com\/blog\/2025\/05\/03\/linquietude-de-loiseau-a-lannonce-de-la-prochaine-greve-des-trains\/","og_locale":"fr_FR","og_type":"article","og_title":"l'inqui\u00e9tude de l'oiseau \u00e0 l'annonce de la prochaine gr\u00e8ve des trains - \u00e0 l&#039;ombre d&#039;un paradoxe en fleur","og_description":"l'inqui\u00e9tude de l'oiseau \u00e0 l'annonce de la prochaine gr\u00e8ve des trains. assis dans son compartiment, un corvid\u00e9 semble pr\u00e9occup\u00e9","og_url":"https:\/\/www.bretzel-liquide.com\/blog\/2025\/05\/03\/linquietude-de-loiseau-a-lannonce-de-la-prochaine-greve-des-trains\/","og_site_name":"\u00e0 l&#039;ombre d&#039;un paradoxe en fleur","article_published_time":"2025-05-03T16:29:46+00:00","article_modified_time":"2025-05-03T16:41:57+00:00","og_image":[{"url":"https:\/\/www.bretzel-liquide.com\/blog\/wp-content\/uploads\/2025\/05\/le-voyage-en-train-de-loiseau-en-hiver-migrant-migration.gif","width":580,"height":565,"type":"image\/gif"}],"author":"Yves Brette","twitter_card":"summary_large_image","twitter_misc":{"\u00c9crit par":"Yves Brette"},"schema":{"@context":"https:\/\/schema.org","@graph":[{"@type":"Article","@id":"https:\/\/www.bretzel-liquide.com\/blog\/2025\/05\/03\/linquietude-de-loiseau-a-lannonce-de-la-prochaine-greve-des-trains\/#article","isPartOf":{"@id":"https:\/\/www.bretzel-liquide.com\/blog\/2025\/05\/03\/linquietude-de-loiseau-a-lannonce-de-la-prochaine-greve-des-trains\/"},"author":{"name":"Yves Brette","@id":"https:\/\/www.bretzel-liquide.com\/blog\/#\/schema\/person\/16b498860410bff000499934f159633d"},"headline":"l&rsquo;inqui\u00e9tude de l&rsquo;oiseau \u00e0 l&rsquo;annonce de la prochaine gr\u00e8ve des trains","datePublished":"2025-05-03T16:29:46+00:00","dateModified":"2025-05-03T16:41:57+00:00","mainEntityOfPage":{"@id":"https:\/\/www.bretzel-liquide.com\/blog\/2025\/05\/03\/linquietude-de-loiseau-a-lannonce-de-la-prochaine-greve-des-trains\/"},"wordCount":84,"commentCount":0,"publisher":{"@id":"https:\/\/www.bretzel-liquide.com\/blog\/#\/schema\/person\/16b498860410bff000499934f159633d"},"image":{"@id":"https:\/\/www.bretzel-liquide.com\/blog\/2025\/05\/03\/linquietude-de-loiseau-a-lannonce-de-la-prochaine-greve-des-trains\/#primaryimage"},"thumbnailUrl":"https:\/\/www.bretzel-liquide.com\/blog\/wp-content\/uploads\/2025\/05\/le-voyage-en-train-de-loiseau-en-hiver-migrant-migration.gif","keywords":["animation","consommation","\u00e9conomie","fable","gr\u00e8ve","mobilit\u00e9","oiseau","train","vacances","video"],"articleSection":["Agence France-Brette","gif anim\u00e9s avez-vous donc une \u00e2me","J'ai jamais eu les pieds sur Terre J'aimerais mieux \u00eatre un oiseau"],"inLanguage":"fr-FR","potentialAction":[{"@type":"CommentAction","name":"Comment","target":["https:\/\/www.bretzel-liquide.com\/blog\/2025\/05\/03\/linquietude-de-loiseau-a-lannonce-de-la-prochaine-greve-des-trains\/#respond"]}]},{"@type":"WebPage","@id":"https:\/\/www.bretzel-liquide.com\/blog\/2025\/05\/03\/linquietude-de-loiseau-a-lannonce-de-la-prochaine-greve-des-trains\/","url":"https:\/\/www.bretzel-liquide.com\/blog\/2025\/05\/03\/linquietude-de-loiseau-a-lannonce-de-la-prochaine-greve-des-trains\/","name":"l'inqui\u00e9tude de l'oiseau \u00e0 l'annonce de la prochaine gr\u00e8ve des trains - \u00e0 l&#039;ombre d&#039;un paradoxe en fleur","isPartOf":{"@id":"https:\/\/www.bretzel-liquide.com\/blog\/#website"},"primaryImageOfPage":{"@id":"https:\/\/www.bretzel-liquide.com\/blog\/2025\/05\/03\/linquietude-de-loiseau-a-lannonce-de-la-prochaine-greve-des-trains\/#primaryimage"},"image":{"@id":"https:\/\/www.bretzel-liquide.com\/blog\/2025\/05\/03\/linquietude-de-loiseau-a-lannonce-de-la-prochaine-greve-des-trains\/#primaryimage"},"thumbnailUrl":"https:\/\/www.bretzel-liquide.com\/blog\/wp-content\/uploads\/2025\/05\/le-voyage-en-train-de-loiseau-en-hiver-migrant-migration.gif","datePublished":"2025-05-03T16:29:46+00:00","dateModified":"2025-05-03T16:41:57+00:00","description":"l'inqui\u00e9tude de l'oiseau \u00e0 l'annonce de la prochaine gr\u00e8ve des trains. assis dans son compartiment, un corvid\u00e9 semble pr\u00e9occup\u00e9","breadcrumb":{"@id":"https:\/\/www.bretzel-liquide.com\/blog\/2025\/05\/03\/linquietude-de-loiseau-a-lannonce-de-la-prochaine-greve-des-trains\/#breadcrumb"},"inLanguage":"fr-FR","potentialAction":[{"@type":"ReadAction","target":["https:\/\/www.bretzel-liquide.com\/blog\/2025\/05\/03\/linquietude-de-loiseau-a-lannonce-de-la-prochaine-greve-des-trains\/"]}]},{"@type":"ImageObject","inLanguage":"fr-FR","@id":"https:\/\/www.bretzel-liquide.com\/blog\/2025\/05\/03\/linquietude-de-loiseau-a-lannonce-de-la-prochaine-greve-des-trains\/#primaryimage","url":"https:\/\/www.bretzel-liquide.com\/blog\/wp-content\/uploads\/2025\/05\/le-voyage-en-train-de-loiseau-en-hiver-migrant-migration.gif","contentUrl":"https:\/\/www.bretzel-liquide.com\/blog\/wp-content\/uploads\/2025\/05\/le-voyage-en-train-de-loiseau-en-hiver-migrant-migration.gif"},{"@type":"BreadcrumbList","@id":"https:\/\/www.bretzel-liquide.com\/blog\/2025\/05\/03\/linquietude-de-loiseau-a-lannonce-de-la-prochaine-greve-des-trains\/#breadcrumb","itemListElement":[{"@type":"ListItem","position":1,"name":"Accueil","item":"https:\/\/www.bretzel-liquide.com\/blog\/"},{"@type":"ListItem","position":2,"name":"l&rsquo;inqui\u00e9tude de l&rsquo;oiseau \u00e0 l&rsquo;annonce de la prochaine gr\u00e8ve des trains"}]},{"@type":"WebSite","@id":"https:\/\/www.bretzel-liquide.com\/blog\/#website","url":"https:\/\/www.bretzel-liquide.com\/blog\/","name":"\u00e0 l&#039;ombre d&#039;un paradoxe en fleur","description":"la face nord du bretzel liquide : humour absurde, images \u00e9tranges, microblogging","publisher":{"@id":"https:\/\/www.bretzel-liquide.com\/blog\/#\/schema\/person\/16b498860410bff000499934f159633d"},"potentialAction":[{"@type":"SearchAction","target":{"@type":"EntryPoint","urlTemplate":"https:\/\/www.bretzel-liquide.com\/blog\/?s={search_term_string}"},"query-input":{"@type":"PropertyValueSpecification","valueRequired":true,"valueName":"search_term_string"}}],"inLanguage":"fr-FR"},{"@type":["Person","Organization"],"@id":"https:\/\/www.bretzel-liquide.com\/blog\/#\/schema\/person\/16b498860410bff000499934f159633d","name":"Yves Brette","image":{"@type":"ImageObject","inLanguage":"fr-FR","@id":"https:\/\/www.bretzel-liquide.com\/blog\/wp-content\/uploads\/2022\/01\/headerchien.jpg","url":"https:\/\/www.bretzel-liquide.com\/blog\/wp-content\/uploads\/2022\/01\/headerchien.jpg","contentUrl":"https:\/\/www.bretzel-liquide.com\/blog\/wp-content\/uploads\/2022\/01\/headerchien.jpg","width":150,"height":147,"caption":"Yves Brette"},"logo":{"@id":"https:\/\/www.bretzel-liquide.com\/blog\/wp-content\/uploads\/2022\/01\/headerchien.jpg"},"sameAs":["http:\/\/www.bretzel-liquide.com\/blog"],"url":"https:\/\/www.bretzel-liquide.com\/blog\/author\/yves\/"}]}},"_links":{"self":[{"href":"https:\/\/www.bretzel-liquide.com\/blog\/wp-json\/wp\/v2\/posts\/13703","targetHints":{"allow":["GET"]}}],"collection":[{"href":"https:\/\/www.bretzel-liquide.com\/blog\/wp-json\/wp\/v2\/posts"}],"about":[{"href":"https:\/\/www.bretzel-liquide.com\/blog\/wp-json\/wp\/v2\/types\/post"}],"author":[{"embeddable":true,"href":"https:\/\/www.bretzel-liquide.com\/blog\/wp-json\/wp\/v2\/users\/1"}],"replies":[{"embeddable":true,"href":"https:\/\/www.bretzel-liquide.com\/blog\/wp-json\/wp\/v2\/comments?post=13703"}],"version-history":[{"count":2,"href":"https:\/\/www.bretzel-liquide.com\/blog\/wp-json\/wp\/v2\/posts\/13703\/revisions"}],"predecessor-version":[{"id":13707,"href":"https:\/\/www.bretzel-liquide.com\/blog\/wp-json\/wp\/v2\/posts\/13703\/revisions\/13707"}],"wp:attachment":[{"href":"https:\/\/www.bretzel-liquide.com\/blog\/wp-json\/wp\/v2\/media?parent=13703"}],"wp:term":[{"taxonomy":"category","embeddable":true,"href":"https:\/\/www.bretzel-liquide.com\/blog\/wp-json\/wp\/v2\/categories?post=13703"},{"taxonomy":"post_tag","embeddable":true,"href":"https:\/\/www.bretzel-liquide.com\/blog\/wp-json\/wp\/v2\/tags?post=13703"}],"curies":[{"name":"wp","href":"https:\/\/api.w.org\/{rel}","templated":true}]}}