{"id":13723,"date":"2025-05-04T12:08:00","date_gmt":"2025-05-04T10:08:00","guid":{"rendered":"https:\/\/www.bretzel-liquide.com\/blog\/?p=13723"},"modified":"2025-05-04T12:08:01","modified_gmt":"2025-05-04T10:08:01","slug":"black-out-electrique-en-espagne-lorigine-de-la-mega-panne-delectricite","status":"publish","type":"post","link":"https:\/\/www.bretzel-liquide.com\/blog\/2025\/05\/04\/black-out-electrique-en-espagne-lorigine-de-la-mega-panne-delectricite\/","title":{"rendered":"black-out \u00e9lectrique en Espagne : l&rsquo;origine de la m\u00e9ga-panne d&rsquo;\u00e9lectricit\u00e9"},"content":{"rendered":"\n<figure class=\"wp-block-image size-full\"><a href=\"https:\/\/www.bretzel-liquide.com\/blog\/wp-content\/uploads\/2025\/05\/Robocop-electricite-recharger-ses-batteries.gif\"><img loading=\"lazy\" decoding=\"async\" width=\"540\" height=\"296\" src=\"https:\/\/www.bretzel-liquide.com\/blog\/wp-content\/uploads\/2025\/05\/Robocop-electricite-recharger-ses-batteries.gif\" alt=\"Robocop rechargeant ses batteries\" class=\"wp-image-13724\"\/><\/a><\/figure>\n\n\n\n<p>black-out \u00e9lectrique en Espagne : l&rsquo;origine de la m\u00e9ga-panne d&rsquo;\u00e9lectricit\u00e9 du lundi 28 avril 2025<\/p>\n\n\n\n<p>Robocop rechargeant ses batteries<\/p>\n","protected":false},"excerpt":{"rendered":"<p>black-out \u00e9lectrique en Espagne : l&rsquo;origine de la m\u00e9ga-panne d&rsquo;\u00e9lectricit\u00e9 du lundi 28 avril 2025 Robocop rechargeant ses batteries<\/p>\n","protected":false},"author":1,"featured_media":0,"comment_status":"open","ping_status":"open","sticky":false,"template":"","format":"standard","meta":{"footnotes":""},"categories":[75,101,118],"tags":[31,258,1210,391,1601,1392,102,1942,189],"class_list":["post-13723","post","type-post","status-publish","format-standard","hentry","category-attache-de-presse-puree","category-gif-animes-avez-vous-donc-une-ame","category-the-truth-de-toilette","tag-ecologie","tag-economie","tag-electricite","tag-enquete","tag-espagne","tag-intelligence-artificielle","tag-police","tag-portugal","tag-robot"],"yoast_head":"<!-- This site is optimized with the Yoast SEO plugin v27.4 - https:\/\/yoast.com\/product\/yoast-seo-wordpress\/ -->\n<title>black-out \u00e9lectrique en Espagne : l&#039;origine de la m\u00e9ga-panne d&#039;\u00e9lectricit\u00e9 - \u00e0 l&#039;ombre d&#039;un paradoxe en fleur<\/title>\n<meta name=\"description\" content=\"black-out \u00e9lectrique en Espagne : l&#039;origine de la m\u00e9ga-panne d&#039;\u00e9lectricit\u00e9 du lundi 28 avril 2025. Robocop rechargeant ses batteries\" \/>\n<meta name=\"robots\" content=\"index, follow, max-snippet:-1, max-image-preview:large, max-video-preview:-1\" \/>\n<link rel=\"canonical\" href=\"https:\/\/www.bretzel-liquide.com\/blog\/2025\/05\/04\/black-out-electrique-en-espagne-lorigine-de-la-mega-panne-delectricite\/\" \/>\n<meta property=\"og:locale\" content=\"fr_FR\" \/>\n<meta property=\"og:type\" content=\"article\" \/>\n<meta property=\"og:title\" content=\"black-out \u00e9lectrique en Espagne : l&#039;origine de la m\u00e9ga-panne d&#039;\u00e9lectricit\u00e9 - \u00e0 l&#039;ombre d&#039;un paradoxe en fleur\" \/>\n<meta property=\"og:description\" content=\"black-out \u00e9lectrique en Espagne : l&#039;origine de la m\u00e9ga-panne d&#039;\u00e9lectricit\u00e9 du lundi 28 avril 2025. Robocop rechargeant ses batteries\" \/>\n<meta property=\"og:url\" content=\"https:\/\/www.bretzel-liquide.com\/blog\/2025\/05\/04\/black-out-electrique-en-espagne-lorigine-de-la-mega-panne-delectricite\/\" \/>\n<meta property=\"og:site_name\" content=\"\u00e0 l&#039;ombre d&#039;un paradoxe en fleur\" \/>\n<meta property=\"article:published_time\" content=\"2025-05-04T10:08:00+00:00\" \/>\n<meta property=\"article:modified_time\" content=\"2025-05-04T10:08:01+00:00\" \/>\n<meta property=\"og:image\" content=\"https:\/\/www.bretzel-liquide.com\/blog\/wp-content\/uploads\/2025\/05\/Robocop-electricite-recharger-ses-batteries.gif\" \/>\n\t<meta property=\"og:image:width\" content=\"540\" \/>\n\t<meta property=\"og:image:height\" content=\"296\" \/>\n\t<meta property=\"og:image:type\" content=\"image\/gif\" \/>\n<meta name=\"author\" content=\"Yves Brette\" \/>\n<meta name=\"twitter:card\" content=\"summary_large_image\" \/>\n<meta name=\"twitter:label1\" content=\"\u00c9crit par\" \/>\n\t<meta name=\"twitter:data1\" content=\"Yves Brette\" \/>\n<script type=\"application\/ld+json\" class=\"yoast-schema-graph\">{\"@context\":\"https:\\\/\\\/schema.org\",\"@graph\":[{\"@type\":\"Article\",\"@id\":\"https:\\\/\\\/www.bretzel-liquide.com\\\/blog\\\/2025\\\/05\\\/04\\\/black-out-electrique-en-espagne-lorigine-de-la-mega-panne-delectricite\\\/#article\",\"isPartOf\":{\"@id\":\"https:\\\/\\\/www.bretzel-liquide.com\\\/blog\\\/2025\\\/05\\\/04\\\/black-out-electrique-en-espagne-lorigine-de-la-mega-panne-delectricite\\\/\"},\"author\":{\"name\":\"Yves Brette\",\"@id\":\"https:\\\/\\\/www.bretzel-liquide.com\\\/blog\\\/#\\\/schema\\\/person\\\/16b498860410bff000499934f159633d\"},\"headline\":\"black-out \u00e9lectrique en Espagne : l&rsquo;origine de la m\u00e9ga-panne d&rsquo;\u00e9lectricit\u00e9\",\"datePublished\":\"2025-05-04T10:08:00+00:00\",\"dateModified\":\"2025-05-04T10:08:01+00:00\",\"mainEntityOfPage\":{\"@id\":\"https:\\\/\\\/www.bretzel-liquide.com\\\/blog\\\/2025\\\/05\\\/04\\\/black-out-electrique-en-espagne-lorigine-de-la-mega-panne-delectricite\\\/\"},\"wordCount\":31,\"commentCount\":0,\"publisher\":{\"@id\":\"https:\\\/\\\/www.bretzel-liquide.com\\\/blog\\\/#\\\/schema\\\/person\\\/16b498860410bff000499934f159633d\"},\"image\":{\"@id\":\"https:\\\/\\\/www.bretzel-liquide.com\\\/blog\\\/2025\\\/05\\\/04\\\/black-out-electrique-en-espagne-lorigine-de-la-mega-panne-delectricite\\\/#primaryimage\"},\"thumbnailUrl\":\"https:\\\/\\\/www.bretzel-liquide.com\\\/blog\\\/wp-content\\\/uploads\\\/2025\\\/05\\\/Robocop-electricite-recharger-ses-batteries.gif\",\"keywords\":[\"\u00e9cologie\",\"\u00e9conomie\",\"\u00e9lectricit\u00e9\",\"enqu\u00eate\",\"Espagne\",\"intelligence artificielle\",\"police\",\"Portugal\",\"robot\"],\"articleSection\":[\"attach\u00e9 de presse pur\u00e9e\",\"gif anim\u00e9s avez-vous donc une \u00e2me\",\"the truth (de toilette)\"],\"inLanguage\":\"fr-FR\",\"potentialAction\":[{\"@type\":\"CommentAction\",\"name\":\"Comment\",\"target\":[\"https:\\\/\\\/www.bretzel-liquide.com\\\/blog\\\/2025\\\/05\\\/04\\\/black-out-electrique-en-espagne-lorigine-de-la-mega-panne-delectricite\\\/#respond\"]}]},{\"@type\":\"WebPage\",\"@id\":\"https:\\\/\\\/www.bretzel-liquide.com\\\/blog\\\/2025\\\/05\\\/04\\\/black-out-electrique-en-espagne-lorigine-de-la-mega-panne-delectricite\\\/\",\"url\":\"https:\\\/\\\/www.bretzel-liquide.com\\\/blog\\\/2025\\\/05\\\/04\\\/black-out-electrique-en-espagne-lorigine-de-la-mega-panne-delectricite\\\/\",\"name\":\"black-out \u00e9lectrique en Espagne : l'origine de la m\u00e9ga-panne d'\u00e9lectricit\u00e9 - \u00e0 l&#039;ombre d&#039;un paradoxe en fleur\",\"isPartOf\":{\"@id\":\"https:\\\/\\\/www.bretzel-liquide.com\\\/blog\\\/#website\"},\"primaryImageOfPage\":{\"@id\":\"https:\\\/\\\/www.bretzel-liquide.com\\\/blog\\\/2025\\\/05\\\/04\\\/black-out-electrique-en-espagne-lorigine-de-la-mega-panne-delectricite\\\/#primaryimage\"},\"image\":{\"@id\":\"https:\\\/\\\/www.bretzel-liquide.com\\\/blog\\\/2025\\\/05\\\/04\\\/black-out-electrique-en-espagne-lorigine-de-la-mega-panne-delectricite\\\/#primaryimage\"},\"thumbnailUrl\":\"https:\\\/\\\/www.bretzel-liquide.com\\\/blog\\\/wp-content\\\/uploads\\\/2025\\\/05\\\/Robocop-electricite-recharger-ses-batteries.gif\",\"datePublished\":\"2025-05-04T10:08:00+00:00\",\"dateModified\":\"2025-05-04T10:08:01+00:00\",\"description\":\"black-out \u00e9lectrique en Espagne : l'origine de la m\u00e9ga-panne d'\u00e9lectricit\u00e9 du lundi 28 avril 2025. Robocop rechargeant ses batteries\",\"breadcrumb\":{\"@id\":\"https:\\\/\\\/www.bretzel-liquide.com\\\/blog\\\/2025\\\/05\\\/04\\\/black-out-electrique-en-espagne-lorigine-de-la-mega-panne-delectricite\\\/#breadcrumb\"},\"inLanguage\":\"fr-FR\",\"potentialAction\":[{\"@type\":\"ReadAction\",\"target\":[\"https:\\\/\\\/www.bretzel-liquide.com\\\/blog\\\/2025\\\/05\\\/04\\\/black-out-electrique-en-espagne-lorigine-de-la-mega-panne-delectricite\\\/\"]}]},{\"@type\":\"ImageObject\",\"inLanguage\":\"fr-FR\",\"@id\":\"https:\\\/\\\/www.bretzel-liquide.com\\\/blog\\\/2025\\\/05\\\/04\\\/black-out-electrique-en-espagne-lorigine-de-la-mega-panne-delectricite\\\/#primaryimage\",\"url\":\"https:\\\/\\\/www.bretzel-liquide.com\\\/blog\\\/wp-content\\\/uploads\\\/2025\\\/05\\\/Robocop-electricite-recharger-ses-batteries.gif\",\"contentUrl\":\"https:\\\/\\\/www.bretzel-liquide.com\\\/blog\\\/wp-content\\\/uploads\\\/2025\\\/05\\\/Robocop-electricite-recharger-ses-batteries.gif\"},{\"@type\":\"BreadcrumbList\",\"@id\":\"https:\\\/\\\/www.bretzel-liquide.com\\\/blog\\\/2025\\\/05\\\/04\\\/black-out-electrique-en-espagne-lorigine-de-la-mega-panne-delectricite\\\/#breadcrumb\",\"itemListElement\":[{\"@type\":\"ListItem\",\"position\":1,\"name\":\"Accueil\",\"item\":\"https:\\\/\\\/www.bretzel-liquide.com\\\/blog\\\/\"},{\"@type\":\"ListItem\",\"position\":2,\"name\":\"black-out \u00e9lectrique en Espagne : l&rsquo;origine de la m\u00e9ga-panne d&rsquo;\u00e9lectricit\u00e9\"}]},{\"@type\":\"WebSite\",\"@id\":\"https:\\\/\\\/www.bretzel-liquide.com\\\/blog\\\/#website\",\"url\":\"https:\\\/\\\/www.bretzel-liquide.com\\\/blog\\\/\",\"name\":\"\u00e0 l&#039;ombre d&#039;un paradoxe en fleur\",\"description\":\"la face nord du bretzel liquide : humour absurde, images \u00e9tranges, microblogging\",\"publisher\":{\"@id\":\"https:\\\/\\\/www.bretzel-liquide.com\\\/blog\\\/#\\\/schema\\\/person\\\/16b498860410bff000499934f159633d\"},\"potentialAction\":[{\"@type\":\"SearchAction\",\"target\":{\"@type\":\"EntryPoint\",\"urlTemplate\":\"https:\\\/\\\/www.bretzel-liquide.com\\\/blog\\\/?s={search_term_string}\"},\"query-input\":{\"@type\":\"PropertyValueSpecification\",\"valueRequired\":true,\"valueName\":\"search_term_string\"}}],\"inLanguage\":\"fr-FR\"},{\"@type\":[\"Person\",\"Organization\"],\"@id\":\"https:\\\/\\\/www.bretzel-liquide.com\\\/blog\\\/#\\\/schema\\\/person\\\/16b498860410bff000499934f159633d\",\"name\":\"Yves Brette\",\"image\":{\"@type\":\"ImageObject\",\"inLanguage\":\"fr-FR\",\"@id\":\"https:\\\/\\\/www.bretzel-liquide.com\\\/blog\\\/wp-content\\\/uploads\\\/2022\\\/01\\\/headerchien.jpg\",\"url\":\"https:\\\/\\\/www.bretzel-liquide.com\\\/blog\\\/wp-content\\\/uploads\\\/2022\\\/01\\\/headerchien.jpg\",\"contentUrl\":\"https:\\\/\\\/www.bretzel-liquide.com\\\/blog\\\/wp-content\\\/uploads\\\/2022\\\/01\\\/headerchien.jpg\",\"width\":150,\"height\":147,\"caption\":\"Yves Brette\"},\"logo\":{\"@id\":\"https:\\\/\\\/www.bretzel-liquide.com\\\/blog\\\/wp-content\\\/uploads\\\/2022\\\/01\\\/headerchien.jpg\"},\"sameAs\":[\"http:\\\/\\\/www.bretzel-liquide.com\\\/blog\"],\"url\":\"https:\\\/\\\/www.bretzel-liquide.com\\\/blog\\\/author\\\/yves\\\/\"}]}<\/script>\n<!-- \/ Yoast SEO plugin. -->","yoast_head_json":{"title":"black-out \u00e9lectrique en Espagne : l'origine de la m\u00e9ga-panne d'\u00e9lectricit\u00e9 - \u00e0 l&#039;ombre d&#039;un paradoxe en fleur","description":"black-out \u00e9lectrique en Espagne : l'origine de la m\u00e9ga-panne d'\u00e9lectricit\u00e9 du lundi 28 avril 2025. Robocop rechargeant ses batteries","robots":{"index":"index","follow":"follow","max-snippet":"max-snippet:-1","max-image-preview":"max-image-preview:large","max-video-preview":"max-video-preview:-1"},"canonical":"https:\/\/www.bretzel-liquide.com\/blog\/2025\/05\/04\/black-out-electrique-en-espagne-lorigine-de-la-mega-panne-delectricite\/","og_locale":"fr_FR","og_type":"article","og_title":"black-out \u00e9lectrique en Espagne : l'origine de la m\u00e9ga-panne d'\u00e9lectricit\u00e9 - \u00e0 l&#039;ombre d&#039;un paradoxe en fleur","og_description":"black-out \u00e9lectrique en Espagne : l'origine de la m\u00e9ga-panne d'\u00e9lectricit\u00e9 du lundi 28 avril 2025. Robocop rechargeant ses batteries","og_url":"https:\/\/www.bretzel-liquide.com\/blog\/2025\/05\/04\/black-out-electrique-en-espagne-lorigine-de-la-mega-panne-delectricite\/","og_site_name":"\u00e0 l&#039;ombre d&#039;un paradoxe en fleur","article_published_time":"2025-05-04T10:08:00+00:00","article_modified_time":"2025-05-04T10:08:01+00:00","og_image":[{"url":"https:\/\/www.bretzel-liquide.com\/blog\/wp-content\/uploads\/2025\/05\/Robocop-electricite-recharger-ses-batteries.gif","width":540,"height":296,"type":"image\/gif"}],"author":"Yves Brette","twitter_card":"summary_large_image","twitter_misc":{"\u00c9crit par":"Yves Brette"},"schema":{"@context":"https:\/\/schema.org","@graph":[{"@type":"Article","@id":"https:\/\/www.bretzel-liquide.com\/blog\/2025\/05\/04\/black-out-electrique-en-espagne-lorigine-de-la-mega-panne-delectricite\/#article","isPartOf":{"@id":"https:\/\/www.bretzel-liquide.com\/blog\/2025\/05\/04\/black-out-electrique-en-espagne-lorigine-de-la-mega-panne-delectricite\/"},"author":{"name":"Yves Brette","@id":"https:\/\/www.bretzel-liquide.com\/blog\/#\/schema\/person\/16b498860410bff000499934f159633d"},"headline":"black-out \u00e9lectrique en Espagne : l&rsquo;origine de la m\u00e9ga-panne d&rsquo;\u00e9lectricit\u00e9","datePublished":"2025-05-04T10:08:00+00:00","dateModified":"2025-05-04T10:08:01+00:00","mainEntityOfPage":{"@id":"https:\/\/www.bretzel-liquide.com\/blog\/2025\/05\/04\/black-out-electrique-en-espagne-lorigine-de-la-mega-panne-delectricite\/"},"wordCount":31,"commentCount":0,"publisher":{"@id":"https:\/\/www.bretzel-liquide.com\/blog\/#\/schema\/person\/16b498860410bff000499934f159633d"},"image":{"@id":"https:\/\/www.bretzel-liquide.com\/blog\/2025\/05\/04\/black-out-electrique-en-espagne-lorigine-de-la-mega-panne-delectricite\/#primaryimage"},"thumbnailUrl":"https:\/\/www.bretzel-liquide.com\/blog\/wp-content\/uploads\/2025\/05\/Robocop-electricite-recharger-ses-batteries.gif","keywords":["\u00e9cologie","\u00e9conomie","\u00e9lectricit\u00e9","enqu\u00eate","Espagne","intelligence artificielle","police","Portugal","robot"],"articleSection":["attach\u00e9 de presse pur\u00e9e","gif anim\u00e9s avez-vous donc une \u00e2me","the truth (de toilette)"],"inLanguage":"fr-FR","potentialAction":[{"@type":"CommentAction","name":"Comment","target":["https:\/\/www.bretzel-liquide.com\/blog\/2025\/05\/04\/black-out-electrique-en-espagne-lorigine-de-la-mega-panne-delectricite\/#respond"]}]},{"@type":"WebPage","@id":"https:\/\/www.bretzel-liquide.com\/blog\/2025\/05\/04\/black-out-electrique-en-espagne-lorigine-de-la-mega-panne-delectricite\/","url":"https:\/\/www.bretzel-liquide.com\/blog\/2025\/05\/04\/black-out-electrique-en-espagne-lorigine-de-la-mega-panne-delectricite\/","name":"black-out \u00e9lectrique en Espagne : l'origine de la m\u00e9ga-panne d'\u00e9lectricit\u00e9 - \u00e0 l&#039;ombre d&#039;un paradoxe en fleur","isPartOf":{"@id":"https:\/\/www.bretzel-liquide.com\/blog\/#website"},"primaryImageOfPage":{"@id":"https:\/\/www.bretzel-liquide.com\/blog\/2025\/05\/04\/black-out-electrique-en-espagne-lorigine-de-la-mega-panne-delectricite\/#primaryimage"},"image":{"@id":"https:\/\/www.bretzel-liquide.com\/blog\/2025\/05\/04\/black-out-electrique-en-espagne-lorigine-de-la-mega-panne-delectricite\/#primaryimage"},"thumbnailUrl":"https:\/\/www.bretzel-liquide.com\/blog\/wp-content\/uploads\/2025\/05\/Robocop-electricite-recharger-ses-batteries.gif","datePublished":"2025-05-04T10:08:00+00:00","dateModified":"2025-05-04T10:08:01+00:00","description":"black-out \u00e9lectrique en Espagne : l'origine de la m\u00e9ga-panne d'\u00e9lectricit\u00e9 du lundi 28 avril 2025. Robocop rechargeant ses batteries","breadcrumb":{"@id":"https:\/\/www.bretzel-liquide.com\/blog\/2025\/05\/04\/black-out-electrique-en-espagne-lorigine-de-la-mega-panne-delectricite\/#breadcrumb"},"inLanguage":"fr-FR","potentialAction":[{"@type":"ReadAction","target":["https:\/\/www.bretzel-liquide.com\/blog\/2025\/05\/04\/black-out-electrique-en-espagne-lorigine-de-la-mega-panne-delectricite\/"]}]},{"@type":"ImageObject","inLanguage":"fr-FR","@id":"https:\/\/www.bretzel-liquide.com\/blog\/2025\/05\/04\/black-out-electrique-en-espagne-lorigine-de-la-mega-panne-delectricite\/#primaryimage","url":"https:\/\/www.bretzel-liquide.com\/blog\/wp-content\/uploads\/2025\/05\/Robocop-electricite-recharger-ses-batteries.gif","contentUrl":"https:\/\/www.bretzel-liquide.com\/blog\/wp-content\/uploads\/2025\/05\/Robocop-electricite-recharger-ses-batteries.gif"},{"@type":"BreadcrumbList","@id":"https:\/\/www.bretzel-liquide.com\/blog\/2025\/05\/04\/black-out-electrique-en-espagne-lorigine-de-la-mega-panne-delectricite\/#breadcrumb","itemListElement":[{"@type":"ListItem","position":1,"name":"Accueil","item":"https:\/\/www.bretzel-liquide.com\/blog\/"},{"@type":"ListItem","position":2,"name":"black-out \u00e9lectrique en Espagne : l&rsquo;origine de la m\u00e9ga-panne d&rsquo;\u00e9lectricit\u00e9"}]},{"@type":"WebSite","@id":"https:\/\/www.bretzel-liquide.com\/blog\/#website","url":"https:\/\/www.bretzel-liquide.com\/blog\/","name":"\u00e0 l&#039;ombre d&#039;un paradoxe en fleur","description":"la face nord du bretzel liquide : humour absurde, images \u00e9tranges, microblogging","publisher":{"@id":"https:\/\/www.bretzel-liquide.com\/blog\/#\/schema\/person\/16b498860410bff000499934f159633d"},"potentialAction":[{"@type":"SearchAction","target":{"@type":"EntryPoint","urlTemplate":"https:\/\/www.bretzel-liquide.com\/blog\/?s={search_term_string}"},"query-input":{"@type":"PropertyValueSpecification","valueRequired":true,"valueName":"search_term_string"}}],"inLanguage":"fr-FR"},{"@type":["Person","Organization"],"@id":"https:\/\/www.bretzel-liquide.com\/blog\/#\/schema\/person\/16b498860410bff000499934f159633d","name":"Yves Brette","image":{"@type":"ImageObject","inLanguage":"fr-FR","@id":"https:\/\/www.bretzel-liquide.com\/blog\/wp-content\/uploads\/2022\/01\/headerchien.jpg","url":"https:\/\/www.bretzel-liquide.com\/blog\/wp-content\/uploads\/2022\/01\/headerchien.jpg","contentUrl":"https:\/\/www.bretzel-liquide.com\/blog\/wp-content\/uploads\/2022\/01\/headerchien.jpg","width":150,"height":147,"caption":"Yves Brette"},"logo":{"@id":"https:\/\/www.bretzel-liquide.com\/blog\/wp-content\/uploads\/2022\/01\/headerchien.jpg"},"sameAs":["http:\/\/www.bretzel-liquide.com\/blog"],"url":"https:\/\/www.bretzel-liquide.com\/blog\/author\/yves\/"}]}},"_links":{"self":[{"href":"https:\/\/www.bretzel-liquide.com\/blog\/wp-json\/wp\/v2\/posts\/13723","targetHints":{"allow":["GET"]}}],"collection":[{"href":"https:\/\/www.bretzel-liquide.com\/blog\/wp-json\/wp\/v2\/posts"}],"about":[{"href":"https:\/\/www.bretzel-liquide.com\/blog\/wp-json\/wp\/v2\/types\/post"}],"author":[{"embeddable":true,"href":"https:\/\/www.bretzel-liquide.com\/blog\/wp-json\/wp\/v2\/users\/1"}],"replies":[{"embeddable":true,"href":"https:\/\/www.bretzel-liquide.com\/blog\/wp-json\/wp\/v2\/comments?post=13723"}],"version-history":[{"count":1,"href":"https:\/\/www.bretzel-liquide.com\/blog\/wp-json\/wp\/v2\/posts\/13723\/revisions"}],"predecessor-version":[{"id":13725,"href":"https:\/\/www.bretzel-liquide.com\/blog\/wp-json\/wp\/v2\/posts\/13723\/revisions\/13725"}],"wp:attachment":[{"href":"https:\/\/www.bretzel-liquide.com\/blog\/wp-json\/wp\/v2\/media?parent=13723"}],"wp:term":[{"taxonomy":"category","embeddable":true,"href":"https:\/\/www.bretzel-liquide.com\/blog\/wp-json\/wp\/v2\/categories?post=13723"},{"taxonomy":"post_tag","embeddable":true,"href":"https:\/\/www.bretzel-liquide.com\/blog\/wp-json\/wp\/v2\/tags?post=13723"}],"curies":[{"name":"wp","href":"https:\/\/api.w.org\/{rel}","templated":true}]}}