{"id":14206,"date":"2025-05-26T10:27:03","date_gmt":"2025-05-26T08:27:03","guid":{"rendered":"https:\/\/www.bretzel-liquide.com\/blog\/?p=14206"},"modified":"2025-05-26T10:41:22","modified_gmt":"2025-05-26T08:41:22","slug":"moment-de-complicite-chez-les-macron-laffaire-de-la-gifle","status":"publish","type":"post","link":"https:\/\/www.bretzel-liquide.com\/blog\/2025\/05\/26\/moment-de-complicite-chez-les-macron-laffaire-de-la-gifle\/","title":{"rendered":"moment de complicit\u00e9 chez les Macron : l&rsquo;affaire de la gifle"},"content":{"rendered":"\n<figure class=\"wp-block-video\"><video height=\"296\" style=\"aspect-ratio: 390 \/ 296;\" width=\"390\" controls src=\"https:\/\/www.bretzel-liquide.com\/blog\/wp-content\/uploads\/2025\/05\/moment-de-complicite-chez-les-Macron-laffaire-de-la-gifle.mp4\"><\/video><\/figure>\n\n\n\n<p>moment de complicit\u00e9 chez les Macron : l&rsquo;affaire de la gifle <\/p>\n\n\n\n<p>Star Trek<\/p>\n\n\n\n<p>tags : d\u00e9compression et vie de couple, presse people et complotisme, pour un mot pour un geste tendre<\/p>\n\n\n\n<p>alt : images vol\u00e9es d&rsquo;un moment d&rsquo;intimit\u00e9 d&rsquo;un couple \u00e9changeant des caresses au visage<\/p>\n\n\n\n<p>L&rsquo;\u00c9lys\u00e9e a oppos\u00e9 un d\u00e9menti, mais finalement confirme (<a href=\"https:\/\/www.franceinfo.fr\/politique\/emmanuel-macron\/brigitte-macron\/c-etait-un-moment-ou-ils-decompressaient-l-elysee-donne-sa-version-sur-la-video-qui-montre-un-geste-brusque-de-brigitte-macron-au-chef-de-l-etat_7273269.html\">franceinfo.fr<\/a>)<\/p>\n","protected":false},"excerpt":{"rendered":"<p>moment de complicit\u00e9 chez les Macron : l&rsquo;affaire de la gifle Star Trek tags : d\u00e9compression et vie de couple, presse people et complotisme, pour un mot pour un geste tendre alt : images vol\u00e9es d&rsquo;un moment d&rsquo;intimit\u00e9 d&rsquo;un couple \u00e9changeant des caresses au visage L&rsquo;\u00c9lys\u00e9e a oppos\u00e9 un d\u00e9menti, mais finalement confirme (franceinfo.fr)<\/p>\n","protected":false},"author":1,"featured_media":0,"comment_status":"open","ping_status":"open","sticky":false,"template":"","format":"standard","meta":{"footnotes":""},"categories":[58,66],"tags":[206,240,70,18],"class_list":["post-14206","post","type-post","status-publish","format-standard","hentry","category-agence-france-brette","category-ensemble-tout-devient-penible","tag-couple","tag-emmanuel-macron","tag-politique","tag-video"],"yoast_head":"<!-- This site is optimized with the Yoast SEO plugin v27.5 - https:\/\/yoast.com\/product\/yoast-seo-wordpress\/ -->\n<title>moment de complicit\u00e9 chez les Macron : l&#039;affaire de la gifle - \u00e0 l&#039;ombre d&#039;un paradoxe en fleur<\/title>\n<meta name=\"description\" content=\"moment de complicit\u00e9 chez les Macron : l&#039;affaire de la gifle\" \/>\n<meta name=\"robots\" content=\"index, follow, max-snippet:-1, max-image-preview:large, max-video-preview:-1\" \/>\n<link rel=\"canonical\" href=\"https:\/\/www.bretzel-liquide.com\/blog\/2025\/05\/26\/moment-de-complicite-chez-les-macron-laffaire-de-la-gifle\/\" \/>\n<meta property=\"og:locale\" content=\"fr_FR\" \/>\n<meta property=\"og:type\" content=\"article\" \/>\n<meta property=\"og:title\" content=\"moment de complicit\u00e9 chez les Macron : l&#039;affaire de la gifle - \u00e0 l&#039;ombre d&#039;un paradoxe en fleur\" \/>\n<meta property=\"og:description\" content=\"moment de complicit\u00e9 chez les Macron : l&#039;affaire de la gifle\" \/>\n<meta property=\"og:url\" content=\"https:\/\/www.bretzel-liquide.com\/blog\/2025\/05\/26\/moment-de-complicite-chez-les-macron-laffaire-de-la-gifle\/\" \/>\n<meta property=\"og:site_name\" content=\"\u00e0 l&#039;ombre d&#039;un paradoxe en fleur\" \/>\n<meta property=\"article:published_time\" content=\"2025-05-26T08:27:03+00:00\" \/>\n<meta property=\"article:modified_time\" content=\"2025-05-26T08:41:22+00:00\" \/>\n<meta name=\"author\" content=\"Yves Brette\" \/>\n<meta name=\"twitter:card\" content=\"summary_large_image\" \/>\n<meta name=\"twitter:label1\" content=\"\u00c9crit par\" \/>\n\t<meta name=\"twitter:data1\" content=\"Yves Brette\" \/>\n<script type=\"application\/ld+json\" class=\"yoast-schema-graph\">{\"@context\":\"https:\\\/\\\/schema.org\",\"@graph\":[{\"@type\":\"Article\",\"@id\":\"https:\\\/\\\/www.bretzel-liquide.com\\\/blog\\\/2025\\\/05\\\/26\\\/moment-de-complicite-chez-les-macron-laffaire-de-la-gifle\\\/#article\",\"isPartOf\":{\"@id\":\"https:\\\/\\\/www.bretzel-liquide.com\\\/blog\\\/2025\\\/05\\\/26\\\/moment-de-complicite-chez-les-macron-laffaire-de-la-gifle\\\/\"},\"author\":{\"name\":\"Yves Brette\",\"@id\":\"https:\\\/\\\/www.bretzel-liquide.com\\\/blog\\\/#\\\/schema\\\/person\\\/16b498860410bff000499934f159633d\"},\"headline\":\"moment de complicit\u00e9 chez les Macron : l&rsquo;affaire de la gifle\",\"datePublished\":\"2025-05-26T08:27:03+00:00\",\"dateModified\":\"2025-05-26T08:41:22+00:00\",\"mainEntityOfPage\":{\"@id\":\"https:\\\/\\\/www.bretzel-liquide.com\\\/blog\\\/2025\\\/05\\\/26\\\/moment-de-complicite-chez-les-macron-laffaire-de-la-gifle\\\/\"},\"wordCount\":72,\"commentCount\":0,\"publisher\":{\"@id\":\"https:\\\/\\\/www.bretzel-liquide.com\\\/blog\\\/#\\\/schema\\\/person\\\/16b498860410bff000499934f159633d\"},\"keywords\":[\"couple\",\"emmanuel macron\",\"politique\",\"video\"],\"articleSection\":[\"Agence France-Brette\",\"ensemble, tout devient p\u00e9nible\"],\"inLanguage\":\"fr-FR\",\"potentialAction\":[{\"@type\":\"CommentAction\",\"name\":\"Comment\",\"target\":[\"https:\\\/\\\/www.bretzel-liquide.com\\\/blog\\\/2025\\\/05\\\/26\\\/moment-de-complicite-chez-les-macron-laffaire-de-la-gifle\\\/#respond\"]}]},{\"@type\":\"WebPage\",\"@id\":\"https:\\\/\\\/www.bretzel-liquide.com\\\/blog\\\/2025\\\/05\\\/26\\\/moment-de-complicite-chez-les-macron-laffaire-de-la-gifle\\\/\",\"url\":\"https:\\\/\\\/www.bretzel-liquide.com\\\/blog\\\/2025\\\/05\\\/26\\\/moment-de-complicite-chez-les-macron-laffaire-de-la-gifle\\\/\",\"name\":\"moment de complicit\u00e9 chez les Macron : l'affaire de la gifle - \u00e0 l&#039;ombre d&#039;un paradoxe en fleur\",\"isPartOf\":{\"@id\":\"https:\\\/\\\/www.bretzel-liquide.com\\\/blog\\\/#website\"},\"datePublished\":\"2025-05-26T08:27:03+00:00\",\"dateModified\":\"2025-05-26T08:41:22+00:00\",\"description\":\"moment de complicit\u00e9 chez les Macron : l'affaire de la gifle\",\"breadcrumb\":{\"@id\":\"https:\\\/\\\/www.bretzel-liquide.com\\\/blog\\\/2025\\\/05\\\/26\\\/moment-de-complicite-chez-les-macron-laffaire-de-la-gifle\\\/#breadcrumb\"},\"inLanguage\":\"fr-FR\",\"potentialAction\":[{\"@type\":\"ReadAction\",\"target\":[\"https:\\\/\\\/www.bretzel-liquide.com\\\/blog\\\/2025\\\/05\\\/26\\\/moment-de-complicite-chez-les-macron-laffaire-de-la-gifle\\\/\"]}]},{\"@type\":\"BreadcrumbList\",\"@id\":\"https:\\\/\\\/www.bretzel-liquide.com\\\/blog\\\/2025\\\/05\\\/26\\\/moment-de-complicite-chez-les-macron-laffaire-de-la-gifle\\\/#breadcrumb\",\"itemListElement\":[{\"@type\":\"ListItem\",\"position\":1,\"name\":\"Accueil\",\"item\":\"https:\\\/\\\/www.bretzel-liquide.com\\\/blog\\\/\"},{\"@type\":\"ListItem\",\"position\":2,\"name\":\"moment de complicit\u00e9 chez les Macron : l&rsquo;affaire de la gifle\"}]},{\"@type\":\"WebSite\",\"@id\":\"https:\\\/\\\/www.bretzel-liquide.com\\\/blog\\\/#website\",\"url\":\"https:\\\/\\\/www.bretzel-liquide.com\\\/blog\\\/\",\"name\":\"\u00e0 l&#039;ombre d&#039;un paradoxe en fleur\",\"description\":\"la face nord du bretzel liquide : humour absurde, images \u00e9tranges, microblogging\",\"publisher\":{\"@id\":\"https:\\\/\\\/www.bretzel-liquide.com\\\/blog\\\/#\\\/schema\\\/person\\\/16b498860410bff000499934f159633d\"},\"potentialAction\":[{\"@type\":\"SearchAction\",\"target\":{\"@type\":\"EntryPoint\",\"urlTemplate\":\"https:\\\/\\\/www.bretzel-liquide.com\\\/blog\\\/?s={search_term_string}\"},\"query-input\":{\"@type\":\"PropertyValueSpecification\",\"valueRequired\":true,\"valueName\":\"search_term_string\"}}],\"inLanguage\":\"fr-FR\"},{\"@type\":[\"Person\",\"Organization\"],\"@id\":\"https:\\\/\\\/www.bretzel-liquide.com\\\/blog\\\/#\\\/schema\\\/person\\\/16b498860410bff000499934f159633d\",\"name\":\"Yves Brette\",\"image\":{\"@type\":\"ImageObject\",\"inLanguage\":\"fr-FR\",\"@id\":\"https:\\\/\\\/www.bretzel-liquide.com\\\/blog\\\/wp-content\\\/uploads\\\/2022\\\/01\\\/headerchien.jpg\",\"url\":\"https:\\\/\\\/www.bretzel-liquide.com\\\/blog\\\/wp-content\\\/uploads\\\/2022\\\/01\\\/headerchien.jpg\",\"contentUrl\":\"https:\\\/\\\/www.bretzel-liquide.com\\\/blog\\\/wp-content\\\/uploads\\\/2022\\\/01\\\/headerchien.jpg\",\"width\":150,\"height\":147,\"caption\":\"Yves Brette\"},\"logo\":{\"@id\":\"https:\\\/\\\/www.bretzel-liquide.com\\\/blog\\\/wp-content\\\/uploads\\\/2022\\\/01\\\/headerchien.jpg\"},\"sameAs\":[\"http:\\\/\\\/www.bretzel-liquide.com\\\/blog\"],\"url\":\"https:\\\/\\\/www.bretzel-liquide.com\\\/blog\\\/author\\\/yves\\\/\"}]}<\/script>\n<!-- \/ Yoast SEO plugin. -->","yoast_head_json":{"title":"moment de complicit\u00e9 chez les Macron : l'affaire de la gifle - \u00e0 l&#039;ombre d&#039;un paradoxe en fleur","description":"moment de complicit\u00e9 chez les Macron : l'affaire de la gifle","robots":{"index":"index","follow":"follow","max-snippet":"max-snippet:-1","max-image-preview":"max-image-preview:large","max-video-preview":"max-video-preview:-1"},"canonical":"https:\/\/www.bretzel-liquide.com\/blog\/2025\/05\/26\/moment-de-complicite-chez-les-macron-laffaire-de-la-gifle\/","og_locale":"fr_FR","og_type":"article","og_title":"moment de complicit\u00e9 chez les Macron : l'affaire de la gifle - \u00e0 l&#039;ombre d&#039;un paradoxe en fleur","og_description":"moment de complicit\u00e9 chez les Macron : l'affaire de la gifle","og_url":"https:\/\/www.bretzel-liquide.com\/blog\/2025\/05\/26\/moment-de-complicite-chez-les-macron-laffaire-de-la-gifle\/","og_site_name":"\u00e0 l&#039;ombre d&#039;un paradoxe en fleur","article_published_time":"2025-05-26T08:27:03+00:00","article_modified_time":"2025-05-26T08:41:22+00:00","author":"Yves Brette","twitter_card":"summary_large_image","twitter_misc":{"\u00c9crit par":"Yves Brette"},"schema":{"@context":"https:\/\/schema.org","@graph":[{"@type":"Article","@id":"https:\/\/www.bretzel-liquide.com\/blog\/2025\/05\/26\/moment-de-complicite-chez-les-macron-laffaire-de-la-gifle\/#article","isPartOf":{"@id":"https:\/\/www.bretzel-liquide.com\/blog\/2025\/05\/26\/moment-de-complicite-chez-les-macron-laffaire-de-la-gifle\/"},"author":{"name":"Yves Brette","@id":"https:\/\/www.bretzel-liquide.com\/blog\/#\/schema\/person\/16b498860410bff000499934f159633d"},"headline":"moment de complicit\u00e9 chez les Macron : l&rsquo;affaire de la gifle","datePublished":"2025-05-26T08:27:03+00:00","dateModified":"2025-05-26T08:41:22+00:00","mainEntityOfPage":{"@id":"https:\/\/www.bretzel-liquide.com\/blog\/2025\/05\/26\/moment-de-complicite-chez-les-macron-laffaire-de-la-gifle\/"},"wordCount":72,"commentCount":0,"publisher":{"@id":"https:\/\/www.bretzel-liquide.com\/blog\/#\/schema\/person\/16b498860410bff000499934f159633d"},"keywords":["couple","emmanuel macron","politique","video"],"articleSection":["Agence France-Brette","ensemble, tout devient p\u00e9nible"],"inLanguage":"fr-FR","potentialAction":[{"@type":"CommentAction","name":"Comment","target":["https:\/\/www.bretzel-liquide.com\/blog\/2025\/05\/26\/moment-de-complicite-chez-les-macron-laffaire-de-la-gifle\/#respond"]}]},{"@type":"WebPage","@id":"https:\/\/www.bretzel-liquide.com\/blog\/2025\/05\/26\/moment-de-complicite-chez-les-macron-laffaire-de-la-gifle\/","url":"https:\/\/www.bretzel-liquide.com\/blog\/2025\/05\/26\/moment-de-complicite-chez-les-macron-laffaire-de-la-gifle\/","name":"moment de complicit\u00e9 chez les Macron : l'affaire de la gifle - \u00e0 l&#039;ombre d&#039;un paradoxe en fleur","isPartOf":{"@id":"https:\/\/www.bretzel-liquide.com\/blog\/#website"},"datePublished":"2025-05-26T08:27:03+00:00","dateModified":"2025-05-26T08:41:22+00:00","description":"moment de complicit\u00e9 chez les Macron : l'affaire de la gifle","breadcrumb":{"@id":"https:\/\/www.bretzel-liquide.com\/blog\/2025\/05\/26\/moment-de-complicite-chez-les-macron-laffaire-de-la-gifle\/#breadcrumb"},"inLanguage":"fr-FR","potentialAction":[{"@type":"ReadAction","target":["https:\/\/www.bretzel-liquide.com\/blog\/2025\/05\/26\/moment-de-complicite-chez-les-macron-laffaire-de-la-gifle\/"]}]},{"@type":"BreadcrumbList","@id":"https:\/\/www.bretzel-liquide.com\/blog\/2025\/05\/26\/moment-de-complicite-chez-les-macron-laffaire-de-la-gifle\/#breadcrumb","itemListElement":[{"@type":"ListItem","position":1,"name":"Accueil","item":"https:\/\/www.bretzel-liquide.com\/blog\/"},{"@type":"ListItem","position":2,"name":"moment de complicit\u00e9 chez les Macron : l&rsquo;affaire de la gifle"}]},{"@type":"WebSite","@id":"https:\/\/www.bretzel-liquide.com\/blog\/#website","url":"https:\/\/www.bretzel-liquide.com\/blog\/","name":"\u00e0 l&#039;ombre d&#039;un paradoxe en fleur","description":"la face nord du bretzel liquide : humour absurde, images \u00e9tranges, microblogging","publisher":{"@id":"https:\/\/www.bretzel-liquide.com\/blog\/#\/schema\/person\/16b498860410bff000499934f159633d"},"potentialAction":[{"@type":"SearchAction","target":{"@type":"EntryPoint","urlTemplate":"https:\/\/www.bretzel-liquide.com\/blog\/?s={search_term_string}"},"query-input":{"@type":"PropertyValueSpecification","valueRequired":true,"valueName":"search_term_string"}}],"inLanguage":"fr-FR"},{"@type":["Person","Organization"],"@id":"https:\/\/www.bretzel-liquide.com\/blog\/#\/schema\/person\/16b498860410bff000499934f159633d","name":"Yves Brette","image":{"@type":"ImageObject","inLanguage":"fr-FR","@id":"https:\/\/www.bretzel-liquide.com\/blog\/wp-content\/uploads\/2022\/01\/headerchien.jpg","url":"https:\/\/www.bretzel-liquide.com\/blog\/wp-content\/uploads\/2022\/01\/headerchien.jpg","contentUrl":"https:\/\/www.bretzel-liquide.com\/blog\/wp-content\/uploads\/2022\/01\/headerchien.jpg","width":150,"height":147,"caption":"Yves Brette"},"logo":{"@id":"https:\/\/www.bretzel-liquide.com\/blog\/wp-content\/uploads\/2022\/01\/headerchien.jpg"},"sameAs":["http:\/\/www.bretzel-liquide.com\/blog"],"url":"https:\/\/www.bretzel-liquide.com\/blog\/author\/yves\/"}]}},"_links":{"self":[{"href":"https:\/\/www.bretzel-liquide.com\/blog\/wp-json\/wp\/v2\/posts\/14206","targetHints":{"allow":["GET"]}}],"collection":[{"href":"https:\/\/www.bretzel-liquide.com\/blog\/wp-json\/wp\/v2\/posts"}],"about":[{"href":"https:\/\/www.bretzel-liquide.com\/blog\/wp-json\/wp\/v2\/types\/post"}],"author":[{"embeddable":true,"href":"https:\/\/www.bretzel-liquide.com\/blog\/wp-json\/wp\/v2\/users\/1"}],"replies":[{"embeddable":true,"href":"https:\/\/www.bretzel-liquide.com\/blog\/wp-json\/wp\/v2\/comments?post=14206"}],"version-history":[{"count":4,"href":"https:\/\/www.bretzel-liquide.com\/blog\/wp-json\/wp\/v2\/posts\/14206\/revisions"}],"predecessor-version":[{"id":14213,"href":"https:\/\/www.bretzel-liquide.com\/blog\/wp-json\/wp\/v2\/posts\/14206\/revisions\/14213"}],"wp:attachment":[{"href":"https:\/\/www.bretzel-liquide.com\/blog\/wp-json\/wp\/v2\/media?parent=14206"}],"wp:term":[{"taxonomy":"category","embeddable":true,"href":"https:\/\/www.bretzel-liquide.com\/blog\/wp-json\/wp\/v2\/categories?post=14206"},{"taxonomy":"post_tag","embeddable":true,"href":"https:\/\/www.bretzel-liquide.com\/blog\/wp-json\/wp\/v2\/tags?post=14206"}],"curies":[{"name":"wp","href":"https:\/\/api.w.org\/{rel}","templated":true}]}}