{"id":14242,"date":"2025-05-29T07:49:33","date_gmt":"2025-05-29T05:49:33","guid":{"rendered":"https:\/\/www.bretzel-liquide.com\/blog\/?p=14242"},"modified":"2025-05-29T07:56:59","modified_gmt":"2025-05-29T05:56:59","slug":"jeudi-de-lascension-2","status":"publish","type":"post","link":"https:\/\/www.bretzel-liquide.com\/blog\/2025\/05\/29\/jeudi-de-lascension-2\/","title":{"rendered":"jeudi de l&rsquo;Ascension"},"content":{"rendered":"\n<figure class=\"wp-block-image size-full\"><a href=\"https:\/\/www.bretzel-liquide.com\/blog\/wp-content\/uploads\/2025\/05\/decollage-vertical-expulser-le-pilote-de-lavion-siege-ejectable-LAscension-designe-le-moment-ou-Jesus-a-ete-eleve-au-ciel-apres-avoir-ete-crucifie-et-apres-etre-ressuscite.jpg\"><img loading=\"lazy\" decoding=\"async\" width=\"495\" height=\"750\" src=\"https:\/\/www.bretzel-liquide.com\/blog\/wp-content\/uploads\/2025\/05\/decollage-vertical-expulser-le-pilote-de-lavion-siege-ejectable-LAscension-designe-le-moment-ou-Jesus-a-ete-eleve-au-ciel-apres-avoir-ete-crucifie-et-apres-etre-ressuscite.jpg\" alt=\"le moment o\u00f9 le pilote d'un avion au sol est \u00e9lev\u00e9 au ciel loin de la poussi\u00e8re par un si\u00e8ge \u00e9jectable\" class=\"wp-image-14243\" srcset=\"https:\/\/www.bretzel-liquide.com\/blog\/wp-content\/uploads\/2025\/05\/decollage-vertical-expulser-le-pilote-de-lavion-siege-ejectable-LAscension-designe-le-moment-ou-Jesus-a-ete-eleve-au-ciel-apres-avoir-ete-crucifie-et-apres-etre-ressuscite.jpg 495w, https:\/\/www.bretzel-liquide.com\/blog\/wp-content\/uploads\/2025\/05\/decollage-vertical-expulser-le-pilote-de-lavion-siege-ejectable-LAscension-designe-le-moment-ou-Jesus-a-ete-eleve-au-ciel-apres-avoir-ete-crucifie-et-apres-etre-ressuscite-198x300.jpg 198w\" sizes=\"auto, (max-width: 495px) 100vw, 495px\" \/><\/a><\/figure>\n\n\n\n<p>jeudi de l&rsquo;Ascension<\/p>\n\n\n\n<p>La f\u00eate de l\u2019Ascension\u00a0c\u00e9l\u00e8bre la mont\u00e9e de J\u00e9sus vers Dieu son P\u00e8re. Elle est f\u00eat\u00e9e en France le jeudi de l\u2019Ascension, quarante jours apr\u00e8s P\u00e2ques. <\/p>\n\n\n\n<p>Mort et ressuscit\u00e9, il quitte ses disciples tout en continuant d\u2019\u00eatre pr\u00e9sent aupr\u00e8s d\u2019eux, mais diff\u00e9remment. Il promet de leur envoyer une force, celle de l\u2019Esprit-Saint. (<a href=\"https:\/\/eglise.catholique.fr\/approfondir-sa-foi\/la-celebration-de-la-foi\/les-grandes-fetes-chretiennes\/lascension-du-christ\/\">eglise.catholique.fr<\/a>)<\/p>\n\n\n\n<p>tag : d\u00e9collage vertical <\/p>\n\n\n\n<p>alt : le moment o\u00f9 le pilote d&rsquo;un avion au sol est \u00e9lev\u00e9 au ciel loin de la poussi\u00e8re et de la mort par un si\u00e8ge \u00e9jectable<\/p>\n","protected":false},"excerpt":{"rendered":"<p>jeudi de l&rsquo;Ascension La f\u00eate de l\u2019Ascension\u00a0c\u00e9l\u00e8bre la mont\u00e9e de J\u00e9sus vers Dieu son P\u00e8re. Elle est f\u00eat\u00e9e en France le jeudi de l\u2019Ascension, quarante jours apr\u00e8s P\u00e2ques. Mort et ressuscit\u00e9, il quitte ses disciples tout en continuant d\u2019\u00eatre pr\u00e9sent aupr\u00e8s d\u2019eux, mais diff\u00e9remment. Il promet de leur envoyer une force, celle de l\u2019Esprit-Saint. (eglise.catholique.fr) [&hellip;]<\/p>\n","protected":false},"author":1,"featured_media":0,"comment_status":"open","ping_status":"open","sticky":false,"template":"","format":"standard","meta":{"footnotes":""},"categories":[202,339,23],"tags":[284,232,128,4,63,69],"class_list":["post-14242","post","type-post","status-publish","format-standard","hentry","category-jai-jamais-eu-les-pieds-sur-terre-jaimerais-mieux-etre-un-oiseau","category-locomotyves","category-saoul-titre-a-12-vf","tag-avion","tag-jesus","tag-mobilite","tag-photo","tag-religion","tag-technologie"],"yoast_head":"<!-- This site is optimized with the Yoast SEO plugin v27.4 - https:\/\/yoast.com\/product\/yoast-seo-wordpress\/ -->\n<title>jeudi de l&#039;Ascension - \u00e0 l&#039;ombre d&#039;un paradoxe en fleur<\/title>\n<meta name=\"description\" content=\"jeudi de l&#039;Ascension. le moment o\u00f9 le pilote d&#039;un avion au sol est \u00e9lev\u00e9 au ciel loin de la poussi\u00e8re et de la mort par un si\u00e8ge \u00e9jectable\" \/>\n<meta name=\"robots\" content=\"index, follow, max-snippet:-1, max-image-preview:large, max-video-preview:-1\" \/>\n<link rel=\"canonical\" href=\"https:\/\/www.bretzel-liquide.com\/blog\/2025\/05\/29\/jeudi-de-lascension-2\/\" \/>\n<meta property=\"og:locale\" content=\"fr_FR\" \/>\n<meta property=\"og:type\" content=\"article\" \/>\n<meta property=\"og:title\" content=\"jeudi de l&#039;Ascension - \u00e0 l&#039;ombre d&#039;un paradoxe en fleur\" \/>\n<meta property=\"og:description\" content=\"jeudi de l&#039;Ascension. le moment o\u00f9 le pilote d&#039;un avion au sol est \u00e9lev\u00e9 au ciel loin de la poussi\u00e8re et de la mort par un si\u00e8ge \u00e9jectable\" \/>\n<meta property=\"og:url\" content=\"https:\/\/www.bretzel-liquide.com\/blog\/2025\/05\/29\/jeudi-de-lascension-2\/\" \/>\n<meta property=\"og:site_name\" content=\"\u00e0 l&#039;ombre d&#039;un paradoxe en fleur\" \/>\n<meta property=\"article:published_time\" content=\"2025-05-29T05:49:33+00:00\" \/>\n<meta property=\"article:modified_time\" content=\"2025-05-29T05:56:59+00:00\" \/>\n<meta property=\"og:image\" content=\"https:\/\/www.bretzel-liquide.com\/blog\/wp-content\/uploads\/2025\/05\/decollage-vertical-expulser-le-pilote-de-lavion-siege-ejectable-LAscension-designe-le-moment-ou-Jesus-a-ete-eleve-au-ciel-apres-avoir-ete-crucifie-et-apres-etre-ressuscite.jpg\" \/>\n\t<meta property=\"og:image:width\" content=\"495\" \/>\n\t<meta property=\"og:image:height\" content=\"750\" \/>\n\t<meta property=\"og:image:type\" content=\"image\/jpeg\" \/>\n<meta name=\"author\" content=\"Yves Brette\" \/>\n<meta name=\"twitter:card\" content=\"summary_large_image\" \/>\n<meta name=\"twitter:label1\" content=\"\u00c9crit par\" \/>\n\t<meta name=\"twitter:data1\" content=\"Yves Brette\" \/>\n\t<meta name=\"twitter:label2\" content=\"Dur\u00e9e de lecture estim\u00e9e\" \/>\n\t<meta name=\"twitter:data2\" content=\"1 minute\" \/>\n<script type=\"application\/ld+json\" class=\"yoast-schema-graph\">{\"@context\":\"https:\\\/\\\/schema.org\",\"@graph\":[{\"@type\":\"Article\",\"@id\":\"https:\\\/\\\/www.bretzel-liquide.com\\\/blog\\\/2025\\\/05\\\/29\\\/jeudi-de-lascension-2\\\/#article\",\"isPartOf\":{\"@id\":\"https:\\\/\\\/www.bretzel-liquide.com\\\/blog\\\/2025\\\/05\\\/29\\\/jeudi-de-lascension-2\\\/\"},\"author\":{\"name\":\"Yves Brette\",\"@id\":\"https:\\\/\\\/www.bretzel-liquide.com\\\/blog\\\/#\\\/schema\\\/person\\\/16b498860410bff000499934f159633d\"},\"headline\":\"jeudi de l&rsquo;Ascension\",\"datePublished\":\"2025-05-29T05:49:33+00:00\",\"dateModified\":\"2025-05-29T05:56:59+00:00\",\"mainEntityOfPage\":{\"@id\":\"https:\\\/\\\/www.bretzel-liquide.com\\\/blog\\\/2025\\\/05\\\/29\\\/jeudi-de-lascension-2\\\/\"},\"wordCount\":114,\"commentCount\":0,\"publisher\":{\"@id\":\"https:\\\/\\\/www.bretzel-liquide.com\\\/blog\\\/#\\\/schema\\\/person\\\/16b498860410bff000499934f159633d\"},\"image\":{\"@id\":\"https:\\\/\\\/www.bretzel-liquide.com\\\/blog\\\/2025\\\/05\\\/29\\\/jeudi-de-lascension-2\\\/#primaryimage\"},\"thumbnailUrl\":\"https:\\\/\\\/www.bretzel-liquide.com\\\/blog\\\/wp-content\\\/uploads\\\/2025\\\/05\\\/decollage-vertical-expulser-le-pilote-de-lavion-siege-ejectable-LAscension-designe-le-moment-ou-Jesus-a-ete-eleve-au-ciel-apres-avoir-ete-crucifie-et-apres-etre-ressuscite.jpg\",\"keywords\":[\"avion\",\"j\u00e9sus\",\"mobilit\u00e9\",\"photo\",\"religion\",\"technologie\"],\"articleSection\":[\"J'ai jamais eu les pieds sur Terre J'aimerais mieux \u00eatre un oiseau\",\"locomotyves\",\"saoul-titre \u00e0 12\u00b0 (vf)\"],\"inLanguage\":\"fr-FR\",\"potentialAction\":[{\"@type\":\"CommentAction\",\"name\":\"Comment\",\"target\":[\"https:\\\/\\\/www.bretzel-liquide.com\\\/blog\\\/2025\\\/05\\\/29\\\/jeudi-de-lascension-2\\\/#respond\"]}]},{\"@type\":\"WebPage\",\"@id\":\"https:\\\/\\\/www.bretzel-liquide.com\\\/blog\\\/2025\\\/05\\\/29\\\/jeudi-de-lascension-2\\\/\",\"url\":\"https:\\\/\\\/www.bretzel-liquide.com\\\/blog\\\/2025\\\/05\\\/29\\\/jeudi-de-lascension-2\\\/\",\"name\":\"jeudi de l'Ascension - \u00e0 l&#039;ombre d&#039;un paradoxe en fleur\",\"isPartOf\":{\"@id\":\"https:\\\/\\\/www.bretzel-liquide.com\\\/blog\\\/#website\"},\"primaryImageOfPage\":{\"@id\":\"https:\\\/\\\/www.bretzel-liquide.com\\\/blog\\\/2025\\\/05\\\/29\\\/jeudi-de-lascension-2\\\/#primaryimage\"},\"image\":{\"@id\":\"https:\\\/\\\/www.bretzel-liquide.com\\\/blog\\\/2025\\\/05\\\/29\\\/jeudi-de-lascension-2\\\/#primaryimage\"},\"thumbnailUrl\":\"https:\\\/\\\/www.bretzel-liquide.com\\\/blog\\\/wp-content\\\/uploads\\\/2025\\\/05\\\/decollage-vertical-expulser-le-pilote-de-lavion-siege-ejectable-LAscension-designe-le-moment-ou-Jesus-a-ete-eleve-au-ciel-apres-avoir-ete-crucifie-et-apres-etre-ressuscite.jpg\",\"datePublished\":\"2025-05-29T05:49:33+00:00\",\"dateModified\":\"2025-05-29T05:56:59+00:00\",\"description\":\"jeudi de l'Ascension. le moment o\u00f9 le pilote d'un avion au sol est \u00e9lev\u00e9 au ciel loin de la poussi\u00e8re et de la mort par un si\u00e8ge \u00e9jectable\",\"breadcrumb\":{\"@id\":\"https:\\\/\\\/www.bretzel-liquide.com\\\/blog\\\/2025\\\/05\\\/29\\\/jeudi-de-lascension-2\\\/#breadcrumb\"},\"inLanguage\":\"fr-FR\",\"potentialAction\":[{\"@type\":\"ReadAction\",\"target\":[\"https:\\\/\\\/www.bretzel-liquide.com\\\/blog\\\/2025\\\/05\\\/29\\\/jeudi-de-lascension-2\\\/\"]}]},{\"@type\":\"ImageObject\",\"inLanguage\":\"fr-FR\",\"@id\":\"https:\\\/\\\/www.bretzel-liquide.com\\\/blog\\\/2025\\\/05\\\/29\\\/jeudi-de-lascension-2\\\/#primaryimage\",\"url\":\"https:\\\/\\\/www.bretzel-liquide.com\\\/blog\\\/wp-content\\\/uploads\\\/2025\\\/05\\\/decollage-vertical-expulser-le-pilote-de-lavion-siege-ejectable-LAscension-designe-le-moment-ou-Jesus-a-ete-eleve-au-ciel-apres-avoir-ete-crucifie-et-apres-etre-ressuscite.jpg\",\"contentUrl\":\"https:\\\/\\\/www.bretzel-liquide.com\\\/blog\\\/wp-content\\\/uploads\\\/2025\\\/05\\\/decollage-vertical-expulser-le-pilote-de-lavion-siege-ejectable-LAscension-designe-le-moment-ou-Jesus-a-ete-eleve-au-ciel-apres-avoir-ete-crucifie-et-apres-etre-ressuscite.jpg\"},{\"@type\":\"BreadcrumbList\",\"@id\":\"https:\\\/\\\/www.bretzel-liquide.com\\\/blog\\\/2025\\\/05\\\/29\\\/jeudi-de-lascension-2\\\/#breadcrumb\",\"itemListElement\":[{\"@type\":\"ListItem\",\"position\":1,\"name\":\"Accueil\",\"item\":\"https:\\\/\\\/www.bretzel-liquide.com\\\/blog\\\/\"},{\"@type\":\"ListItem\",\"position\":2,\"name\":\"jeudi de l&rsquo;Ascension\"}]},{\"@type\":\"WebSite\",\"@id\":\"https:\\\/\\\/www.bretzel-liquide.com\\\/blog\\\/#website\",\"url\":\"https:\\\/\\\/www.bretzel-liquide.com\\\/blog\\\/\",\"name\":\"\u00e0 l&#039;ombre d&#039;un paradoxe en fleur\",\"description\":\"la face nord du bretzel liquide : humour absurde, images \u00e9tranges, microblogging\",\"publisher\":{\"@id\":\"https:\\\/\\\/www.bretzel-liquide.com\\\/blog\\\/#\\\/schema\\\/person\\\/16b498860410bff000499934f159633d\"},\"potentialAction\":[{\"@type\":\"SearchAction\",\"target\":{\"@type\":\"EntryPoint\",\"urlTemplate\":\"https:\\\/\\\/www.bretzel-liquide.com\\\/blog\\\/?s={search_term_string}\"},\"query-input\":{\"@type\":\"PropertyValueSpecification\",\"valueRequired\":true,\"valueName\":\"search_term_string\"}}],\"inLanguage\":\"fr-FR\"},{\"@type\":[\"Person\",\"Organization\"],\"@id\":\"https:\\\/\\\/www.bretzel-liquide.com\\\/blog\\\/#\\\/schema\\\/person\\\/16b498860410bff000499934f159633d\",\"name\":\"Yves Brette\",\"image\":{\"@type\":\"ImageObject\",\"inLanguage\":\"fr-FR\",\"@id\":\"https:\\\/\\\/www.bretzel-liquide.com\\\/blog\\\/wp-content\\\/uploads\\\/2022\\\/01\\\/headerchien.jpg\",\"url\":\"https:\\\/\\\/www.bretzel-liquide.com\\\/blog\\\/wp-content\\\/uploads\\\/2022\\\/01\\\/headerchien.jpg\",\"contentUrl\":\"https:\\\/\\\/www.bretzel-liquide.com\\\/blog\\\/wp-content\\\/uploads\\\/2022\\\/01\\\/headerchien.jpg\",\"width\":150,\"height\":147,\"caption\":\"Yves Brette\"},\"logo\":{\"@id\":\"https:\\\/\\\/www.bretzel-liquide.com\\\/blog\\\/wp-content\\\/uploads\\\/2022\\\/01\\\/headerchien.jpg\"},\"sameAs\":[\"http:\\\/\\\/www.bretzel-liquide.com\\\/blog\"],\"url\":\"https:\\\/\\\/www.bretzel-liquide.com\\\/blog\\\/author\\\/yves\\\/\"}]}<\/script>\n<!-- \/ Yoast SEO plugin. -->","yoast_head_json":{"title":"jeudi de l'Ascension - \u00e0 l&#039;ombre d&#039;un paradoxe en fleur","description":"jeudi de l'Ascension. le moment o\u00f9 le pilote d'un avion au sol est \u00e9lev\u00e9 au ciel loin de la poussi\u00e8re et de la mort par un si\u00e8ge \u00e9jectable","robots":{"index":"index","follow":"follow","max-snippet":"max-snippet:-1","max-image-preview":"max-image-preview:large","max-video-preview":"max-video-preview:-1"},"canonical":"https:\/\/www.bretzel-liquide.com\/blog\/2025\/05\/29\/jeudi-de-lascension-2\/","og_locale":"fr_FR","og_type":"article","og_title":"jeudi de l'Ascension - \u00e0 l&#039;ombre d&#039;un paradoxe en fleur","og_description":"jeudi de l'Ascension. le moment o\u00f9 le pilote d'un avion au sol est \u00e9lev\u00e9 au ciel loin de la poussi\u00e8re et de la mort par un si\u00e8ge \u00e9jectable","og_url":"https:\/\/www.bretzel-liquide.com\/blog\/2025\/05\/29\/jeudi-de-lascension-2\/","og_site_name":"\u00e0 l&#039;ombre d&#039;un paradoxe en fleur","article_published_time":"2025-05-29T05:49:33+00:00","article_modified_time":"2025-05-29T05:56:59+00:00","og_image":[{"width":495,"height":750,"url":"https:\/\/www.bretzel-liquide.com\/blog\/wp-content\/uploads\/2025\/05\/decollage-vertical-expulser-le-pilote-de-lavion-siege-ejectable-LAscension-designe-le-moment-ou-Jesus-a-ete-eleve-au-ciel-apres-avoir-ete-crucifie-et-apres-etre-ressuscite.jpg","type":"image\/jpeg"}],"author":"Yves Brette","twitter_card":"summary_large_image","twitter_misc":{"\u00c9crit par":"Yves Brette","Dur\u00e9e de lecture estim\u00e9e":"1 minute"},"schema":{"@context":"https:\/\/schema.org","@graph":[{"@type":"Article","@id":"https:\/\/www.bretzel-liquide.com\/blog\/2025\/05\/29\/jeudi-de-lascension-2\/#article","isPartOf":{"@id":"https:\/\/www.bretzel-liquide.com\/blog\/2025\/05\/29\/jeudi-de-lascension-2\/"},"author":{"name":"Yves Brette","@id":"https:\/\/www.bretzel-liquide.com\/blog\/#\/schema\/person\/16b498860410bff000499934f159633d"},"headline":"jeudi de l&rsquo;Ascension","datePublished":"2025-05-29T05:49:33+00:00","dateModified":"2025-05-29T05:56:59+00:00","mainEntityOfPage":{"@id":"https:\/\/www.bretzel-liquide.com\/blog\/2025\/05\/29\/jeudi-de-lascension-2\/"},"wordCount":114,"commentCount":0,"publisher":{"@id":"https:\/\/www.bretzel-liquide.com\/blog\/#\/schema\/person\/16b498860410bff000499934f159633d"},"image":{"@id":"https:\/\/www.bretzel-liquide.com\/blog\/2025\/05\/29\/jeudi-de-lascension-2\/#primaryimage"},"thumbnailUrl":"https:\/\/www.bretzel-liquide.com\/blog\/wp-content\/uploads\/2025\/05\/decollage-vertical-expulser-le-pilote-de-lavion-siege-ejectable-LAscension-designe-le-moment-ou-Jesus-a-ete-eleve-au-ciel-apres-avoir-ete-crucifie-et-apres-etre-ressuscite.jpg","keywords":["avion","j\u00e9sus","mobilit\u00e9","photo","religion","technologie"],"articleSection":["J'ai jamais eu les pieds sur Terre J'aimerais mieux \u00eatre un oiseau","locomotyves","saoul-titre \u00e0 12\u00b0 (vf)"],"inLanguage":"fr-FR","potentialAction":[{"@type":"CommentAction","name":"Comment","target":["https:\/\/www.bretzel-liquide.com\/blog\/2025\/05\/29\/jeudi-de-lascension-2\/#respond"]}]},{"@type":"WebPage","@id":"https:\/\/www.bretzel-liquide.com\/blog\/2025\/05\/29\/jeudi-de-lascension-2\/","url":"https:\/\/www.bretzel-liquide.com\/blog\/2025\/05\/29\/jeudi-de-lascension-2\/","name":"jeudi de l'Ascension - \u00e0 l&#039;ombre d&#039;un paradoxe en fleur","isPartOf":{"@id":"https:\/\/www.bretzel-liquide.com\/blog\/#website"},"primaryImageOfPage":{"@id":"https:\/\/www.bretzel-liquide.com\/blog\/2025\/05\/29\/jeudi-de-lascension-2\/#primaryimage"},"image":{"@id":"https:\/\/www.bretzel-liquide.com\/blog\/2025\/05\/29\/jeudi-de-lascension-2\/#primaryimage"},"thumbnailUrl":"https:\/\/www.bretzel-liquide.com\/blog\/wp-content\/uploads\/2025\/05\/decollage-vertical-expulser-le-pilote-de-lavion-siege-ejectable-LAscension-designe-le-moment-ou-Jesus-a-ete-eleve-au-ciel-apres-avoir-ete-crucifie-et-apres-etre-ressuscite.jpg","datePublished":"2025-05-29T05:49:33+00:00","dateModified":"2025-05-29T05:56:59+00:00","description":"jeudi de l'Ascension. le moment o\u00f9 le pilote d'un avion au sol est \u00e9lev\u00e9 au ciel loin de la poussi\u00e8re et de la mort par un si\u00e8ge \u00e9jectable","breadcrumb":{"@id":"https:\/\/www.bretzel-liquide.com\/blog\/2025\/05\/29\/jeudi-de-lascension-2\/#breadcrumb"},"inLanguage":"fr-FR","potentialAction":[{"@type":"ReadAction","target":["https:\/\/www.bretzel-liquide.com\/blog\/2025\/05\/29\/jeudi-de-lascension-2\/"]}]},{"@type":"ImageObject","inLanguage":"fr-FR","@id":"https:\/\/www.bretzel-liquide.com\/blog\/2025\/05\/29\/jeudi-de-lascension-2\/#primaryimage","url":"https:\/\/www.bretzel-liquide.com\/blog\/wp-content\/uploads\/2025\/05\/decollage-vertical-expulser-le-pilote-de-lavion-siege-ejectable-LAscension-designe-le-moment-ou-Jesus-a-ete-eleve-au-ciel-apres-avoir-ete-crucifie-et-apres-etre-ressuscite.jpg","contentUrl":"https:\/\/www.bretzel-liquide.com\/blog\/wp-content\/uploads\/2025\/05\/decollage-vertical-expulser-le-pilote-de-lavion-siege-ejectable-LAscension-designe-le-moment-ou-Jesus-a-ete-eleve-au-ciel-apres-avoir-ete-crucifie-et-apres-etre-ressuscite.jpg"},{"@type":"BreadcrumbList","@id":"https:\/\/www.bretzel-liquide.com\/blog\/2025\/05\/29\/jeudi-de-lascension-2\/#breadcrumb","itemListElement":[{"@type":"ListItem","position":1,"name":"Accueil","item":"https:\/\/www.bretzel-liquide.com\/blog\/"},{"@type":"ListItem","position":2,"name":"jeudi de l&rsquo;Ascension"}]},{"@type":"WebSite","@id":"https:\/\/www.bretzel-liquide.com\/blog\/#website","url":"https:\/\/www.bretzel-liquide.com\/blog\/","name":"\u00e0 l&#039;ombre d&#039;un paradoxe en fleur","description":"la face nord du bretzel liquide : humour absurde, images \u00e9tranges, microblogging","publisher":{"@id":"https:\/\/www.bretzel-liquide.com\/blog\/#\/schema\/person\/16b498860410bff000499934f159633d"},"potentialAction":[{"@type":"SearchAction","target":{"@type":"EntryPoint","urlTemplate":"https:\/\/www.bretzel-liquide.com\/blog\/?s={search_term_string}"},"query-input":{"@type":"PropertyValueSpecification","valueRequired":true,"valueName":"search_term_string"}}],"inLanguage":"fr-FR"},{"@type":["Person","Organization"],"@id":"https:\/\/www.bretzel-liquide.com\/blog\/#\/schema\/person\/16b498860410bff000499934f159633d","name":"Yves Brette","image":{"@type":"ImageObject","inLanguage":"fr-FR","@id":"https:\/\/www.bretzel-liquide.com\/blog\/wp-content\/uploads\/2022\/01\/headerchien.jpg","url":"https:\/\/www.bretzel-liquide.com\/blog\/wp-content\/uploads\/2022\/01\/headerchien.jpg","contentUrl":"https:\/\/www.bretzel-liquide.com\/blog\/wp-content\/uploads\/2022\/01\/headerchien.jpg","width":150,"height":147,"caption":"Yves Brette"},"logo":{"@id":"https:\/\/www.bretzel-liquide.com\/blog\/wp-content\/uploads\/2022\/01\/headerchien.jpg"},"sameAs":["http:\/\/www.bretzel-liquide.com\/blog"],"url":"https:\/\/www.bretzel-liquide.com\/blog\/author\/yves\/"}]}},"_links":{"self":[{"href":"https:\/\/www.bretzel-liquide.com\/blog\/wp-json\/wp\/v2\/posts\/14242","targetHints":{"allow":["GET"]}}],"collection":[{"href":"https:\/\/www.bretzel-liquide.com\/blog\/wp-json\/wp\/v2\/posts"}],"about":[{"href":"https:\/\/www.bretzel-liquide.com\/blog\/wp-json\/wp\/v2\/types\/post"}],"author":[{"embeddable":true,"href":"https:\/\/www.bretzel-liquide.com\/blog\/wp-json\/wp\/v2\/users\/1"}],"replies":[{"embeddable":true,"href":"https:\/\/www.bretzel-liquide.com\/blog\/wp-json\/wp\/v2\/comments?post=14242"}],"version-history":[{"count":2,"href":"https:\/\/www.bretzel-liquide.com\/blog\/wp-json\/wp\/v2\/posts\/14242\/revisions"}],"predecessor-version":[{"id":14246,"href":"https:\/\/www.bretzel-liquide.com\/blog\/wp-json\/wp\/v2\/posts\/14242\/revisions\/14246"}],"wp:attachment":[{"href":"https:\/\/www.bretzel-liquide.com\/blog\/wp-json\/wp\/v2\/media?parent=14242"}],"wp:term":[{"taxonomy":"category","embeddable":true,"href":"https:\/\/www.bretzel-liquide.com\/blog\/wp-json\/wp\/v2\/categories?post=14242"},{"taxonomy":"post_tag","embeddable":true,"href":"https:\/\/www.bretzel-liquide.com\/blog\/wp-json\/wp\/v2\/tags?post=14242"}],"curies":[{"name":"wp","href":"https:\/\/api.w.org\/{rel}","templated":true}]}}