{"id":14312,"date":"2025-06-02T09:12:46","date_gmt":"2025-06-02T07:12:46","guid":{"rendered":"https:\/\/www.bretzel-liquide.com\/blog\/?p=14312"},"modified":"2025-06-02T09:12:46","modified_gmt":"2025-06-02T07:12:46","slug":"jveux-du-cuir-pas-du-chapeau-melon-du-vecu","status":"publish","type":"post","link":"https:\/\/www.bretzel-liquide.com\/blog\/2025\/06\/02\/jveux-du-cuir-pas-du-chapeau-melon-du-vecu\/","title":{"rendered":"J&rsquo;veux du cuir pas du chapeau melon du v\u00e9cu"},"content":{"rendered":"\n<figure class=\"wp-block-image size-large\"><a href=\"https:\/\/www.bretzel-liquide.com\/blog\/wp-content\/uploads\/2025\/06\/Rikers-Coffee-Shop-NYC-Photo-by-Flo-Fox-1974-vetements-de-cuir-et-fesses-a-lair-les-bars-etaient-des-lieux-de-convivialite-vivre-ensemble-elle-veut-du-cuir.jpg\"><img loading=\"lazy\" decoding=\"async\" width=\"1024\" height=\"686\" src=\"https:\/\/www.bretzel-liquide.com\/blog\/wp-content\/uploads\/2025\/06\/Rikers-Coffee-Shop-NYC-Photo-by-Flo-Fox-1974-vetements-de-cuir-et-fesses-a-lair-les-bars-etaient-des-lieux-de-convivialite-vivre-ensemble-elle-veut-du-cuir-1024x686.jpg\" alt=\"un homme v\u00eatu de cuir assis les fesses \u00e0 l'air sur un tabouret  au comptoir d'un bar bond\u00e9\" class=\"wp-image-14313\" srcset=\"https:\/\/www.bretzel-liquide.com\/blog\/wp-content\/uploads\/2025\/06\/Rikers-Coffee-Shop-NYC-Photo-by-Flo-Fox-1974-vetements-de-cuir-et-fesses-a-lair-les-bars-etaient-des-lieux-de-convivialite-vivre-ensemble-elle-veut-du-cuir-1024x686.jpg 1024w, https:\/\/www.bretzel-liquide.com\/blog\/wp-content\/uploads\/2025\/06\/Rikers-Coffee-Shop-NYC-Photo-by-Flo-Fox-1974-vetements-de-cuir-et-fesses-a-lair-les-bars-etaient-des-lieux-de-convivialite-vivre-ensemble-elle-veut-du-cuir-300x201.jpg 300w, https:\/\/www.bretzel-liquide.com\/blog\/wp-content\/uploads\/2025\/06\/Rikers-Coffee-Shop-NYC-Photo-by-Flo-Fox-1974-vetements-de-cuir-et-fesses-a-lair-les-bars-etaient-des-lieux-de-convivialite-vivre-ensemble-elle-veut-du-cuir-768x515.jpg 768w, https:\/\/www.bretzel-liquide.com\/blog\/wp-content\/uploads\/2025\/06\/Rikers-Coffee-Shop-NYC-Photo-by-Flo-Fox-1974-vetements-de-cuir-et-fesses-a-lair-les-bars-etaient-des-lieux-de-convivialite-vivre-ensemble-elle-veut-du-cuir-1200x804.jpg 1200w, https:\/\/www.bretzel-liquide.com\/blog\/wp-content\/uploads\/2025\/06\/Rikers-Coffee-Shop-NYC-Photo-by-Flo-Fox-1974-vetements-de-cuir-et-fesses-a-lair-les-bars-etaient-des-lieux-de-convivialite-vivre-ensemble-elle-veut-du-cuir.jpg 1300w\" sizes=\"auto, (max-width: 1024px) 100vw, 1024px\" \/><\/a><\/figure>\n\n\n\n<p>J&rsquo;veux du cuir pas du chapeau melon du v\u00e9cu<\/p>\n\n\n\n<p>Alain Souchon \/ Rikers Coffee Shop, NYC, Photo by Flo Fox, 1974 <\/p>\n\n\n\n<p>tags : l&rsquo;homme sans la moto (Edith Piaf), venez comme vous \u00eates, lieux de convivialit\u00e9, vivre ensemble, faire soci\u00e9t\u00e9 (de consommation)<\/p>\n\n\n\n<p>alt : un homme v\u00eatu de cuir assis les fesses \u00e0 l&rsquo;air sur un tabouret au comptoir d&rsquo;un bar bond\u00e9<\/p>\n","protected":false},"excerpt":{"rendered":"<p>J&rsquo;veux du cuir pas du chapeau melon du v\u00e9cu Alain Souchon \/ Rikers Coffee Shop, NYC, Photo by Flo Fox, 1974 tags : l&rsquo;homme sans la moto (Edith Piaf), venez comme vous \u00eates, lieux de convivialit\u00e9, vivre ensemble, faire soci\u00e9t\u00e9 (de consommation) alt : un homme v\u00eatu de cuir assis les fesses \u00e0 l&rsquo;air sur [&hellip;]<\/p>\n","protected":false},"author":1,"featured_media":0,"comment_status":"open","ping_status":"open","sticky":false,"template":"","format":"standard","meta":{"footnotes":""},"categories":[23],"tags":[538,26,141,319,286,2021,4,5,937],"class_list":["post-14312","post","type-post","status-publish","format-standard","hentry","category-saoul-titre-a-12-vf","tag-alain-souchon","tag-chanson","tag-consommation","tag-cul","tag-fesse","tag-flo-fox","tag-photo","tag-societe","tag-vetements"],"yoast_head":"<!-- This site is optimized with the Yoast SEO plugin v27.4 - https:\/\/yoast.com\/product\/yoast-seo-wordpress\/ -->\n<title>J&#039;veux du cuir pas du chapeau melon du v\u00e9cu - \u00e0 l&#039;ombre d&#039;un paradoxe en fleur<\/title>\n<meta name=\"description\" content=\"J&#039;veux du cuir pas du chapeau melon du v\u00e9cu. un homme v\u00eatu de cuir assis les fesses \u00e0 l&#039;air sur un tabouret au comptoir d&#039;un bar bond\u00e9\" \/>\n<meta name=\"robots\" content=\"index, follow, max-snippet:-1, max-image-preview:large, max-video-preview:-1\" \/>\n<link rel=\"canonical\" href=\"https:\/\/www.bretzel-liquide.com\/blog\/2025\/06\/02\/jveux-du-cuir-pas-du-chapeau-melon-du-vecu\/\" \/>\n<meta property=\"og:locale\" content=\"fr_FR\" \/>\n<meta property=\"og:type\" content=\"article\" \/>\n<meta property=\"og:title\" content=\"J&#039;veux du cuir pas du chapeau melon du v\u00e9cu - \u00e0 l&#039;ombre d&#039;un paradoxe en fleur\" \/>\n<meta property=\"og:description\" content=\"J&#039;veux du cuir pas du chapeau melon du v\u00e9cu. un homme v\u00eatu de cuir assis les fesses \u00e0 l&#039;air sur un tabouret au comptoir d&#039;un bar bond\u00e9\" \/>\n<meta property=\"og:url\" content=\"https:\/\/www.bretzel-liquide.com\/blog\/2025\/06\/02\/jveux-du-cuir-pas-du-chapeau-melon-du-vecu\/\" \/>\n<meta property=\"og:site_name\" content=\"\u00e0 l&#039;ombre d&#039;un paradoxe en fleur\" \/>\n<meta property=\"article:published_time\" content=\"2025-06-02T07:12:46+00:00\" \/>\n<meta property=\"og:image\" content=\"https:\/\/www.bretzel-liquide.com\/blog\/wp-content\/uploads\/2025\/06\/Rikers-Coffee-Shop-NYC-Photo-by-Flo-Fox-1974-vetements-de-cuir-et-fesses-a-lair-les-bars-etaient-des-lieux-de-convivialite-vivre-ensemble-elle-veut-du-cuir.jpg\" \/>\n\t<meta property=\"og:image:width\" content=\"1300\" \/>\n\t<meta property=\"og:image:height\" content=\"871\" \/>\n\t<meta property=\"og:image:type\" content=\"image\/jpeg\" \/>\n<meta name=\"author\" content=\"Yves Brette\" \/>\n<meta name=\"twitter:card\" content=\"summary_large_image\" \/>\n<meta name=\"twitter:label1\" content=\"\u00c9crit par\" \/>\n\t<meta name=\"twitter:data1\" content=\"Yves Brette\" \/>\n<script type=\"application\/ld+json\" class=\"yoast-schema-graph\">{\"@context\":\"https:\\\/\\\/schema.org\",\"@graph\":[{\"@type\":\"Article\",\"@id\":\"https:\\\/\\\/www.bretzel-liquide.com\\\/blog\\\/2025\\\/06\\\/02\\\/jveux-du-cuir-pas-du-chapeau-melon-du-vecu\\\/#article\",\"isPartOf\":{\"@id\":\"https:\\\/\\\/www.bretzel-liquide.com\\\/blog\\\/2025\\\/06\\\/02\\\/jveux-du-cuir-pas-du-chapeau-melon-du-vecu\\\/\"},\"author\":{\"name\":\"Yves Brette\",\"@id\":\"https:\\\/\\\/www.bretzel-liquide.com\\\/blog\\\/#\\\/schema\\\/person\\\/16b498860410bff000499934f159633d\"},\"headline\":\"J&rsquo;veux du cuir pas du chapeau melon du v\u00e9cu\",\"datePublished\":\"2025-06-02T07:12:46+00:00\",\"mainEntityOfPage\":{\"@id\":\"https:\\\/\\\/www.bretzel-liquide.com\\\/blog\\\/2025\\\/06\\\/02\\\/jveux-du-cuir-pas-du-chapeau-melon-du-vecu\\\/\"},\"wordCount\":75,\"commentCount\":0,\"publisher\":{\"@id\":\"https:\\\/\\\/www.bretzel-liquide.com\\\/blog\\\/#\\\/schema\\\/person\\\/16b498860410bff000499934f159633d\"},\"image\":{\"@id\":\"https:\\\/\\\/www.bretzel-liquide.com\\\/blog\\\/2025\\\/06\\\/02\\\/jveux-du-cuir-pas-du-chapeau-melon-du-vecu\\\/#primaryimage\"},\"thumbnailUrl\":\"https:\\\/\\\/www.bretzel-liquide.com\\\/blog\\\/wp-content\\\/uploads\\\/2025\\\/06\\\/Rikers-Coffee-Shop-NYC-Photo-by-Flo-Fox-1974-vetements-de-cuir-et-fesses-a-lair-les-bars-etaient-des-lieux-de-convivialite-vivre-ensemble-elle-veut-du-cuir-1024x686.jpg\",\"keywords\":[\"Alain Souchon\",\"chanson\",\"consommation\",\"cul\",\"fesse\",\"Flo Fox\",\"photo\",\"soci\u00e9t\u00e9\",\"v\u00eatements\"],\"articleSection\":[\"saoul-titre \u00e0 12\u00b0 (vf)\"],\"inLanguage\":\"fr-FR\",\"potentialAction\":[{\"@type\":\"CommentAction\",\"name\":\"Comment\",\"target\":[\"https:\\\/\\\/www.bretzel-liquide.com\\\/blog\\\/2025\\\/06\\\/02\\\/jveux-du-cuir-pas-du-chapeau-melon-du-vecu\\\/#respond\"]}]},{\"@type\":\"WebPage\",\"@id\":\"https:\\\/\\\/www.bretzel-liquide.com\\\/blog\\\/2025\\\/06\\\/02\\\/jveux-du-cuir-pas-du-chapeau-melon-du-vecu\\\/\",\"url\":\"https:\\\/\\\/www.bretzel-liquide.com\\\/blog\\\/2025\\\/06\\\/02\\\/jveux-du-cuir-pas-du-chapeau-melon-du-vecu\\\/\",\"name\":\"J'veux du cuir pas du chapeau melon du v\u00e9cu - \u00e0 l&#039;ombre d&#039;un paradoxe en fleur\",\"isPartOf\":{\"@id\":\"https:\\\/\\\/www.bretzel-liquide.com\\\/blog\\\/#website\"},\"primaryImageOfPage\":{\"@id\":\"https:\\\/\\\/www.bretzel-liquide.com\\\/blog\\\/2025\\\/06\\\/02\\\/jveux-du-cuir-pas-du-chapeau-melon-du-vecu\\\/#primaryimage\"},\"image\":{\"@id\":\"https:\\\/\\\/www.bretzel-liquide.com\\\/blog\\\/2025\\\/06\\\/02\\\/jveux-du-cuir-pas-du-chapeau-melon-du-vecu\\\/#primaryimage\"},\"thumbnailUrl\":\"https:\\\/\\\/www.bretzel-liquide.com\\\/blog\\\/wp-content\\\/uploads\\\/2025\\\/06\\\/Rikers-Coffee-Shop-NYC-Photo-by-Flo-Fox-1974-vetements-de-cuir-et-fesses-a-lair-les-bars-etaient-des-lieux-de-convivialite-vivre-ensemble-elle-veut-du-cuir-1024x686.jpg\",\"datePublished\":\"2025-06-02T07:12:46+00:00\",\"description\":\"J'veux du cuir pas du chapeau melon du v\u00e9cu. un homme v\u00eatu de cuir assis les fesses \u00e0 l'air sur un tabouret au comptoir d'un bar bond\u00e9\",\"breadcrumb\":{\"@id\":\"https:\\\/\\\/www.bretzel-liquide.com\\\/blog\\\/2025\\\/06\\\/02\\\/jveux-du-cuir-pas-du-chapeau-melon-du-vecu\\\/#breadcrumb\"},\"inLanguage\":\"fr-FR\",\"potentialAction\":[{\"@type\":\"ReadAction\",\"target\":[\"https:\\\/\\\/www.bretzel-liquide.com\\\/blog\\\/2025\\\/06\\\/02\\\/jveux-du-cuir-pas-du-chapeau-melon-du-vecu\\\/\"]}]},{\"@type\":\"ImageObject\",\"inLanguage\":\"fr-FR\",\"@id\":\"https:\\\/\\\/www.bretzel-liquide.com\\\/blog\\\/2025\\\/06\\\/02\\\/jveux-du-cuir-pas-du-chapeau-melon-du-vecu\\\/#primaryimage\",\"url\":\"https:\\\/\\\/www.bretzel-liquide.com\\\/blog\\\/wp-content\\\/uploads\\\/2025\\\/06\\\/Rikers-Coffee-Shop-NYC-Photo-by-Flo-Fox-1974-vetements-de-cuir-et-fesses-a-lair-les-bars-etaient-des-lieux-de-convivialite-vivre-ensemble-elle-veut-du-cuir.jpg\",\"contentUrl\":\"https:\\\/\\\/www.bretzel-liquide.com\\\/blog\\\/wp-content\\\/uploads\\\/2025\\\/06\\\/Rikers-Coffee-Shop-NYC-Photo-by-Flo-Fox-1974-vetements-de-cuir-et-fesses-a-lair-les-bars-etaient-des-lieux-de-convivialite-vivre-ensemble-elle-veut-du-cuir.jpg\",\"width\":1300,\"height\":871},{\"@type\":\"BreadcrumbList\",\"@id\":\"https:\\\/\\\/www.bretzel-liquide.com\\\/blog\\\/2025\\\/06\\\/02\\\/jveux-du-cuir-pas-du-chapeau-melon-du-vecu\\\/#breadcrumb\",\"itemListElement\":[{\"@type\":\"ListItem\",\"position\":1,\"name\":\"Accueil\",\"item\":\"https:\\\/\\\/www.bretzel-liquide.com\\\/blog\\\/\"},{\"@type\":\"ListItem\",\"position\":2,\"name\":\"J&rsquo;veux du cuir pas du chapeau melon du v\u00e9cu\"}]},{\"@type\":\"WebSite\",\"@id\":\"https:\\\/\\\/www.bretzel-liquide.com\\\/blog\\\/#website\",\"url\":\"https:\\\/\\\/www.bretzel-liquide.com\\\/blog\\\/\",\"name\":\"\u00e0 l&#039;ombre d&#039;un paradoxe en fleur\",\"description\":\"la face nord du bretzel liquide : humour absurde, images \u00e9tranges, microblogging\",\"publisher\":{\"@id\":\"https:\\\/\\\/www.bretzel-liquide.com\\\/blog\\\/#\\\/schema\\\/person\\\/16b498860410bff000499934f159633d\"},\"potentialAction\":[{\"@type\":\"SearchAction\",\"target\":{\"@type\":\"EntryPoint\",\"urlTemplate\":\"https:\\\/\\\/www.bretzel-liquide.com\\\/blog\\\/?s={search_term_string}\"},\"query-input\":{\"@type\":\"PropertyValueSpecification\",\"valueRequired\":true,\"valueName\":\"search_term_string\"}}],\"inLanguage\":\"fr-FR\"},{\"@type\":[\"Person\",\"Organization\"],\"@id\":\"https:\\\/\\\/www.bretzel-liquide.com\\\/blog\\\/#\\\/schema\\\/person\\\/16b498860410bff000499934f159633d\",\"name\":\"Yves Brette\",\"image\":{\"@type\":\"ImageObject\",\"inLanguage\":\"fr-FR\",\"@id\":\"https:\\\/\\\/www.bretzel-liquide.com\\\/blog\\\/wp-content\\\/uploads\\\/2022\\\/01\\\/headerchien.jpg\",\"url\":\"https:\\\/\\\/www.bretzel-liquide.com\\\/blog\\\/wp-content\\\/uploads\\\/2022\\\/01\\\/headerchien.jpg\",\"contentUrl\":\"https:\\\/\\\/www.bretzel-liquide.com\\\/blog\\\/wp-content\\\/uploads\\\/2022\\\/01\\\/headerchien.jpg\",\"width\":150,\"height\":147,\"caption\":\"Yves Brette\"},\"logo\":{\"@id\":\"https:\\\/\\\/www.bretzel-liquide.com\\\/blog\\\/wp-content\\\/uploads\\\/2022\\\/01\\\/headerchien.jpg\"},\"sameAs\":[\"http:\\\/\\\/www.bretzel-liquide.com\\\/blog\"],\"url\":\"https:\\\/\\\/www.bretzel-liquide.com\\\/blog\\\/author\\\/yves\\\/\"}]}<\/script>\n<!-- \/ Yoast SEO plugin. -->","yoast_head_json":{"title":"J'veux du cuir pas du chapeau melon du v\u00e9cu - \u00e0 l&#039;ombre d&#039;un paradoxe en fleur","description":"J'veux du cuir pas du chapeau melon du v\u00e9cu. un homme v\u00eatu de cuir assis les fesses \u00e0 l'air sur un tabouret au comptoir d'un bar bond\u00e9","robots":{"index":"index","follow":"follow","max-snippet":"max-snippet:-1","max-image-preview":"max-image-preview:large","max-video-preview":"max-video-preview:-1"},"canonical":"https:\/\/www.bretzel-liquide.com\/blog\/2025\/06\/02\/jveux-du-cuir-pas-du-chapeau-melon-du-vecu\/","og_locale":"fr_FR","og_type":"article","og_title":"J'veux du cuir pas du chapeau melon du v\u00e9cu - \u00e0 l&#039;ombre d&#039;un paradoxe en fleur","og_description":"J'veux du cuir pas du chapeau melon du v\u00e9cu. un homme v\u00eatu de cuir assis les fesses \u00e0 l'air sur un tabouret au comptoir d'un bar bond\u00e9","og_url":"https:\/\/www.bretzel-liquide.com\/blog\/2025\/06\/02\/jveux-du-cuir-pas-du-chapeau-melon-du-vecu\/","og_site_name":"\u00e0 l&#039;ombre d&#039;un paradoxe en fleur","article_published_time":"2025-06-02T07:12:46+00:00","og_image":[{"width":1300,"height":871,"url":"https:\/\/www.bretzel-liquide.com\/blog\/wp-content\/uploads\/2025\/06\/Rikers-Coffee-Shop-NYC-Photo-by-Flo-Fox-1974-vetements-de-cuir-et-fesses-a-lair-les-bars-etaient-des-lieux-de-convivialite-vivre-ensemble-elle-veut-du-cuir.jpg","type":"image\/jpeg"}],"author":"Yves Brette","twitter_card":"summary_large_image","twitter_misc":{"\u00c9crit par":"Yves Brette"},"schema":{"@context":"https:\/\/schema.org","@graph":[{"@type":"Article","@id":"https:\/\/www.bretzel-liquide.com\/blog\/2025\/06\/02\/jveux-du-cuir-pas-du-chapeau-melon-du-vecu\/#article","isPartOf":{"@id":"https:\/\/www.bretzel-liquide.com\/blog\/2025\/06\/02\/jveux-du-cuir-pas-du-chapeau-melon-du-vecu\/"},"author":{"name":"Yves Brette","@id":"https:\/\/www.bretzel-liquide.com\/blog\/#\/schema\/person\/16b498860410bff000499934f159633d"},"headline":"J&rsquo;veux du cuir pas du chapeau melon du v\u00e9cu","datePublished":"2025-06-02T07:12:46+00:00","mainEntityOfPage":{"@id":"https:\/\/www.bretzel-liquide.com\/blog\/2025\/06\/02\/jveux-du-cuir-pas-du-chapeau-melon-du-vecu\/"},"wordCount":75,"commentCount":0,"publisher":{"@id":"https:\/\/www.bretzel-liquide.com\/blog\/#\/schema\/person\/16b498860410bff000499934f159633d"},"image":{"@id":"https:\/\/www.bretzel-liquide.com\/blog\/2025\/06\/02\/jveux-du-cuir-pas-du-chapeau-melon-du-vecu\/#primaryimage"},"thumbnailUrl":"https:\/\/www.bretzel-liquide.com\/blog\/wp-content\/uploads\/2025\/06\/Rikers-Coffee-Shop-NYC-Photo-by-Flo-Fox-1974-vetements-de-cuir-et-fesses-a-lair-les-bars-etaient-des-lieux-de-convivialite-vivre-ensemble-elle-veut-du-cuir-1024x686.jpg","keywords":["Alain Souchon","chanson","consommation","cul","fesse","Flo Fox","photo","soci\u00e9t\u00e9","v\u00eatements"],"articleSection":["saoul-titre \u00e0 12\u00b0 (vf)"],"inLanguage":"fr-FR","potentialAction":[{"@type":"CommentAction","name":"Comment","target":["https:\/\/www.bretzel-liquide.com\/blog\/2025\/06\/02\/jveux-du-cuir-pas-du-chapeau-melon-du-vecu\/#respond"]}]},{"@type":"WebPage","@id":"https:\/\/www.bretzel-liquide.com\/blog\/2025\/06\/02\/jveux-du-cuir-pas-du-chapeau-melon-du-vecu\/","url":"https:\/\/www.bretzel-liquide.com\/blog\/2025\/06\/02\/jveux-du-cuir-pas-du-chapeau-melon-du-vecu\/","name":"J'veux du cuir pas du chapeau melon du v\u00e9cu - \u00e0 l&#039;ombre d&#039;un paradoxe en fleur","isPartOf":{"@id":"https:\/\/www.bretzel-liquide.com\/blog\/#website"},"primaryImageOfPage":{"@id":"https:\/\/www.bretzel-liquide.com\/blog\/2025\/06\/02\/jveux-du-cuir-pas-du-chapeau-melon-du-vecu\/#primaryimage"},"image":{"@id":"https:\/\/www.bretzel-liquide.com\/blog\/2025\/06\/02\/jveux-du-cuir-pas-du-chapeau-melon-du-vecu\/#primaryimage"},"thumbnailUrl":"https:\/\/www.bretzel-liquide.com\/blog\/wp-content\/uploads\/2025\/06\/Rikers-Coffee-Shop-NYC-Photo-by-Flo-Fox-1974-vetements-de-cuir-et-fesses-a-lair-les-bars-etaient-des-lieux-de-convivialite-vivre-ensemble-elle-veut-du-cuir-1024x686.jpg","datePublished":"2025-06-02T07:12:46+00:00","description":"J'veux du cuir pas du chapeau melon du v\u00e9cu. un homme v\u00eatu de cuir assis les fesses \u00e0 l'air sur un tabouret au comptoir d'un bar bond\u00e9","breadcrumb":{"@id":"https:\/\/www.bretzel-liquide.com\/blog\/2025\/06\/02\/jveux-du-cuir-pas-du-chapeau-melon-du-vecu\/#breadcrumb"},"inLanguage":"fr-FR","potentialAction":[{"@type":"ReadAction","target":["https:\/\/www.bretzel-liquide.com\/blog\/2025\/06\/02\/jveux-du-cuir-pas-du-chapeau-melon-du-vecu\/"]}]},{"@type":"ImageObject","inLanguage":"fr-FR","@id":"https:\/\/www.bretzel-liquide.com\/blog\/2025\/06\/02\/jveux-du-cuir-pas-du-chapeau-melon-du-vecu\/#primaryimage","url":"https:\/\/www.bretzel-liquide.com\/blog\/wp-content\/uploads\/2025\/06\/Rikers-Coffee-Shop-NYC-Photo-by-Flo-Fox-1974-vetements-de-cuir-et-fesses-a-lair-les-bars-etaient-des-lieux-de-convivialite-vivre-ensemble-elle-veut-du-cuir.jpg","contentUrl":"https:\/\/www.bretzel-liquide.com\/blog\/wp-content\/uploads\/2025\/06\/Rikers-Coffee-Shop-NYC-Photo-by-Flo-Fox-1974-vetements-de-cuir-et-fesses-a-lair-les-bars-etaient-des-lieux-de-convivialite-vivre-ensemble-elle-veut-du-cuir.jpg","width":1300,"height":871},{"@type":"BreadcrumbList","@id":"https:\/\/www.bretzel-liquide.com\/blog\/2025\/06\/02\/jveux-du-cuir-pas-du-chapeau-melon-du-vecu\/#breadcrumb","itemListElement":[{"@type":"ListItem","position":1,"name":"Accueil","item":"https:\/\/www.bretzel-liquide.com\/blog\/"},{"@type":"ListItem","position":2,"name":"J&rsquo;veux du cuir pas du chapeau melon du v\u00e9cu"}]},{"@type":"WebSite","@id":"https:\/\/www.bretzel-liquide.com\/blog\/#website","url":"https:\/\/www.bretzel-liquide.com\/blog\/","name":"\u00e0 l&#039;ombre d&#039;un paradoxe en fleur","description":"la face nord du bretzel liquide : humour absurde, images \u00e9tranges, microblogging","publisher":{"@id":"https:\/\/www.bretzel-liquide.com\/blog\/#\/schema\/person\/16b498860410bff000499934f159633d"},"potentialAction":[{"@type":"SearchAction","target":{"@type":"EntryPoint","urlTemplate":"https:\/\/www.bretzel-liquide.com\/blog\/?s={search_term_string}"},"query-input":{"@type":"PropertyValueSpecification","valueRequired":true,"valueName":"search_term_string"}}],"inLanguage":"fr-FR"},{"@type":["Person","Organization"],"@id":"https:\/\/www.bretzel-liquide.com\/blog\/#\/schema\/person\/16b498860410bff000499934f159633d","name":"Yves Brette","image":{"@type":"ImageObject","inLanguage":"fr-FR","@id":"https:\/\/www.bretzel-liquide.com\/blog\/wp-content\/uploads\/2022\/01\/headerchien.jpg","url":"https:\/\/www.bretzel-liquide.com\/blog\/wp-content\/uploads\/2022\/01\/headerchien.jpg","contentUrl":"https:\/\/www.bretzel-liquide.com\/blog\/wp-content\/uploads\/2022\/01\/headerchien.jpg","width":150,"height":147,"caption":"Yves Brette"},"logo":{"@id":"https:\/\/www.bretzel-liquide.com\/blog\/wp-content\/uploads\/2022\/01\/headerchien.jpg"},"sameAs":["http:\/\/www.bretzel-liquide.com\/blog"],"url":"https:\/\/www.bretzel-liquide.com\/blog\/author\/yves\/"}]}},"_links":{"self":[{"href":"https:\/\/www.bretzel-liquide.com\/blog\/wp-json\/wp\/v2\/posts\/14312","targetHints":{"allow":["GET"]}}],"collection":[{"href":"https:\/\/www.bretzel-liquide.com\/blog\/wp-json\/wp\/v2\/posts"}],"about":[{"href":"https:\/\/www.bretzel-liquide.com\/blog\/wp-json\/wp\/v2\/types\/post"}],"author":[{"embeddable":true,"href":"https:\/\/www.bretzel-liquide.com\/blog\/wp-json\/wp\/v2\/users\/1"}],"replies":[{"embeddable":true,"href":"https:\/\/www.bretzel-liquide.com\/blog\/wp-json\/wp\/v2\/comments?post=14312"}],"version-history":[{"count":1,"href":"https:\/\/www.bretzel-liquide.com\/blog\/wp-json\/wp\/v2\/posts\/14312\/revisions"}],"predecessor-version":[{"id":14314,"href":"https:\/\/www.bretzel-liquide.com\/blog\/wp-json\/wp\/v2\/posts\/14312\/revisions\/14314"}],"wp:attachment":[{"href":"https:\/\/www.bretzel-liquide.com\/blog\/wp-json\/wp\/v2\/media?parent=14312"}],"wp:term":[{"taxonomy":"category","embeddable":true,"href":"https:\/\/www.bretzel-liquide.com\/blog\/wp-json\/wp\/v2\/categories?post=14312"},{"taxonomy":"post_tag","embeddable":true,"href":"https:\/\/www.bretzel-liquide.com\/blog\/wp-json\/wp\/v2\/tags?post=14312"}],"curies":[{"name":"wp","href":"https:\/\/api.w.org\/{rel}","templated":true}]}}