{"id":14557,"date":"2025-06-14T08:37:39","date_gmt":"2025-06-14T06:37:39","guid":{"rendered":"https:\/\/www.bretzel-liquide.com\/blog\/?p=14557"},"modified":"2025-06-14T08:38:23","modified_gmt":"2025-06-14T06:38:23","slug":"lenfant-de-choeur-avec-sa-voix-fraiche-de-fille","status":"publish","type":"post","link":"https:\/\/www.bretzel-liquide.com\/blog\/2025\/06\/14\/lenfant-de-choeur-avec-sa-voix-fraiche-de-fille\/","title":{"rendered":"L\u2019enfant de ch\u0153ur avec sa voix fra\u00eeche de fille"},"content":{"rendered":"\n<figure class=\"wp-block-image size-large\"><a href=\"https:\/\/www.bretzel-liquide.com\/blog\/wp-content\/uploads\/2025\/06\/Crescent-Rocker-Wendell-Castle-1978-rocking-chair-fauteuil-a-bascule-sieste-berce-moi.jpg\"><img loading=\"lazy\" decoding=\"async\" width=\"1024\" height=\"1024\" src=\"https:\/\/www.bretzel-liquide.com\/blog\/wp-content\/uploads\/2025\/06\/Crescent-Rocker-Wendell-Castle-1978-rocking-chair-fauteuil-a-bascule-sieste-berce-moi-1024x1024.jpg\" alt=\"rocking-chair design, fauteuil \u00e0 bascule de luxe \u00e0 l'assise de cuir fauve\" class=\"wp-image-14558\" srcset=\"https:\/\/www.bretzel-liquide.com\/blog\/wp-content\/uploads\/2025\/06\/Crescent-Rocker-Wendell-Castle-1978-rocking-chair-fauteuil-a-bascule-sieste-berce-moi-1024x1024.jpg 1024w, https:\/\/www.bretzel-liquide.com\/blog\/wp-content\/uploads\/2025\/06\/Crescent-Rocker-Wendell-Castle-1978-rocking-chair-fauteuil-a-bascule-sieste-berce-moi-300x300.jpg 300w, https:\/\/www.bretzel-liquide.com\/blog\/wp-content\/uploads\/2025\/06\/Crescent-Rocker-Wendell-Castle-1978-rocking-chair-fauteuil-a-bascule-sieste-berce-moi-150x150.jpg 150w, https:\/\/www.bretzel-liquide.com\/blog\/wp-content\/uploads\/2025\/06\/Crescent-Rocker-Wendell-Castle-1978-rocking-chair-fauteuil-a-bascule-sieste-berce-moi-768x768.jpg 768w, https:\/\/www.bretzel-liquide.com\/blog\/wp-content\/uploads\/2025\/06\/Crescent-Rocker-Wendell-Castle-1978-rocking-chair-fauteuil-a-bascule-sieste-berce-moi-1200x1200.jpg 1200w, https:\/\/www.bretzel-liquide.com\/blog\/wp-content\/uploads\/2025\/06\/Crescent-Rocker-Wendell-Castle-1978-rocking-chair-fauteuil-a-bascule-sieste-berce-moi.jpg 1280w\" sizes=\"auto, (max-width: 1024px) 100vw, 1024px\" \/><\/a><\/figure>\n\n\n\n<p>L\u2019enfant de ch\u0153ur avec sa voix fra\u00eeche de fille, <br>Et quand, au fond du trou, bien chaud, douillettement, <br>S\u2019installe le cercueil, le mol \u00e9boulement <br>De la terre, \u00e9dredon du d\u00e9funt, heureux drille <\/p>\n\n\n\n<p>Paul Verlaine, l&rsquo;enterrement \/ Crescent Rocker, Wendell Castle, 1978 <\/p>\n\n\n\n<p>tags : f\u00eate des p\u00e8res, berceuse, le grand sommeil<\/p>\n\n\n\n<p>alt : rocking-chair design, fauteuil \u00e0 bascule de luxe \u00e0 l&rsquo;assise de cuir fauve <\/p>\n","protected":false},"excerpt":{"rendered":"<p>L\u2019enfant de ch\u0153ur avec sa voix fra\u00eeche de fille, Et quand, au fond du trou, bien chaud, douillettement, S\u2019installe le cercueil, le mol \u00e9boulement De la terre, \u00e9dredon du d\u00e9funt, heureux drille Paul Verlaine, l&rsquo;enterrement \/ Crescent Rocker, Wendell Castle, 1978 tags : f\u00eate des p\u00e8res, berceuse, le grand sommeil alt : rocking-chair design, fauteuil [&hellip;]<\/p>\n","protected":false},"author":1,"featured_media":0,"comment_status":"open","ping_status":"open","sticky":false,"template":"","format":"standard","meta":{"footnotes":""},"categories":[139],"tags":[200,725,305,1401,64,1774,4,39,185,21,1383],"class_list":["post-14557","post","type-post","status-publish","format-standard","hentry","category-ne-joue-pas-au-bord-de-la-fadaise","tag-design","tag-fete-des-peres","tag-luxe","tag-mobilier","tag-mort","tag-paul-verlaine","tag-photo","tag-poeme","tag-sommeil","tag-vieux","tag-weekend"],"yoast_head":"<!-- This site is optimized with the Yoast SEO plugin v27.5 - https:\/\/yoast.com\/product\/yoast-seo-wordpress\/ -->\n<title>L\u2019enfant de ch\u0153ur avec sa voix fra\u00eeche de fille - \u00e0 l&#039;ombre d&#039;un paradoxe en fleur<\/title>\n<meta name=\"description\" content=\"L\u2019enfant de ch\u0153ur avec sa voix fra\u00eeche de fille. rocking-chair design, fauteuil \u00e0 bascule de luxe \u00e0 l&#039;assise de cuir fauve\" \/>\n<meta name=\"robots\" content=\"index, follow, max-snippet:-1, max-image-preview:large, max-video-preview:-1\" \/>\n<link rel=\"canonical\" href=\"https:\/\/www.bretzel-liquide.com\/blog\/2025\/06\/14\/lenfant-de-choeur-avec-sa-voix-fraiche-de-fille\/\" \/>\n<meta property=\"og:locale\" content=\"fr_FR\" \/>\n<meta property=\"og:type\" content=\"article\" \/>\n<meta property=\"og:title\" content=\"L\u2019enfant de ch\u0153ur avec sa voix fra\u00eeche de fille - \u00e0 l&#039;ombre d&#039;un paradoxe en fleur\" \/>\n<meta property=\"og:description\" content=\"L\u2019enfant de ch\u0153ur avec sa voix fra\u00eeche de fille. rocking-chair design, fauteuil \u00e0 bascule de luxe \u00e0 l&#039;assise de cuir fauve\" \/>\n<meta property=\"og:url\" content=\"https:\/\/www.bretzel-liquide.com\/blog\/2025\/06\/14\/lenfant-de-choeur-avec-sa-voix-fraiche-de-fille\/\" \/>\n<meta property=\"og:site_name\" content=\"\u00e0 l&#039;ombre d&#039;un paradoxe en fleur\" \/>\n<meta property=\"article:published_time\" content=\"2025-06-14T06:37:39+00:00\" \/>\n<meta property=\"article:modified_time\" content=\"2025-06-14T06:38:23+00:00\" \/>\n<meta property=\"og:image\" content=\"https:\/\/www.bretzel-liquide.com\/blog\/wp-content\/uploads\/2025\/06\/Crescent-Rocker-Wendell-Castle-1978-rocking-chair-fauteuil-a-bascule-sieste-berce-moi.jpg\" \/>\n\t<meta property=\"og:image:width\" content=\"1280\" \/>\n\t<meta property=\"og:image:height\" content=\"1280\" \/>\n\t<meta property=\"og:image:type\" content=\"image\/jpeg\" \/>\n<meta name=\"author\" content=\"Yves Brette\" \/>\n<meta name=\"twitter:card\" content=\"summary_large_image\" \/>\n<meta name=\"twitter:label1\" content=\"\u00c9crit par\" \/>\n\t<meta name=\"twitter:data1\" content=\"Yves Brette\" \/>\n<script type=\"application\/ld+json\" class=\"yoast-schema-graph\">{\"@context\":\"https:\\\/\\\/schema.org\",\"@graph\":[{\"@type\":\"Article\",\"@id\":\"https:\\\/\\\/www.bretzel-liquide.com\\\/blog\\\/2025\\\/06\\\/14\\\/lenfant-de-choeur-avec-sa-voix-fraiche-de-fille\\\/#article\",\"isPartOf\":{\"@id\":\"https:\\\/\\\/www.bretzel-liquide.com\\\/blog\\\/2025\\\/06\\\/14\\\/lenfant-de-choeur-avec-sa-voix-fraiche-de-fille\\\/\"},\"author\":{\"name\":\"Yves Brette\",\"@id\":\"https:\\\/\\\/www.bretzel-liquide.com\\\/blog\\\/#\\\/schema\\\/person\\\/16b498860410bff000499934f159633d\"},\"headline\":\"L\u2019enfant de ch\u0153ur avec sa voix fra\u00eeche de fille\",\"datePublished\":\"2025-06-14T06:37:39+00:00\",\"dateModified\":\"2025-06-14T06:38:23+00:00\",\"mainEntityOfPage\":{\"@id\":\"https:\\\/\\\/www.bretzel-liquide.com\\\/blog\\\/2025\\\/06\\\/14\\\/lenfant-de-choeur-avec-sa-voix-fraiche-de-fille\\\/\"},\"wordCount\":79,\"commentCount\":0,\"publisher\":{\"@id\":\"https:\\\/\\\/www.bretzel-liquide.com\\\/blog\\\/#\\\/schema\\\/person\\\/16b498860410bff000499934f159633d\"},\"image\":{\"@id\":\"https:\\\/\\\/www.bretzel-liquide.com\\\/blog\\\/2025\\\/06\\\/14\\\/lenfant-de-choeur-avec-sa-voix-fraiche-de-fille\\\/#primaryimage\"},\"thumbnailUrl\":\"https:\\\/\\\/www.bretzel-liquide.com\\\/blog\\\/wp-content\\\/uploads\\\/2025\\\/06\\\/Crescent-Rocker-Wendell-Castle-1978-rocking-chair-fauteuil-a-bascule-sieste-berce-moi-1024x1024.jpg\",\"keywords\":[\"design\",\"f\u00eate des p\u00e8res\",\"luxe\",\"mobilier\",\"mort\",\"Paul Verlaine\",\"photo\",\"po\u00e8me\",\"sommeil\",\"vieux\",\"weekend\"],\"articleSection\":[\"ne joue pas au bord de la fadaise !\"],\"inLanguage\":\"fr-FR\",\"potentialAction\":[{\"@type\":\"CommentAction\",\"name\":\"Comment\",\"target\":[\"https:\\\/\\\/www.bretzel-liquide.com\\\/blog\\\/2025\\\/06\\\/14\\\/lenfant-de-choeur-avec-sa-voix-fraiche-de-fille\\\/#respond\"]}]},{\"@type\":\"WebPage\",\"@id\":\"https:\\\/\\\/www.bretzel-liquide.com\\\/blog\\\/2025\\\/06\\\/14\\\/lenfant-de-choeur-avec-sa-voix-fraiche-de-fille\\\/\",\"url\":\"https:\\\/\\\/www.bretzel-liquide.com\\\/blog\\\/2025\\\/06\\\/14\\\/lenfant-de-choeur-avec-sa-voix-fraiche-de-fille\\\/\",\"name\":\"L\u2019enfant de ch\u0153ur avec sa voix fra\u00eeche de fille - \u00e0 l&#039;ombre d&#039;un paradoxe en fleur\",\"isPartOf\":{\"@id\":\"https:\\\/\\\/www.bretzel-liquide.com\\\/blog\\\/#website\"},\"primaryImageOfPage\":{\"@id\":\"https:\\\/\\\/www.bretzel-liquide.com\\\/blog\\\/2025\\\/06\\\/14\\\/lenfant-de-choeur-avec-sa-voix-fraiche-de-fille\\\/#primaryimage\"},\"image\":{\"@id\":\"https:\\\/\\\/www.bretzel-liquide.com\\\/blog\\\/2025\\\/06\\\/14\\\/lenfant-de-choeur-avec-sa-voix-fraiche-de-fille\\\/#primaryimage\"},\"thumbnailUrl\":\"https:\\\/\\\/www.bretzel-liquide.com\\\/blog\\\/wp-content\\\/uploads\\\/2025\\\/06\\\/Crescent-Rocker-Wendell-Castle-1978-rocking-chair-fauteuil-a-bascule-sieste-berce-moi-1024x1024.jpg\",\"datePublished\":\"2025-06-14T06:37:39+00:00\",\"dateModified\":\"2025-06-14T06:38:23+00:00\",\"description\":\"L\u2019enfant de ch\u0153ur avec sa voix fra\u00eeche de fille. rocking-chair design, fauteuil \u00e0 bascule de luxe \u00e0 l'assise de cuir fauve\",\"breadcrumb\":{\"@id\":\"https:\\\/\\\/www.bretzel-liquide.com\\\/blog\\\/2025\\\/06\\\/14\\\/lenfant-de-choeur-avec-sa-voix-fraiche-de-fille\\\/#breadcrumb\"},\"inLanguage\":\"fr-FR\",\"potentialAction\":[{\"@type\":\"ReadAction\",\"target\":[\"https:\\\/\\\/www.bretzel-liquide.com\\\/blog\\\/2025\\\/06\\\/14\\\/lenfant-de-choeur-avec-sa-voix-fraiche-de-fille\\\/\"]}]},{\"@type\":\"ImageObject\",\"inLanguage\":\"fr-FR\",\"@id\":\"https:\\\/\\\/www.bretzel-liquide.com\\\/blog\\\/2025\\\/06\\\/14\\\/lenfant-de-choeur-avec-sa-voix-fraiche-de-fille\\\/#primaryimage\",\"url\":\"https:\\\/\\\/www.bretzel-liquide.com\\\/blog\\\/wp-content\\\/uploads\\\/2025\\\/06\\\/Crescent-Rocker-Wendell-Castle-1978-rocking-chair-fauteuil-a-bascule-sieste-berce-moi.jpg\",\"contentUrl\":\"https:\\\/\\\/www.bretzel-liquide.com\\\/blog\\\/wp-content\\\/uploads\\\/2025\\\/06\\\/Crescent-Rocker-Wendell-Castle-1978-rocking-chair-fauteuil-a-bascule-sieste-berce-moi.jpg\",\"width\":1280,\"height\":1280},{\"@type\":\"BreadcrumbList\",\"@id\":\"https:\\\/\\\/www.bretzel-liquide.com\\\/blog\\\/2025\\\/06\\\/14\\\/lenfant-de-choeur-avec-sa-voix-fraiche-de-fille\\\/#breadcrumb\",\"itemListElement\":[{\"@type\":\"ListItem\",\"position\":1,\"name\":\"Accueil\",\"item\":\"https:\\\/\\\/www.bretzel-liquide.com\\\/blog\\\/\"},{\"@type\":\"ListItem\",\"position\":2,\"name\":\"L\u2019enfant de ch\u0153ur avec sa voix fra\u00eeche de fille\"}]},{\"@type\":\"WebSite\",\"@id\":\"https:\\\/\\\/www.bretzel-liquide.com\\\/blog\\\/#website\",\"url\":\"https:\\\/\\\/www.bretzel-liquide.com\\\/blog\\\/\",\"name\":\"\u00e0 l&#039;ombre d&#039;un paradoxe en fleur\",\"description\":\"la face nord du bretzel liquide : humour absurde, images \u00e9tranges, microblogging\",\"publisher\":{\"@id\":\"https:\\\/\\\/www.bretzel-liquide.com\\\/blog\\\/#\\\/schema\\\/person\\\/16b498860410bff000499934f159633d\"},\"potentialAction\":[{\"@type\":\"SearchAction\",\"target\":{\"@type\":\"EntryPoint\",\"urlTemplate\":\"https:\\\/\\\/www.bretzel-liquide.com\\\/blog\\\/?s={search_term_string}\"},\"query-input\":{\"@type\":\"PropertyValueSpecification\",\"valueRequired\":true,\"valueName\":\"search_term_string\"}}],\"inLanguage\":\"fr-FR\"},{\"@type\":[\"Person\",\"Organization\"],\"@id\":\"https:\\\/\\\/www.bretzel-liquide.com\\\/blog\\\/#\\\/schema\\\/person\\\/16b498860410bff000499934f159633d\",\"name\":\"Yves Brette\",\"image\":{\"@type\":\"ImageObject\",\"inLanguage\":\"fr-FR\",\"@id\":\"https:\\\/\\\/www.bretzel-liquide.com\\\/blog\\\/wp-content\\\/uploads\\\/2022\\\/01\\\/headerchien.jpg\",\"url\":\"https:\\\/\\\/www.bretzel-liquide.com\\\/blog\\\/wp-content\\\/uploads\\\/2022\\\/01\\\/headerchien.jpg\",\"contentUrl\":\"https:\\\/\\\/www.bretzel-liquide.com\\\/blog\\\/wp-content\\\/uploads\\\/2022\\\/01\\\/headerchien.jpg\",\"width\":150,\"height\":147,\"caption\":\"Yves Brette\"},\"logo\":{\"@id\":\"https:\\\/\\\/www.bretzel-liquide.com\\\/blog\\\/wp-content\\\/uploads\\\/2022\\\/01\\\/headerchien.jpg\"},\"sameAs\":[\"http:\\\/\\\/www.bretzel-liquide.com\\\/blog\"],\"url\":\"https:\\\/\\\/www.bretzel-liquide.com\\\/blog\\\/author\\\/yves\\\/\"}]}<\/script>\n<!-- \/ Yoast SEO plugin. -->","yoast_head_json":{"title":"L\u2019enfant de ch\u0153ur avec sa voix fra\u00eeche de fille - \u00e0 l&#039;ombre d&#039;un paradoxe en fleur","description":"L\u2019enfant de ch\u0153ur avec sa voix fra\u00eeche de fille. rocking-chair design, fauteuil \u00e0 bascule de luxe \u00e0 l'assise de cuir fauve","robots":{"index":"index","follow":"follow","max-snippet":"max-snippet:-1","max-image-preview":"max-image-preview:large","max-video-preview":"max-video-preview:-1"},"canonical":"https:\/\/www.bretzel-liquide.com\/blog\/2025\/06\/14\/lenfant-de-choeur-avec-sa-voix-fraiche-de-fille\/","og_locale":"fr_FR","og_type":"article","og_title":"L\u2019enfant de ch\u0153ur avec sa voix fra\u00eeche de fille - \u00e0 l&#039;ombre d&#039;un paradoxe en fleur","og_description":"L\u2019enfant de ch\u0153ur avec sa voix fra\u00eeche de fille. rocking-chair design, fauteuil \u00e0 bascule de luxe \u00e0 l'assise de cuir fauve","og_url":"https:\/\/www.bretzel-liquide.com\/blog\/2025\/06\/14\/lenfant-de-choeur-avec-sa-voix-fraiche-de-fille\/","og_site_name":"\u00e0 l&#039;ombre d&#039;un paradoxe en fleur","article_published_time":"2025-06-14T06:37:39+00:00","article_modified_time":"2025-06-14T06:38:23+00:00","og_image":[{"width":1280,"height":1280,"url":"https:\/\/www.bretzel-liquide.com\/blog\/wp-content\/uploads\/2025\/06\/Crescent-Rocker-Wendell-Castle-1978-rocking-chair-fauteuil-a-bascule-sieste-berce-moi.jpg","type":"image\/jpeg"}],"author":"Yves Brette","twitter_card":"summary_large_image","twitter_misc":{"\u00c9crit par":"Yves Brette"},"schema":{"@context":"https:\/\/schema.org","@graph":[{"@type":"Article","@id":"https:\/\/www.bretzel-liquide.com\/blog\/2025\/06\/14\/lenfant-de-choeur-avec-sa-voix-fraiche-de-fille\/#article","isPartOf":{"@id":"https:\/\/www.bretzel-liquide.com\/blog\/2025\/06\/14\/lenfant-de-choeur-avec-sa-voix-fraiche-de-fille\/"},"author":{"name":"Yves Brette","@id":"https:\/\/www.bretzel-liquide.com\/blog\/#\/schema\/person\/16b498860410bff000499934f159633d"},"headline":"L\u2019enfant de ch\u0153ur avec sa voix fra\u00eeche de fille","datePublished":"2025-06-14T06:37:39+00:00","dateModified":"2025-06-14T06:38:23+00:00","mainEntityOfPage":{"@id":"https:\/\/www.bretzel-liquide.com\/blog\/2025\/06\/14\/lenfant-de-choeur-avec-sa-voix-fraiche-de-fille\/"},"wordCount":79,"commentCount":0,"publisher":{"@id":"https:\/\/www.bretzel-liquide.com\/blog\/#\/schema\/person\/16b498860410bff000499934f159633d"},"image":{"@id":"https:\/\/www.bretzel-liquide.com\/blog\/2025\/06\/14\/lenfant-de-choeur-avec-sa-voix-fraiche-de-fille\/#primaryimage"},"thumbnailUrl":"https:\/\/www.bretzel-liquide.com\/blog\/wp-content\/uploads\/2025\/06\/Crescent-Rocker-Wendell-Castle-1978-rocking-chair-fauteuil-a-bascule-sieste-berce-moi-1024x1024.jpg","keywords":["design","f\u00eate des p\u00e8res","luxe","mobilier","mort","Paul Verlaine","photo","po\u00e8me","sommeil","vieux","weekend"],"articleSection":["ne joue pas au bord de la fadaise !"],"inLanguage":"fr-FR","potentialAction":[{"@type":"CommentAction","name":"Comment","target":["https:\/\/www.bretzel-liquide.com\/blog\/2025\/06\/14\/lenfant-de-choeur-avec-sa-voix-fraiche-de-fille\/#respond"]}]},{"@type":"WebPage","@id":"https:\/\/www.bretzel-liquide.com\/blog\/2025\/06\/14\/lenfant-de-choeur-avec-sa-voix-fraiche-de-fille\/","url":"https:\/\/www.bretzel-liquide.com\/blog\/2025\/06\/14\/lenfant-de-choeur-avec-sa-voix-fraiche-de-fille\/","name":"L\u2019enfant de ch\u0153ur avec sa voix fra\u00eeche de fille - \u00e0 l&#039;ombre d&#039;un paradoxe en fleur","isPartOf":{"@id":"https:\/\/www.bretzel-liquide.com\/blog\/#website"},"primaryImageOfPage":{"@id":"https:\/\/www.bretzel-liquide.com\/blog\/2025\/06\/14\/lenfant-de-choeur-avec-sa-voix-fraiche-de-fille\/#primaryimage"},"image":{"@id":"https:\/\/www.bretzel-liquide.com\/blog\/2025\/06\/14\/lenfant-de-choeur-avec-sa-voix-fraiche-de-fille\/#primaryimage"},"thumbnailUrl":"https:\/\/www.bretzel-liquide.com\/blog\/wp-content\/uploads\/2025\/06\/Crescent-Rocker-Wendell-Castle-1978-rocking-chair-fauteuil-a-bascule-sieste-berce-moi-1024x1024.jpg","datePublished":"2025-06-14T06:37:39+00:00","dateModified":"2025-06-14T06:38:23+00:00","description":"L\u2019enfant de ch\u0153ur avec sa voix fra\u00eeche de fille. rocking-chair design, fauteuil \u00e0 bascule de luxe \u00e0 l'assise de cuir fauve","breadcrumb":{"@id":"https:\/\/www.bretzel-liquide.com\/blog\/2025\/06\/14\/lenfant-de-choeur-avec-sa-voix-fraiche-de-fille\/#breadcrumb"},"inLanguage":"fr-FR","potentialAction":[{"@type":"ReadAction","target":["https:\/\/www.bretzel-liquide.com\/blog\/2025\/06\/14\/lenfant-de-choeur-avec-sa-voix-fraiche-de-fille\/"]}]},{"@type":"ImageObject","inLanguage":"fr-FR","@id":"https:\/\/www.bretzel-liquide.com\/blog\/2025\/06\/14\/lenfant-de-choeur-avec-sa-voix-fraiche-de-fille\/#primaryimage","url":"https:\/\/www.bretzel-liquide.com\/blog\/wp-content\/uploads\/2025\/06\/Crescent-Rocker-Wendell-Castle-1978-rocking-chair-fauteuil-a-bascule-sieste-berce-moi.jpg","contentUrl":"https:\/\/www.bretzel-liquide.com\/blog\/wp-content\/uploads\/2025\/06\/Crescent-Rocker-Wendell-Castle-1978-rocking-chair-fauteuil-a-bascule-sieste-berce-moi.jpg","width":1280,"height":1280},{"@type":"BreadcrumbList","@id":"https:\/\/www.bretzel-liquide.com\/blog\/2025\/06\/14\/lenfant-de-choeur-avec-sa-voix-fraiche-de-fille\/#breadcrumb","itemListElement":[{"@type":"ListItem","position":1,"name":"Accueil","item":"https:\/\/www.bretzel-liquide.com\/blog\/"},{"@type":"ListItem","position":2,"name":"L\u2019enfant de ch\u0153ur avec sa voix fra\u00eeche de fille"}]},{"@type":"WebSite","@id":"https:\/\/www.bretzel-liquide.com\/blog\/#website","url":"https:\/\/www.bretzel-liquide.com\/blog\/","name":"\u00e0 l&#039;ombre d&#039;un paradoxe en fleur","description":"la face nord du bretzel liquide : humour absurde, images \u00e9tranges, microblogging","publisher":{"@id":"https:\/\/www.bretzel-liquide.com\/blog\/#\/schema\/person\/16b498860410bff000499934f159633d"},"potentialAction":[{"@type":"SearchAction","target":{"@type":"EntryPoint","urlTemplate":"https:\/\/www.bretzel-liquide.com\/blog\/?s={search_term_string}"},"query-input":{"@type":"PropertyValueSpecification","valueRequired":true,"valueName":"search_term_string"}}],"inLanguage":"fr-FR"},{"@type":["Person","Organization"],"@id":"https:\/\/www.bretzel-liquide.com\/blog\/#\/schema\/person\/16b498860410bff000499934f159633d","name":"Yves Brette","image":{"@type":"ImageObject","inLanguage":"fr-FR","@id":"https:\/\/www.bretzel-liquide.com\/blog\/wp-content\/uploads\/2022\/01\/headerchien.jpg","url":"https:\/\/www.bretzel-liquide.com\/blog\/wp-content\/uploads\/2022\/01\/headerchien.jpg","contentUrl":"https:\/\/www.bretzel-liquide.com\/blog\/wp-content\/uploads\/2022\/01\/headerchien.jpg","width":150,"height":147,"caption":"Yves Brette"},"logo":{"@id":"https:\/\/www.bretzel-liquide.com\/blog\/wp-content\/uploads\/2022\/01\/headerchien.jpg"},"sameAs":["http:\/\/www.bretzel-liquide.com\/blog"],"url":"https:\/\/www.bretzel-liquide.com\/blog\/author\/yves\/"}]}},"_links":{"self":[{"href":"https:\/\/www.bretzel-liquide.com\/blog\/wp-json\/wp\/v2\/posts\/14557","targetHints":{"allow":["GET"]}}],"collection":[{"href":"https:\/\/www.bretzel-liquide.com\/blog\/wp-json\/wp\/v2\/posts"}],"about":[{"href":"https:\/\/www.bretzel-liquide.com\/blog\/wp-json\/wp\/v2\/types\/post"}],"author":[{"embeddable":true,"href":"https:\/\/www.bretzel-liquide.com\/blog\/wp-json\/wp\/v2\/users\/1"}],"replies":[{"embeddable":true,"href":"https:\/\/www.bretzel-liquide.com\/blog\/wp-json\/wp\/v2\/comments?post=14557"}],"version-history":[{"count":2,"href":"https:\/\/www.bretzel-liquide.com\/blog\/wp-json\/wp\/v2\/posts\/14557\/revisions"}],"predecessor-version":[{"id":14560,"href":"https:\/\/www.bretzel-liquide.com\/blog\/wp-json\/wp\/v2\/posts\/14557\/revisions\/14560"}],"wp:attachment":[{"href":"https:\/\/www.bretzel-liquide.com\/blog\/wp-json\/wp\/v2\/media?parent=14557"}],"wp:term":[{"taxonomy":"category","embeddable":true,"href":"https:\/\/www.bretzel-liquide.com\/blog\/wp-json\/wp\/v2\/categories?post=14557"},{"taxonomy":"post_tag","embeddable":true,"href":"https:\/\/www.bretzel-liquide.com\/blog\/wp-json\/wp\/v2\/tags?post=14557"}],"curies":[{"name":"wp","href":"https:\/\/api.w.org\/{rel}","templated":true}]}}