{"id":15153,"date":"2025-07-13T12:40:10","date_gmt":"2025-07-13T10:40:10","guid":{"rendered":"https:\/\/www.bretzel-liquide.com\/blog\/?p=15153"},"modified":"2025-07-13T12:40:10","modified_gmt":"2025-07-13T10:40:10","slug":"pendant-ce-temps-aux-urgences-de-la-clinique-de-la-foret-noire","status":"publish","type":"post","link":"https:\/\/www.bretzel-liquide.com\/blog\/2025\/07\/13\/pendant-ce-temps-aux-urgences-de-la-clinique-de-la-foret-noire\/","title":{"rendered":"pendant ce temps &#8211; aux urgences de la clinique de la For\u00eat Noire"},"content":{"rendered":"\n<figure class=\"wp-block-image size-full\"><a href=\"https:\/\/www.bretzel-liquide.com\/blog\/wp-content\/uploads\/2025\/07\/medecine-hopital-pendant-ce-temps-a-la-clinique-de-la-Foret-Noire.gif\"><img loading=\"lazy\" decoding=\"async\" width=\"450\" height=\"329\" src=\"https:\/\/www.bretzel-liquide.com\/blog\/wp-content\/uploads\/2025\/07\/medecine-hopital-pendant-ce-temps-a-la-clinique-de-la-Foret-Noire.gif\" alt=\"une \u00e9quipe m\u00e9dicale surmotiv\u00e9e du secteur priv\u00e9 s'appr\u00eate \u00e0 r\u00e9soudre la crise du secteur hospitalier\" class=\"wp-image-15154\"\/><\/a><\/figure>\n\n\n\n<p>pendant ce temps &#8211; aux urgences de la clinique de la For\u00eat Noire<\/p>\n\n\n\n<p>tags : 14 juillet, jour f\u00e9ri\u00e9 <\/p>\n\n\n\n<p>alt : en ce jour de forte affluence, une \u00e9quipe m\u00e9dicale surmotiv\u00e9e du secteur priv\u00e9 arrive en renfort pour pr\u00eater main forte \u00e0 leurs confr\u00e8res et n\u00e9anmoins amis du secteur hospitalier public en crise<\/p>\n","protected":false},"excerpt":{"rendered":"<p>pendant ce temps &#8211; aux urgences de la clinique de la For\u00eat Noire tags : 14 juillet, jour f\u00e9ri\u00e9 alt : en ce jour de forte affluence, une \u00e9quipe m\u00e9dicale surmotiv\u00e9e du secteur priv\u00e9 arrive en renfort pour pr\u00eater main forte \u00e0 leurs confr\u00e8res et n\u00e9anmoins amis du secteur hospitalier public en crise<\/p>\n","protected":false},"author":1,"featured_media":0,"comment_status":"open","ping_status":"open","sticky":false,"template":"","format":"standard","meta":{"footnotes":""},"categories":[221,101,121],"tags":[1405,70,103],"class_list":["post-15153","post","type-post","status-publish","format-standard","hentry","category-exercice-illegal-de-la-medecine","category-gif-animes-avez-vous-donc-une-ame","category-les-belles-histoires-de-tonton-yves","tag-14-juillet","tag-politique","tag-sante-publique"],"yoast_head":"<!-- This site is optimized with the Yoast SEO plugin v27.4 - https:\/\/yoast.com\/product\/yoast-seo-wordpress\/ -->\n<title>pendant ce temps - aux urgences de la clinique de la For\u00eat Noire - \u00e0 l&#039;ombre d&#039;un paradoxe en fleur<\/title>\n<meta name=\"description\" content=\"pendant ce temps - aux urgences de la clinique de la For\u00eat Noire. une \u00e9quipe m\u00e9dicale surmotiv\u00e9e du secteur priv\u00e9 arrive en renfort\" \/>\n<meta name=\"robots\" content=\"index, follow, max-snippet:-1, max-image-preview:large, max-video-preview:-1\" \/>\n<link rel=\"canonical\" href=\"https:\/\/www.bretzel-liquide.com\/blog\/2025\/07\/13\/pendant-ce-temps-aux-urgences-de-la-clinique-de-la-foret-noire\/\" \/>\n<meta property=\"og:locale\" content=\"fr_FR\" \/>\n<meta property=\"og:type\" content=\"article\" \/>\n<meta property=\"og:title\" content=\"pendant ce temps - aux urgences de la clinique de la For\u00eat Noire - \u00e0 l&#039;ombre d&#039;un paradoxe en fleur\" \/>\n<meta property=\"og:description\" content=\"pendant ce temps - aux urgences de la clinique de la For\u00eat Noire. une \u00e9quipe m\u00e9dicale surmotiv\u00e9e du secteur priv\u00e9 arrive en renfort\" \/>\n<meta property=\"og:url\" content=\"https:\/\/www.bretzel-liquide.com\/blog\/2025\/07\/13\/pendant-ce-temps-aux-urgences-de-la-clinique-de-la-foret-noire\/\" \/>\n<meta property=\"og:site_name\" content=\"\u00e0 l&#039;ombre d&#039;un paradoxe en fleur\" \/>\n<meta property=\"article:published_time\" content=\"2025-07-13T10:40:10+00:00\" \/>\n<meta property=\"og:image\" content=\"https:\/\/www.bretzel-liquide.com\/blog\/wp-content\/uploads\/2025\/07\/medecine-hopital-pendant-ce-temps-a-la-clinique-de-la-Foret-Noire.gif\" \/>\n\t<meta property=\"og:image:width\" content=\"450\" \/>\n\t<meta property=\"og:image:height\" content=\"329\" \/>\n\t<meta property=\"og:image:type\" content=\"image\/gif\" \/>\n<meta name=\"author\" content=\"Yves Brette\" \/>\n<meta name=\"twitter:card\" content=\"summary_large_image\" \/>\n<meta name=\"twitter:label1\" content=\"\u00c9crit par\" \/>\n\t<meta name=\"twitter:data1\" content=\"Yves Brette\" \/>\n<script type=\"application\/ld+json\" class=\"yoast-schema-graph\">{\"@context\":\"https:\\\/\\\/schema.org\",\"@graph\":[{\"@type\":\"Article\",\"@id\":\"https:\\\/\\\/www.bretzel-liquide.com\\\/blog\\\/2025\\\/07\\\/13\\\/pendant-ce-temps-aux-urgences-de-la-clinique-de-la-foret-noire\\\/#article\",\"isPartOf\":{\"@id\":\"https:\\\/\\\/www.bretzel-liquide.com\\\/blog\\\/2025\\\/07\\\/13\\\/pendant-ce-temps-aux-urgences-de-la-clinique-de-la-foret-noire\\\/\"},\"author\":{\"name\":\"Yves Brette\",\"@id\":\"https:\\\/\\\/www.bretzel-liquide.com\\\/blog\\\/#\\\/schema\\\/person\\\/16b498860410bff000499934f159633d\"},\"headline\":\"pendant ce temps &#8211; aux urgences de la clinique de la For\u00eat Noire\",\"datePublished\":\"2025-07-13T10:40:10+00:00\",\"mainEntityOfPage\":{\"@id\":\"https:\\\/\\\/www.bretzel-liquide.com\\\/blog\\\/2025\\\/07\\\/13\\\/pendant-ce-temps-aux-urgences-de-la-clinique-de-la-foret-noire\\\/\"},\"wordCount\":70,\"commentCount\":0,\"publisher\":{\"@id\":\"https:\\\/\\\/www.bretzel-liquide.com\\\/blog\\\/#\\\/schema\\\/person\\\/16b498860410bff000499934f159633d\"},\"image\":{\"@id\":\"https:\\\/\\\/www.bretzel-liquide.com\\\/blog\\\/2025\\\/07\\\/13\\\/pendant-ce-temps-aux-urgences-de-la-clinique-de-la-foret-noire\\\/#primaryimage\"},\"thumbnailUrl\":\"https:\\\/\\\/www.bretzel-liquide.com\\\/blog\\\/wp-content\\\/uploads\\\/2025\\\/07\\\/medecine-hopital-pendant-ce-temps-a-la-clinique-de-la-Foret-Noire.gif\",\"keywords\":[\"14 juillet\",\"politique\",\"sant\u00e9 publique\"],\"articleSection\":[\"exercice ill\u00e9gal de la m\u00e9decine\",\"gif anim\u00e9s avez-vous donc une \u00e2me\",\"les belles histoires de tonton yves\"],\"inLanguage\":\"fr-FR\",\"potentialAction\":[{\"@type\":\"CommentAction\",\"name\":\"Comment\",\"target\":[\"https:\\\/\\\/www.bretzel-liquide.com\\\/blog\\\/2025\\\/07\\\/13\\\/pendant-ce-temps-aux-urgences-de-la-clinique-de-la-foret-noire\\\/#respond\"]}]},{\"@type\":\"WebPage\",\"@id\":\"https:\\\/\\\/www.bretzel-liquide.com\\\/blog\\\/2025\\\/07\\\/13\\\/pendant-ce-temps-aux-urgences-de-la-clinique-de-la-foret-noire\\\/\",\"url\":\"https:\\\/\\\/www.bretzel-liquide.com\\\/blog\\\/2025\\\/07\\\/13\\\/pendant-ce-temps-aux-urgences-de-la-clinique-de-la-foret-noire\\\/\",\"name\":\"pendant ce temps - aux urgences de la clinique de la For\u00eat Noire - \u00e0 l&#039;ombre d&#039;un paradoxe en fleur\",\"isPartOf\":{\"@id\":\"https:\\\/\\\/www.bretzel-liquide.com\\\/blog\\\/#website\"},\"primaryImageOfPage\":{\"@id\":\"https:\\\/\\\/www.bretzel-liquide.com\\\/blog\\\/2025\\\/07\\\/13\\\/pendant-ce-temps-aux-urgences-de-la-clinique-de-la-foret-noire\\\/#primaryimage\"},\"image\":{\"@id\":\"https:\\\/\\\/www.bretzel-liquide.com\\\/blog\\\/2025\\\/07\\\/13\\\/pendant-ce-temps-aux-urgences-de-la-clinique-de-la-foret-noire\\\/#primaryimage\"},\"thumbnailUrl\":\"https:\\\/\\\/www.bretzel-liquide.com\\\/blog\\\/wp-content\\\/uploads\\\/2025\\\/07\\\/medecine-hopital-pendant-ce-temps-a-la-clinique-de-la-Foret-Noire.gif\",\"datePublished\":\"2025-07-13T10:40:10+00:00\",\"description\":\"pendant ce temps - aux urgences de la clinique de la For\u00eat Noire. une \u00e9quipe m\u00e9dicale surmotiv\u00e9e du secteur priv\u00e9 arrive en renfort\",\"breadcrumb\":{\"@id\":\"https:\\\/\\\/www.bretzel-liquide.com\\\/blog\\\/2025\\\/07\\\/13\\\/pendant-ce-temps-aux-urgences-de-la-clinique-de-la-foret-noire\\\/#breadcrumb\"},\"inLanguage\":\"fr-FR\",\"potentialAction\":[{\"@type\":\"ReadAction\",\"target\":[\"https:\\\/\\\/www.bretzel-liquide.com\\\/blog\\\/2025\\\/07\\\/13\\\/pendant-ce-temps-aux-urgences-de-la-clinique-de-la-foret-noire\\\/\"]}]},{\"@type\":\"ImageObject\",\"inLanguage\":\"fr-FR\",\"@id\":\"https:\\\/\\\/www.bretzel-liquide.com\\\/blog\\\/2025\\\/07\\\/13\\\/pendant-ce-temps-aux-urgences-de-la-clinique-de-la-foret-noire\\\/#primaryimage\",\"url\":\"https:\\\/\\\/www.bretzel-liquide.com\\\/blog\\\/wp-content\\\/uploads\\\/2025\\\/07\\\/medecine-hopital-pendant-ce-temps-a-la-clinique-de-la-Foret-Noire.gif\",\"contentUrl\":\"https:\\\/\\\/www.bretzel-liquide.com\\\/blog\\\/wp-content\\\/uploads\\\/2025\\\/07\\\/medecine-hopital-pendant-ce-temps-a-la-clinique-de-la-Foret-Noire.gif\"},{\"@type\":\"BreadcrumbList\",\"@id\":\"https:\\\/\\\/www.bretzel-liquide.com\\\/blog\\\/2025\\\/07\\\/13\\\/pendant-ce-temps-aux-urgences-de-la-clinique-de-la-foret-noire\\\/#breadcrumb\",\"itemListElement\":[{\"@type\":\"ListItem\",\"position\":1,\"name\":\"Accueil\",\"item\":\"https:\\\/\\\/www.bretzel-liquide.com\\\/blog\\\/\"},{\"@type\":\"ListItem\",\"position\":2,\"name\":\"pendant ce temps &#8211; aux urgences de la clinique de la For\u00eat Noire\"}]},{\"@type\":\"WebSite\",\"@id\":\"https:\\\/\\\/www.bretzel-liquide.com\\\/blog\\\/#website\",\"url\":\"https:\\\/\\\/www.bretzel-liquide.com\\\/blog\\\/\",\"name\":\"\u00e0 l&#039;ombre d&#039;un paradoxe en fleur\",\"description\":\"la face nord du bretzel liquide : humour absurde, images \u00e9tranges, microblogging\",\"publisher\":{\"@id\":\"https:\\\/\\\/www.bretzel-liquide.com\\\/blog\\\/#\\\/schema\\\/person\\\/16b498860410bff000499934f159633d\"},\"potentialAction\":[{\"@type\":\"SearchAction\",\"target\":{\"@type\":\"EntryPoint\",\"urlTemplate\":\"https:\\\/\\\/www.bretzel-liquide.com\\\/blog\\\/?s={search_term_string}\"},\"query-input\":{\"@type\":\"PropertyValueSpecification\",\"valueRequired\":true,\"valueName\":\"search_term_string\"}}],\"inLanguage\":\"fr-FR\"},{\"@type\":[\"Person\",\"Organization\"],\"@id\":\"https:\\\/\\\/www.bretzel-liquide.com\\\/blog\\\/#\\\/schema\\\/person\\\/16b498860410bff000499934f159633d\",\"name\":\"Yves Brette\",\"image\":{\"@type\":\"ImageObject\",\"inLanguage\":\"fr-FR\",\"@id\":\"https:\\\/\\\/www.bretzel-liquide.com\\\/blog\\\/wp-content\\\/uploads\\\/2022\\\/01\\\/headerchien.jpg\",\"url\":\"https:\\\/\\\/www.bretzel-liquide.com\\\/blog\\\/wp-content\\\/uploads\\\/2022\\\/01\\\/headerchien.jpg\",\"contentUrl\":\"https:\\\/\\\/www.bretzel-liquide.com\\\/blog\\\/wp-content\\\/uploads\\\/2022\\\/01\\\/headerchien.jpg\",\"width\":150,\"height\":147,\"caption\":\"Yves Brette\"},\"logo\":{\"@id\":\"https:\\\/\\\/www.bretzel-liquide.com\\\/blog\\\/wp-content\\\/uploads\\\/2022\\\/01\\\/headerchien.jpg\"},\"sameAs\":[\"http:\\\/\\\/www.bretzel-liquide.com\\\/blog\"],\"url\":\"https:\\\/\\\/www.bretzel-liquide.com\\\/blog\\\/author\\\/yves\\\/\"}]}<\/script>\n<!-- \/ Yoast SEO plugin. -->","yoast_head_json":{"title":"pendant ce temps - aux urgences de la clinique de la For\u00eat Noire - \u00e0 l&#039;ombre d&#039;un paradoxe en fleur","description":"pendant ce temps - aux urgences de la clinique de la For\u00eat Noire. une \u00e9quipe m\u00e9dicale surmotiv\u00e9e du secteur priv\u00e9 arrive en renfort","robots":{"index":"index","follow":"follow","max-snippet":"max-snippet:-1","max-image-preview":"max-image-preview:large","max-video-preview":"max-video-preview:-1"},"canonical":"https:\/\/www.bretzel-liquide.com\/blog\/2025\/07\/13\/pendant-ce-temps-aux-urgences-de-la-clinique-de-la-foret-noire\/","og_locale":"fr_FR","og_type":"article","og_title":"pendant ce temps - aux urgences de la clinique de la For\u00eat Noire - \u00e0 l&#039;ombre d&#039;un paradoxe en fleur","og_description":"pendant ce temps - aux urgences de la clinique de la For\u00eat Noire. une \u00e9quipe m\u00e9dicale surmotiv\u00e9e du secteur priv\u00e9 arrive en renfort","og_url":"https:\/\/www.bretzel-liquide.com\/blog\/2025\/07\/13\/pendant-ce-temps-aux-urgences-de-la-clinique-de-la-foret-noire\/","og_site_name":"\u00e0 l&#039;ombre d&#039;un paradoxe en fleur","article_published_time":"2025-07-13T10:40:10+00:00","og_image":[{"url":"https:\/\/www.bretzel-liquide.com\/blog\/wp-content\/uploads\/2025\/07\/medecine-hopital-pendant-ce-temps-a-la-clinique-de-la-Foret-Noire.gif","width":450,"height":329,"type":"image\/gif"}],"author":"Yves Brette","twitter_card":"summary_large_image","twitter_misc":{"\u00c9crit par":"Yves Brette"},"schema":{"@context":"https:\/\/schema.org","@graph":[{"@type":"Article","@id":"https:\/\/www.bretzel-liquide.com\/blog\/2025\/07\/13\/pendant-ce-temps-aux-urgences-de-la-clinique-de-la-foret-noire\/#article","isPartOf":{"@id":"https:\/\/www.bretzel-liquide.com\/blog\/2025\/07\/13\/pendant-ce-temps-aux-urgences-de-la-clinique-de-la-foret-noire\/"},"author":{"name":"Yves Brette","@id":"https:\/\/www.bretzel-liquide.com\/blog\/#\/schema\/person\/16b498860410bff000499934f159633d"},"headline":"pendant ce temps &#8211; aux urgences de la clinique de la For\u00eat Noire","datePublished":"2025-07-13T10:40:10+00:00","mainEntityOfPage":{"@id":"https:\/\/www.bretzel-liquide.com\/blog\/2025\/07\/13\/pendant-ce-temps-aux-urgences-de-la-clinique-de-la-foret-noire\/"},"wordCount":70,"commentCount":0,"publisher":{"@id":"https:\/\/www.bretzel-liquide.com\/blog\/#\/schema\/person\/16b498860410bff000499934f159633d"},"image":{"@id":"https:\/\/www.bretzel-liquide.com\/blog\/2025\/07\/13\/pendant-ce-temps-aux-urgences-de-la-clinique-de-la-foret-noire\/#primaryimage"},"thumbnailUrl":"https:\/\/www.bretzel-liquide.com\/blog\/wp-content\/uploads\/2025\/07\/medecine-hopital-pendant-ce-temps-a-la-clinique-de-la-Foret-Noire.gif","keywords":["14 juillet","politique","sant\u00e9 publique"],"articleSection":["exercice ill\u00e9gal de la m\u00e9decine","gif anim\u00e9s avez-vous donc une \u00e2me","les belles histoires de tonton yves"],"inLanguage":"fr-FR","potentialAction":[{"@type":"CommentAction","name":"Comment","target":["https:\/\/www.bretzel-liquide.com\/blog\/2025\/07\/13\/pendant-ce-temps-aux-urgences-de-la-clinique-de-la-foret-noire\/#respond"]}]},{"@type":"WebPage","@id":"https:\/\/www.bretzel-liquide.com\/blog\/2025\/07\/13\/pendant-ce-temps-aux-urgences-de-la-clinique-de-la-foret-noire\/","url":"https:\/\/www.bretzel-liquide.com\/blog\/2025\/07\/13\/pendant-ce-temps-aux-urgences-de-la-clinique-de-la-foret-noire\/","name":"pendant ce temps - aux urgences de la clinique de la For\u00eat Noire - \u00e0 l&#039;ombre d&#039;un paradoxe en fleur","isPartOf":{"@id":"https:\/\/www.bretzel-liquide.com\/blog\/#website"},"primaryImageOfPage":{"@id":"https:\/\/www.bretzel-liquide.com\/blog\/2025\/07\/13\/pendant-ce-temps-aux-urgences-de-la-clinique-de-la-foret-noire\/#primaryimage"},"image":{"@id":"https:\/\/www.bretzel-liquide.com\/blog\/2025\/07\/13\/pendant-ce-temps-aux-urgences-de-la-clinique-de-la-foret-noire\/#primaryimage"},"thumbnailUrl":"https:\/\/www.bretzel-liquide.com\/blog\/wp-content\/uploads\/2025\/07\/medecine-hopital-pendant-ce-temps-a-la-clinique-de-la-Foret-Noire.gif","datePublished":"2025-07-13T10:40:10+00:00","description":"pendant ce temps - aux urgences de la clinique de la For\u00eat Noire. une \u00e9quipe m\u00e9dicale surmotiv\u00e9e du secteur priv\u00e9 arrive en renfort","breadcrumb":{"@id":"https:\/\/www.bretzel-liquide.com\/blog\/2025\/07\/13\/pendant-ce-temps-aux-urgences-de-la-clinique-de-la-foret-noire\/#breadcrumb"},"inLanguage":"fr-FR","potentialAction":[{"@type":"ReadAction","target":["https:\/\/www.bretzel-liquide.com\/blog\/2025\/07\/13\/pendant-ce-temps-aux-urgences-de-la-clinique-de-la-foret-noire\/"]}]},{"@type":"ImageObject","inLanguage":"fr-FR","@id":"https:\/\/www.bretzel-liquide.com\/blog\/2025\/07\/13\/pendant-ce-temps-aux-urgences-de-la-clinique-de-la-foret-noire\/#primaryimage","url":"https:\/\/www.bretzel-liquide.com\/blog\/wp-content\/uploads\/2025\/07\/medecine-hopital-pendant-ce-temps-a-la-clinique-de-la-Foret-Noire.gif","contentUrl":"https:\/\/www.bretzel-liquide.com\/blog\/wp-content\/uploads\/2025\/07\/medecine-hopital-pendant-ce-temps-a-la-clinique-de-la-Foret-Noire.gif"},{"@type":"BreadcrumbList","@id":"https:\/\/www.bretzel-liquide.com\/blog\/2025\/07\/13\/pendant-ce-temps-aux-urgences-de-la-clinique-de-la-foret-noire\/#breadcrumb","itemListElement":[{"@type":"ListItem","position":1,"name":"Accueil","item":"https:\/\/www.bretzel-liquide.com\/blog\/"},{"@type":"ListItem","position":2,"name":"pendant ce temps &#8211; aux urgences de la clinique de la For\u00eat Noire"}]},{"@type":"WebSite","@id":"https:\/\/www.bretzel-liquide.com\/blog\/#website","url":"https:\/\/www.bretzel-liquide.com\/blog\/","name":"\u00e0 l&#039;ombre d&#039;un paradoxe en fleur","description":"la face nord du bretzel liquide : humour absurde, images \u00e9tranges, microblogging","publisher":{"@id":"https:\/\/www.bretzel-liquide.com\/blog\/#\/schema\/person\/16b498860410bff000499934f159633d"},"potentialAction":[{"@type":"SearchAction","target":{"@type":"EntryPoint","urlTemplate":"https:\/\/www.bretzel-liquide.com\/blog\/?s={search_term_string}"},"query-input":{"@type":"PropertyValueSpecification","valueRequired":true,"valueName":"search_term_string"}}],"inLanguage":"fr-FR"},{"@type":["Person","Organization"],"@id":"https:\/\/www.bretzel-liquide.com\/blog\/#\/schema\/person\/16b498860410bff000499934f159633d","name":"Yves Brette","image":{"@type":"ImageObject","inLanguage":"fr-FR","@id":"https:\/\/www.bretzel-liquide.com\/blog\/wp-content\/uploads\/2022\/01\/headerchien.jpg","url":"https:\/\/www.bretzel-liquide.com\/blog\/wp-content\/uploads\/2022\/01\/headerchien.jpg","contentUrl":"https:\/\/www.bretzel-liquide.com\/blog\/wp-content\/uploads\/2022\/01\/headerchien.jpg","width":150,"height":147,"caption":"Yves Brette"},"logo":{"@id":"https:\/\/www.bretzel-liquide.com\/blog\/wp-content\/uploads\/2022\/01\/headerchien.jpg"},"sameAs":["http:\/\/www.bretzel-liquide.com\/blog"],"url":"https:\/\/www.bretzel-liquide.com\/blog\/author\/yves\/"}]}},"_links":{"self":[{"href":"https:\/\/www.bretzel-liquide.com\/blog\/wp-json\/wp\/v2\/posts\/15153","targetHints":{"allow":["GET"]}}],"collection":[{"href":"https:\/\/www.bretzel-liquide.com\/blog\/wp-json\/wp\/v2\/posts"}],"about":[{"href":"https:\/\/www.bretzel-liquide.com\/blog\/wp-json\/wp\/v2\/types\/post"}],"author":[{"embeddable":true,"href":"https:\/\/www.bretzel-liquide.com\/blog\/wp-json\/wp\/v2\/users\/1"}],"replies":[{"embeddable":true,"href":"https:\/\/www.bretzel-liquide.com\/blog\/wp-json\/wp\/v2\/comments?post=15153"}],"version-history":[{"count":1,"href":"https:\/\/www.bretzel-liquide.com\/blog\/wp-json\/wp\/v2\/posts\/15153\/revisions"}],"predecessor-version":[{"id":15155,"href":"https:\/\/www.bretzel-liquide.com\/blog\/wp-json\/wp\/v2\/posts\/15153\/revisions\/15155"}],"wp:attachment":[{"href":"https:\/\/www.bretzel-liquide.com\/blog\/wp-json\/wp\/v2\/media?parent=15153"}],"wp:term":[{"taxonomy":"category","embeddable":true,"href":"https:\/\/www.bretzel-liquide.com\/blog\/wp-json\/wp\/v2\/categories?post=15153"},{"taxonomy":"post_tag","embeddable":true,"href":"https:\/\/www.bretzel-liquide.com\/blog\/wp-json\/wp\/v2\/tags?post=15153"}],"curies":[{"name":"wp","href":"https:\/\/api.w.org\/{rel}","templated":true}]}}