{"id":16314,"date":"2025-09-11T08:06:59","date_gmt":"2025-09-11T06:06:59","guid":{"rendered":"https:\/\/www.bretzel-liquide.com\/blog\/?p=16314"},"modified":"2025-09-11T08:06:59","modified_gmt":"2025-09-11T06:06:59","slug":"que-lautomne-vienne","status":"publish","type":"post","link":"https:\/\/www.bretzel-liquide.com\/blog\/2025\/09\/11\/que-lautomne-vienne\/","title":{"rendered":"que l&rsquo;automne vienne"},"content":{"rendered":"\n<figure class=\"wp-block-image size-large\"><a href=\"https:\/\/www.bretzel-liquide.com\/blog\/wp-content\/uploads\/2025\/09\/Al-Kader-Fall-Ceremonial-1928-Halloween-citrouille-dorient.jpg\"><img loading=\"lazy\" decoding=\"async\" width=\"1024\" height=\"595\" src=\"https:\/\/www.bretzel-liquide.com\/blog\/wp-content\/uploads\/2025\/09\/Al-Kader-Fall-Ceremonial-1928-Halloween-citrouille-dorient-1024x595.jpg\" alt=\"dans le soleil levant, un avion et un cavalier sur un cam\u00e9lid\u00e9 se dirigent vers la porte ouverte d'une citrouille g\u00e9ante o\u00f9 se tient un homme en tenue de soir\u00e9e portant un fez\" class=\"wp-image-16315\" srcset=\"https:\/\/www.bretzel-liquide.com\/blog\/wp-content\/uploads\/2025\/09\/Al-Kader-Fall-Ceremonial-1928-Halloween-citrouille-dorient-1024x595.jpg 1024w, https:\/\/www.bretzel-liquide.com\/blog\/wp-content\/uploads\/2025\/09\/Al-Kader-Fall-Ceremonial-1928-Halloween-citrouille-dorient-300x174.jpg 300w, https:\/\/www.bretzel-liquide.com\/blog\/wp-content\/uploads\/2025\/09\/Al-Kader-Fall-Ceremonial-1928-Halloween-citrouille-dorient-768x446.jpg 768w, https:\/\/www.bretzel-liquide.com\/blog\/wp-content\/uploads\/2025\/09\/Al-Kader-Fall-Ceremonial-1928-Halloween-citrouille-dorient-1200x698.jpg 1200w, https:\/\/www.bretzel-liquide.com\/blog\/wp-content\/uploads\/2025\/09\/Al-Kader-Fall-Ceremonial-1928-Halloween-citrouille-dorient.jpg 1280w\" sizes=\"auto, (max-width: 1024px) 100vw, 1024px\" \/><\/a><\/figure>\n\n\n\n<p>que l&rsquo;automne vienne<\/p>\n\n\n\n<p>Al Kader &#8211; Fall Ceremonial, 1928 <\/p>\n\n\n\n<p>tags : Halloween, citrouille d&rsquo;orient<\/p>\n\n\n\n<p>alt : dans le soleil levant, un avion et un cavalier sur un cam\u00e9lid\u00e9 se dirigent vers la porte ouverte d&rsquo;une citrouille g\u00e9ante o\u00f9 se tient un homme en tenue de soir\u00e9e portant un fez <\/p>\n\n\n\n<p>Abdelkader Ben Mahieddine\u00a0(en\u00a0arabe\u00a0:\u00a0\u0639\u0628\u062f \u0627\u0644\u0642\u0627\u062f\u0631 \u0628\u0646 \u0645\u062d\u064a \u0627\u0644\u062f\u064a\u0646\u00a0(<em>\u02bfAbd al-Q\u0101dir ben Ma\u1e25yidd\u012bn<\/em>)), connu comme l&rsquo;\u00e9mir Abd el-kader\u00a0ou\u00a0Abdelkader El Djezairi\u00a0(Abdelkader l&rsquo;Alg\u00e9rien), n\u00e9 le\u00a06 septembre 1808\u00a0\u00e0\u00a0El Guettana, en\u00a0r\u00e9gence d&rsquo;Alger, et mort le\u00a026 mai 1883\u00a0\u00e0\u00a0Damas, dans l&rsquo;Empire ottoman\u00a0au\u00a0vilayet de Syrie, est un\u00a0\u00e9mir, chef religieux et\u00a0militaire\u00a0alg\u00e9rien\u00a0qui m\u00e8ne une lutte contre la\u00a0conqu\u00eate de l&rsquo;Alg\u00e9rie par la France\u00a0au milieu du\u00a0XIX<sup>e<\/sup>\u00a0si\u00e8cle.<\/p>\n\n\n\n<p>Source\u00a0: <a href=\"https:\/\/fr.wikipedia.org\/wiki\/Abdelkader_(%C3%A9mir)\" target=\"_blank\" rel=\"noreferrer noopener\">Wikip\u00e9dia<\/a><\/p>\n","protected":false},"excerpt":{"rendered":"<p>que l&rsquo;automne vienne Al Kader &#8211; Fall Ceremonial, 1928 tags : Halloween, citrouille d&rsquo;orient alt : dans le soleil levant, un avion et un cavalier sur un cam\u00e9lid\u00e9 se dirigent vers la porte ouverte d&rsquo;une citrouille g\u00e9ante o\u00f9 se tient un homme en tenue de soir\u00e9e portant un fez Abdelkader Ben Mahieddine\u00a0(en\u00a0arabe\u00a0:\u00a0\u0639\u0628\u062f \u0627\u0644\u0642\u0627\u062f\u0631 \u0628\u0646 \u0645\u062d\u064a [&hellip;]<\/p>\n","protected":false},"author":1,"featured_media":0,"comment_status":"open","ping_status":"open","sticky":false,"template":"","format":"standard","meta":{"footnotes":""},"categories":[121],"tags":[2311,2310,1163,1267,194],"class_list":["post-16314","post","type-post","status-publish","format-standard","hentry","category-les-belles-histoires-de-tonton-yves","tag-al-kader","tag-algerie","tag-automne","tag-halloween","tag-illustration"],"yoast_head":"<!-- This site is optimized with the Yoast SEO plugin v27.5 - https:\/\/yoast.com\/product\/yoast-seo-wordpress\/ -->\n<title>que l&#039;automne vienne - \u00e0 l&#039;ombre d&#039;un paradoxe en fleur<\/title>\n<meta name=\"description\" content=\"que l&#039;automne vienne\" \/>\n<meta name=\"robots\" content=\"index, follow, max-snippet:-1, max-image-preview:large, max-video-preview:-1\" \/>\n<link rel=\"canonical\" href=\"https:\/\/www.bretzel-liquide.com\/blog\/2025\/09\/11\/que-lautomne-vienne\/\" \/>\n<meta property=\"og:locale\" content=\"fr_FR\" \/>\n<meta property=\"og:type\" content=\"article\" \/>\n<meta property=\"og:title\" content=\"que l&#039;automne vienne - \u00e0 l&#039;ombre d&#039;un paradoxe en fleur\" \/>\n<meta property=\"og:description\" content=\"que l&#039;automne vienne\" \/>\n<meta property=\"og:url\" content=\"https:\/\/www.bretzel-liquide.com\/blog\/2025\/09\/11\/que-lautomne-vienne\/\" \/>\n<meta property=\"og:site_name\" content=\"\u00e0 l&#039;ombre d&#039;un paradoxe en fleur\" \/>\n<meta property=\"article:published_time\" content=\"2025-09-11T06:06:59+00:00\" \/>\n<meta property=\"og:image\" content=\"https:\/\/www.bretzel-liquide.com\/blog\/wp-content\/uploads\/2025\/09\/Al-Kader-Fall-Ceremonial-1928-Halloween-citrouille-dorient.jpg\" \/>\n\t<meta property=\"og:image:width\" content=\"1280\" \/>\n\t<meta property=\"og:image:height\" content=\"744\" \/>\n\t<meta property=\"og:image:type\" content=\"image\/jpeg\" \/>\n<meta name=\"author\" content=\"Yves Brette\" \/>\n<meta name=\"twitter:card\" content=\"summary_large_image\" \/>\n<meta name=\"twitter:label1\" content=\"\u00c9crit par\" \/>\n\t<meta name=\"twitter:data1\" content=\"Yves Brette\" \/>\n\t<meta name=\"twitter:label2\" content=\"Dur\u00e9e de lecture estim\u00e9e\" \/>\n\t<meta name=\"twitter:data2\" content=\"1 minute\" \/>\n<script type=\"application\/ld+json\" class=\"yoast-schema-graph\">{\"@context\":\"https:\\\/\\\/schema.org\",\"@graph\":[{\"@type\":\"Article\",\"@id\":\"https:\\\/\\\/www.bretzel-liquide.com\\\/blog\\\/2025\\\/09\\\/11\\\/que-lautomne-vienne\\\/#article\",\"isPartOf\":{\"@id\":\"https:\\\/\\\/www.bretzel-liquide.com\\\/blog\\\/2025\\\/09\\\/11\\\/que-lautomne-vienne\\\/\"},\"author\":{\"name\":\"Yves Brette\",\"@id\":\"https:\\\/\\\/www.bretzel-liquide.com\\\/blog\\\/#\\\/schema\\\/person\\\/16b498860410bff000499934f159633d\"},\"headline\":\"que l&rsquo;automne vienne\",\"datePublished\":\"2025-09-11T06:06:59+00:00\",\"mainEntityOfPage\":{\"@id\":\"https:\\\/\\\/www.bretzel-liquide.com\\\/blog\\\/2025\\\/09\\\/11\\\/que-lautomne-vienne\\\/\"},\"wordCount\":139,\"commentCount\":0,\"publisher\":{\"@id\":\"https:\\\/\\\/www.bretzel-liquide.com\\\/blog\\\/#\\\/schema\\\/person\\\/16b498860410bff000499934f159633d\"},\"image\":{\"@id\":\"https:\\\/\\\/www.bretzel-liquide.com\\\/blog\\\/2025\\\/09\\\/11\\\/que-lautomne-vienne\\\/#primaryimage\"},\"thumbnailUrl\":\"https:\\\/\\\/www.bretzel-liquide.com\\\/blog\\\/wp-content\\\/uploads\\\/2025\\\/09\\\/Al-Kader-Fall-Ceremonial-1928-Halloween-citrouille-dorient-1024x595.jpg\",\"keywords\":[\"Al Kader\",\"Alg\u00e9rie\",\"automne\",\"halloween\",\"illustration\"],\"articleSection\":[\"les belles histoires de tonton yves\"],\"inLanguage\":\"fr-FR\",\"potentialAction\":[{\"@type\":\"CommentAction\",\"name\":\"Comment\",\"target\":[\"https:\\\/\\\/www.bretzel-liquide.com\\\/blog\\\/2025\\\/09\\\/11\\\/que-lautomne-vienne\\\/#respond\"]}]},{\"@type\":\"WebPage\",\"@id\":\"https:\\\/\\\/www.bretzel-liquide.com\\\/blog\\\/2025\\\/09\\\/11\\\/que-lautomne-vienne\\\/\",\"url\":\"https:\\\/\\\/www.bretzel-liquide.com\\\/blog\\\/2025\\\/09\\\/11\\\/que-lautomne-vienne\\\/\",\"name\":\"que l'automne vienne - \u00e0 l&#039;ombre d&#039;un paradoxe en fleur\",\"isPartOf\":{\"@id\":\"https:\\\/\\\/www.bretzel-liquide.com\\\/blog\\\/#website\"},\"primaryImageOfPage\":{\"@id\":\"https:\\\/\\\/www.bretzel-liquide.com\\\/blog\\\/2025\\\/09\\\/11\\\/que-lautomne-vienne\\\/#primaryimage\"},\"image\":{\"@id\":\"https:\\\/\\\/www.bretzel-liquide.com\\\/blog\\\/2025\\\/09\\\/11\\\/que-lautomne-vienne\\\/#primaryimage\"},\"thumbnailUrl\":\"https:\\\/\\\/www.bretzel-liquide.com\\\/blog\\\/wp-content\\\/uploads\\\/2025\\\/09\\\/Al-Kader-Fall-Ceremonial-1928-Halloween-citrouille-dorient-1024x595.jpg\",\"datePublished\":\"2025-09-11T06:06:59+00:00\",\"description\":\"que l'automne vienne\",\"breadcrumb\":{\"@id\":\"https:\\\/\\\/www.bretzel-liquide.com\\\/blog\\\/2025\\\/09\\\/11\\\/que-lautomne-vienne\\\/#breadcrumb\"},\"inLanguage\":\"fr-FR\",\"potentialAction\":[{\"@type\":\"ReadAction\",\"target\":[\"https:\\\/\\\/www.bretzel-liquide.com\\\/blog\\\/2025\\\/09\\\/11\\\/que-lautomne-vienne\\\/\"]}]},{\"@type\":\"ImageObject\",\"inLanguage\":\"fr-FR\",\"@id\":\"https:\\\/\\\/www.bretzel-liquide.com\\\/blog\\\/2025\\\/09\\\/11\\\/que-lautomne-vienne\\\/#primaryimage\",\"url\":\"https:\\\/\\\/www.bretzel-liquide.com\\\/blog\\\/wp-content\\\/uploads\\\/2025\\\/09\\\/Al-Kader-Fall-Ceremonial-1928-Halloween-citrouille-dorient.jpg\",\"contentUrl\":\"https:\\\/\\\/www.bretzel-liquide.com\\\/blog\\\/wp-content\\\/uploads\\\/2025\\\/09\\\/Al-Kader-Fall-Ceremonial-1928-Halloween-citrouille-dorient.jpg\",\"width\":1280,\"height\":744},{\"@type\":\"BreadcrumbList\",\"@id\":\"https:\\\/\\\/www.bretzel-liquide.com\\\/blog\\\/2025\\\/09\\\/11\\\/que-lautomne-vienne\\\/#breadcrumb\",\"itemListElement\":[{\"@type\":\"ListItem\",\"position\":1,\"name\":\"Accueil\",\"item\":\"https:\\\/\\\/www.bretzel-liquide.com\\\/blog\\\/\"},{\"@type\":\"ListItem\",\"position\":2,\"name\":\"que l&rsquo;automne vienne\"}]},{\"@type\":\"WebSite\",\"@id\":\"https:\\\/\\\/www.bretzel-liquide.com\\\/blog\\\/#website\",\"url\":\"https:\\\/\\\/www.bretzel-liquide.com\\\/blog\\\/\",\"name\":\"\u00e0 l&#039;ombre d&#039;un paradoxe en fleur\",\"description\":\"la face nord du bretzel liquide : humour absurde, images \u00e9tranges, microblogging\",\"publisher\":{\"@id\":\"https:\\\/\\\/www.bretzel-liquide.com\\\/blog\\\/#\\\/schema\\\/person\\\/16b498860410bff000499934f159633d\"},\"potentialAction\":[{\"@type\":\"SearchAction\",\"target\":{\"@type\":\"EntryPoint\",\"urlTemplate\":\"https:\\\/\\\/www.bretzel-liquide.com\\\/blog\\\/?s={search_term_string}\"},\"query-input\":{\"@type\":\"PropertyValueSpecification\",\"valueRequired\":true,\"valueName\":\"search_term_string\"}}],\"inLanguage\":\"fr-FR\"},{\"@type\":[\"Person\",\"Organization\"],\"@id\":\"https:\\\/\\\/www.bretzel-liquide.com\\\/blog\\\/#\\\/schema\\\/person\\\/16b498860410bff000499934f159633d\",\"name\":\"Yves Brette\",\"image\":{\"@type\":\"ImageObject\",\"inLanguage\":\"fr-FR\",\"@id\":\"https:\\\/\\\/www.bretzel-liquide.com\\\/blog\\\/wp-content\\\/uploads\\\/2022\\\/01\\\/headerchien.jpg\",\"url\":\"https:\\\/\\\/www.bretzel-liquide.com\\\/blog\\\/wp-content\\\/uploads\\\/2022\\\/01\\\/headerchien.jpg\",\"contentUrl\":\"https:\\\/\\\/www.bretzel-liquide.com\\\/blog\\\/wp-content\\\/uploads\\\/2022\\\/01\\\/headerchien.jpg\",\"width\":150,\"height\":147,\"caption\":\"Yves Brette\"},\"logo\":{\"@id\":\"https:\\\/\\\/www.bretzel-liquide.com\\\/blog\\\/wp-content\\\/uploads\\\/2022\\\/01\\\/headerchien.jpg\"},\"sameAs\":[\"http:\\\/\\\/www.bretzel-liquide.com\\\/blog\"],\"url\":\"https:\\\/\\\/www.bretzel-liquide.com\\\/blog\\\/author\\\/yves\\\/\"}]}<\/script>\n<!-- \/ Yoast SEO plugin. -->","yoast_head_json":{"title":"que l'automne vienne - \u00e0 l&#039;ombre d&#039;un paradoxe en fleur","description":"que l'automne vienne","robots":{"index":"index","follow":"follow","max-snippet":"max-snippet:-1","max-image-preview":"max-image-preview:large","max-video-preview":"max-video-preview:-1"},"canonical":"https:\/\/www.bretzel-liquide.com\/blog\/2025\/09\/11\/que-lautomne-vienne\/","og_locale":"fr_FR","og_type":"article","og_title":"que l'automne vienne - \u00e0 l&#039;ombre d&#039;un paradoxe en fleur","og_description":"que l'automne vienne","og_url":"https:\/\/www.bretzel-liquide.com\/blog\/2025\/09\/11\/que-lautomne-vienne\/","og_site_name":"\u00e0 l&#039;ombre d&#039;un paradoxe en fleur","article_published_time":"2025-09-11T06:06:59+00:00","og_image":[{"width":1280,"height":744,"url":"https:\/\/www.bretzel-liquide.com\/blog\/wp-content\/uploads\/2025\/09\/Al-Kader-Fall-Ceremonial-1928-Halloween-citrouille-dorient.jpg","type":"image\/jpeg"}],"author":"Yves Brette","twitter_card":"summary_large_image","twitter_misc":{"\u00c9crit par":"Yves Brette","Dur\u00e9e de lecture estim\u00e9e":"1 minute"},"schema":{"@context":"https:\/\/schema.org","@graph":[{"@type":"Article","@id":"https:\/\/www.bretzel-liquide.com\/blog\/2025\/09\/11\/que-lautomne-vienne\/#article","isPartOf":{"@id":"https:\/\/www.bretzel-liquide.com\/blog\/2025\/09\/11\/que-lautomne-vienne\/"},"author":{"name":"Yves Brette","@id":"https:\/\/www.bretzel-liquide.com\/blog\/#\/schema\/person\/16b498860410bff000499934f159633d"},"headline":"que l&rsquo;automne vienne","datePublished":"2025-09-11T06:06:59+00:00","mainEntityOfPage":{"@id":"https:\/\/www.bretzel-liquide.com\/blog\/2025\/09\/11\/que-lautomne-vienne\/"},"wordCount":139,"commentCount":0,"publisher":{"@id":"https:\/\/www.bretzel-liquide.com\/blog\/#\/schema\/person\/16b498860410bff000499934f159633d"},"image":{"@id":"https:\/\/www.bretzel-liquide.com\/blog\/2025\/09\/11\/que-lautomne-vienne\/#primaryimage"},"thumbnailUrl":"https:\/\/www.bretzel-liquide.com\/blog\/wp-content\/uploads\/2025\/09\/Al-Kader-Fall-Ceremonial-1928-Halloween-citrouille-dorient-1024x595.jpg","keywords":["Al Kader","Alg\u00e9rie","automne","halloween","illustration"],"articleSection":["les belles histoires de tonton yves"],"inLanguage":"fr-FR","potentialAction":[{"@type":"CommentAction","name":"Comment","target":["https:\/\/www.bretzel-liquide.com\/blog\/2025\/09\/11\/que-lautomne-vienne\/#respond"]}]},{"@type":"WebPage","@id":"https:\/\/www.bretzel-liquide.com\/blog\/2025\/09\/11\/que-lautomne-vienne\/","url":"https:\/\/www.bretzel-liquide.com\/blog\/2025\/09\/11\/que-lautomne-vienne\/","name":"que l'automne vienne - \u00e0 l&#039;ombre d&#039;un paradoxe en fleur","isPartOf":{"@id":"https:\/\/www.bretzel-liquide.com\/blog\/#website"},"primaryImageOfPage":{"@id":"https:\/\/www.bretzel-liquide.com\/blog\/2025\/09\/11\/que-lautomne-vienne\/#primaryimage"},"image":{"@id":"https:\/\/www.bretzel-liquide.com\/blog\/2025\/09\/11\/que-lautomne-vienne\/#primaryimage"},"thumbnailUrl":"https:\/\/www.bretzel-liquide.com\/blog\/wp-content\/uploads\/2025\/09\/Al-Kader-Fall-Ceremonial-1928-Halloween-citrouille-dorient-1024x595.jpg","datePublished":"2025-09-11T06:06:59+00:00","description":"que l'automne vienne","breadcrumb":{"@id":"https:\/\/www.bretzel-liquide.com\/blog\/2025\/09\/11\/que-lautomne-vienne\/#breadcrumb"},"inLanguage":"fr-FR","potentialAction":[{"@type":"ReadAction","target":["https:\/\/www.bretzel-liquide.com\/blog\/2025\/09\/11\/que-lautomne-vienne\/"]}]},{"@type":"ImageObject","inLanguage":"fr-FR","@id":"https:\/\/www.bretzel-liquide.com\/blog\/2025\/09\/11\/que-lautomne-vienne\/#primaryimage","url":"https:\/\/www.bretzel-liquide.com\/blog\/wp-content\/uploads\/2025\/09\/Al-Kader-Fall-Ceremonial-1928-Halloween-citrouille-dorient.jpg","contentUrl":"https:\/\/www.bretzel-liquide.com\/blog\/wp-content\/uploads\/2025\/09\/Al-Kader-Fall-Ceremonial-1928-Halloween-citrouille-dorient.jpg","width":1280,"height":744},{"@type":"BreadcrumbList","@id":"https:\/\/www.bretzel-liquide.com\/blog\/2025\/09\/11\/que-lautomne-vienne\/#breadcrumb","itemListElement":[{"@type":"ListItem","position":1,"name":"Accueil","item":"https:\/\/www.bretzel-liquide.com\/blog\/"},{"@type":"ListItem","position":2,"name":"que l&rsquo;automne vienne"}]},{"@type":"WebSite","@id":"https:\/\/www.bretzel-liquide.com\/blog\/#website","url":"https:\/\/www.bretzel-liquide.com\/blog\/","name":"\u00e0 l&#039;ombre d&#039;un paradoxe en fleur","description":"la face nord du bretzel liquide : humour absurde, images \u00e9tranges, microblogging","publisher":{"@id":"https:\/\/www.bretzel-liquide.com\/blog\/#\/schema\/person\/16b498860410bff000499934f159633d"},"potentialAction":[{"@type":"SearchAction","target":{"@type":"EntryPoint","urlTemplate":"https:\/\/www.bretzel-liquide.com\/blog\/?s={search_term_string}"},"query-input":{"@type":"PropertyValueSpecification","valueRequired":true,"valueName":"search_term_string"}}],"inLanguage":"fr-FR"},{"@type":["Person","Organization"],"@id":"https:\/\/www.bretzel-liquide.com\/blog\/#\/schema\/person\/16b498860410bff000499934f159633d","name":"Yves Brette","image":{"@type":"ImageObject","inLanguage":"fr-FR","@id":"https:\/\/www.bretzel-liquide.com\/blog\/wp-content\/uploads\/2022\/01\/headerchien.jpg","url":"https:\/\/www.bretzel-liquide.com\/blog\/wp-content\/uploads\/2022\/01\/headerchien.jpg","contentUrl":"https:\/\/www.bretzel-liquide.com\/blog\/wp-content\/uploads\/2022\/01\/headerchien.jpg","width":150,"height":147,"caption":"Yves Brette"},"logo":{"@id":"https:\/\/www.bretzel-liquide.com\/blog\/wp-content\/uploads\/2022\/01\/headerchien.jpg"},"sameAs":["http:\/\/www.bretzel-liquide.com\/blog"],"url":"https:\/\/www.bretzel-liquide.com\/blog\/author\/yves\/"}]}},"_links":{"self":[{"href":"https:\/\/www.bretzel-liquide.com\/blog\/wp-json\/wp\/v2\/posts\/16314","targetHints":{"allow":["GET"]}}],"collection":[{"href":"https:\/\/www.bretzel-liquide.com\/blog\/wp-json\/wp\/v2\/posts"}],"about":[{"href":"https:\/\/www.bretzel-liquide.com\/blog\/wp-json\/wp\/v2\/types\/post"}],"author":[{"embeddable":true,"href":"https:\/\/www.bretzel-liquide.com\/blog\/wp-json\/wp\/v2\/users\/1"}],"replies":[{"embeddable":true,"href":"https:\/\/www.bretzel-liquide.com\/blog\/wp-json\/wp\/v2\/comments?post=16314"}],"version-history":[{"count":1,"href":"https:\/\/www.bretzel-liquide.com\/blog\/wp-json\/wp\/v2\/posts\/16314\/revisions"}],"predecessor-version":[{"id":16316,"href":"https:\/\/www.bretzel-liquide.com\/blog\/wp-json\/wp\/v2\/posts\/16314\/revisions\/16316"}],"wp:attachment":[{"href":"https:\/\/www.bretzel-liquide.com\/blog\/wp-json\/wp\/v2\/media?parent=16314"}],"wp:term":[{"taxonomy":"category","embeddable":true,"href":"https:\/\/www.bretzel-liquide.com\/blog\/wp-json\/wp\/v2\/categories?post=16314"},{"taxonomy":"post_tag","embeddable":true,"href":"https:\/\/www.bretzel-liquide.com\/blog\/wp-json\/wp\/v2\/tags?post=16314"}],"curies":[{"name":"wp","href":"https:\/\/api.w.org\/{rel}","templated":true}]}}