{"id":17494,"date":"2026-01-25T09:15:03","date_gmt":"2026-01-25T08:15:03","guid":{"rendered":"https:\/\/www.bretzel-liquide.com\/blog\/?p=17494"},"modified":"2026-01-25T09:21:10","modified_gmt":"2026-01-25T08:21:10","slug":"dieu-dit-aux-francais-tu-te-reposeras-le-septieme-jour","status":"publish","type":"post","link":"https:\/\/www.bretzel-liquide.com\/blog\/2026\/01\/25\/dieu-dit-aux-francais-tu-te-reposeras-le-septieme-jour\/","title":{"rendered":"Dieu dit aux fran\u00e7ais : tu te reposeras le septi\u00e8me jour"},"content":{"rendered":"\n<figure class=\"wp-block-image size-large\"><a href=\"https:\/\/www.bretzel-liquide.com\/blog\/wp-content\/uploads\/2026\/01\/Guimaec-France-1975-by-Pierre-Le-Gall-1948-French-paysan-faisant-la-sieste-dans-le-foin-parmi-les-poules-et-les-coqs-un-dimanche-en-France.jpg\"><img loading=\"lazy\" decoding=\"async\" width=\"1024\" height=\"686\" src=\"https:\/\/www.bretzel-liquide.com\/blog\/wp-content\/uploads\/2026\/01\/Guimaec-France-1975-by-Pierre-Le-Gall-1948-French-paysan-faisant-la-sieste-dans-le-foin-parmi-les-poules-et-les-coqs-un-dimanche-en-France-1024x686.jpg\" alt=\"paysan faisant la sieste dans le foin parmi les poules et les coqs un dimanche en France\" class=\"wp-image-17495\" srcset=\"https:\/\/www.bretzel-liquide.com\/blog\/wp-content\/uploads\/2026\/01\/Guimaec-France-1975-by-Pierre-Le-Gall-1948-French-paysan-faisant-la-sieste-dans-le-foin-parmi-les-poules-et-les-coqs-un-dimanche-en-France-1024x686.jpg 1024w, https:\/\/www.bretzel-liquide.com\/blog\/wp-content\/uploads\/2026\/01\/Guimaec-France-1975-by-Pierre-Le-Gall-1948-French-paysan-faisant-la-sieste-dans-le-foin-parmi-les-poules-et-les-coqs-un-dimanche-en-France-300x201.jpg 300w, https:\/\/www.bretzel-liquide.com\/blog\/wp-content\/uploads\/2026\/01\/Guimaec-France-1975-by-Pierre-Le-Gall-1948-French-paysan-faisant-la-sieste-dans-le-foin-parmi-les-poules-et-les-coqs-un-dimanche-en-France-768x514.jpg 768w, https:\/\/www.bretzel-liquide.com\/blog\/wp-content\/uploads\/2026\/01\/Guimaec-France-1975-by-Pierre-Le-Gall-1948-French-paysan-faisant-la-sieste-dans-le-foin-parmi-les-poules-et-les-coqs-un-dimanche-en-France-1200x804.jpg 1200w, https:\/\/www.bretzel-liquide.com\/blog\/wp-content\/uploads\/2026\/01\/Guimaec-France-1975-by-Pierre-Le-Gall-1948-French-paysan-faisant-la-sieste-dans-le-foin-parmi-les-poules-et-les-coqs-un-dimanche-en-France.jpg 1269w\" sizes=\"auto, (max-width: 1024px) 100vw, 1024px\" \/><\/a><\/figure>\n\n\n\n<p>Dieu dit aux fran\u00e7ais : tu te reposeras le septi\u00e8me jour <\/p>\n\n\n\n<p>tu te reposeras, m\u00eame au temps du labourage et de la moisson (Exode 34:21)<\/p>\n\n\n\n<p>Guima\u00ebc, France, 1975 &#8211; by Pierre Le Gall (1948), French <\/p>\n\n\n\n<p>s\u00e9rie : les 27 commandements <\/p>\n\n\n\n<p>alt : paysan faisant la sieste dans le foin parmi les poules et les coqs un dimanche en France<\/p>\n","protected":false},"excerpt":{"rendered":"<p>Dieu dit aux fran\u00e7ais : tu te reposeras le septi\u00e8me jour tu te reposeras, m\u00eame au temps du labourage et de la moisson (Exode 34:21) Guima\u00ebc, France, 1975 &#8211; by Pierre Le Gall (1948), French s\u00e9rie : les 27 commandements alt : paysan faisant la sieste dans le foin parmi les poules et les coqs [&hellip;]<\/p>\n","protected":false},"author":1,"featured_media":0,"comment_status":"open","ping_status":"open","sticky":false,"template":"","format":"standard","meta":{"footnotes":""},"categories":[58,9],"tags":[217,976,62,116,50,4,2392,63,185,96,56],"class_list":["post-17494","post","type-post","status-publish","format-standard","hentry","category-agence-france-brette","category-ma-brette-zele-tophe","tag-agri-culture","tag-bretagne","tag-dieu","tag-dimanche","tag-identite","tag-photo","tag-pierre-le-gall","tag-religion","tag-sommeil","tag-tradition","tag-travail"],"yoast_head":"<!-- This site is optimized with the Yoast SEO plugin v27.4 - https:\/\/yoast.com\/product\/yoast-seo-wordpress\/ -->\n<title>Dieu dit aux fran\u00e7ais : tu te reposeras le septi\u00e8me jour - \u00e0 l&#039;ombre d&#039;un paradoxe en fleur<\/title>\n<meta name=\"description\" content=\"Dieu dit aux fran\u00e7ais : tu te reposeras le septi\u00e8me jour\" \/>\n<meta name=\"robots\" content=\"index, follow, max-snippet:-1, max-image-preview:large, max-video-preview:-1\" \/>\n<link rel=\"canonical\" href=\"https:\/\/www.bretzel-liquide.com\/blog\/2026\/01\/25\/dieu-dit-aux-francais-tu-te-reposeras-le-septieme-jour\/\" \/>\n<meta property=\"og:locale\" content=\"fr_FR\" \/>\n<meta property=\"og:type\" content=\"article\" \/>\n<meta property=\"og:title\" content=\"Dieu dit aux fran\u00e7ais : tu te reposeras le septi\u00e8me jour - \u00e0 l&#039;ombre d&#039;un paradoxe en fleur\" \/>\n<meta property=\"og:description\" content=\"Dieu dit aux fran\u00e7ais : tu te reposeras le septi\u00e8me jour\" \/>\n<meta property=\"og:url\" content=\"https:\/\/www.bretzel-liquide.com\/blog\/2026\/01\/25\/dieu-dit-aux-francais-tu-te-reposeras-le-septieme-jour\/\" \/>\n<meta property=\"og:site_name\" content=\"\u00e0 l&#039;ombre d&#039;un paradoxe en fleur\" \/>\n<meta property=\"article:published_time\" content=\"2026-01-25T08:15:03+00:00\" \/>\n<meta property=\"article:modified_time\" content=\"2026-01-25T08:21:10+00:00\" \/>\n<meta property=\"og:image\" content=\"https:\/\/www.bretzel-liquide.com\/blog\/wp-content\/uploads\/2026\/01\/Guimaec-France-1975-by-Pierre-Le-Gall-1948-French-paysan-faisant-la-sieste-dans-le-foin-parmi-les-poules-et-les-coqs-un-dimanche-en-France.jpg\" \/>\n\t<meta property=\"og:image:width\" content=\"1269\" \/>\n\t<meta property=\"og:image:height\" content=\"850\" \/>\n\t<meta property=\"og:image:type\" content=\"image\/jpeg\" \/>\n<meta name=\"author\" content=\"Yves Brette\" \/>\n<meta name=\"twitter:card\" content=\"summary_large_image\" \/>\n<meta name=\"twitter:label1\" content=\"\u00c9crit par\" \/>\n\t<meta name=\"twitter:data1\" content=\"Yves Brette\" \/>\n<script type=\"application\/ld+json\" class=\"yoast-schema-graph\">{\"@context\":\"https:\\\/\\\/schema.org\",\"@graph\":[{\"@type\":\"Article\",\"@id\":\"https:\\\/\\\/www.bretzel-liquide.com\\\/blog\\\/2026\\\/01\\\/25\\\/dieu-dit-aux-francais-tu-te-reposeras-le-septieme-jour\\\/#article\",\"isPartOf\":{\"@id\":\"https:\\\/\\\/www.bretzel-liquide.com\\\/blog\\\/2026\\\/01\\\/25\\\/dieu-dit-aux-francais-tu-te-reposeras-le-septieme-jour\\\/\"},\"author\":{\"name\":\"Yves Brette\",\"@id\":\"https:\\\/\\\/www.bretzel-liquide.com\\\/blog\\\/#\\\/schema\\\/person\\\/16b498860410bff000499934f159633d\"},\"headline\":\"Dieu dit aux fran\u00e7ais : tu te reposeras le septi\u00e8me jour\",\"datePublished\":\"2026-01-25T08:15:03+00:00\",\"dateModified\":\"2026-01-25T08:21:10+00:00\",\"mainEntityOfPage\":{\"@id\":\"https:\\\/\\\/www.bretzel-liquide.com\\\/blog\\\/2026\\\/01\\\/25\\\/dieu-dit-aux-francais-tu-te-reposeras-le-septieme-jour\\\/\"},\"wordCount\":69,\"commentCount\":0,\"publisher\":{\"@id\":\"https:\\\/\\\/www.bretzel-liquide.com\\\/blog\\\/#\\\/schema\\\/person\\\/16b498860410bff000499934f159633d\"},\"image\":{\"@id\":\"https:\\\/\\\/www.bretzel-liquide.com\\\/blog\\\/2026\\\/01\\\/25\\\/dieu-dit-aux-francais-tu-te-reposeras-le-septieme-jour\\\/#primaryimage\"},\"thumbnailUrl\":\"https:\\\/\\\/www.bretzel-liquide.com\\\/blog\\\/wp-content\\\/uploads\\\/2026\\\/01\\\/Guimaec-France-1975-by-Pierre-Le-Gall-1948-French-paysan-faisant-la-sieste-dans-le-foin-parmi-les-poules-et-les-coqs-un-dimanche-en-France-1024x686.jpg\",\"keywords\":[\"agri-culture\",\"Bretagne\",\"dieu\",\"dimanche\",\"identit\u00e9\",\"photo\",\"Pierre Le Gall\",\"religion\",\"sommeil\",\"tradition\",\"travail\"],\"articleSection\":[\"Agence France-Brette\",\"Ma (brette) Z\u00e8le Tophe !\"],\"inLanguage\":\"fr-FR\",\"potentialAction\":[{\"@type\":\"CommentAction\",\"name\":\"Comment\",\"target\":[\"https:\\\/\\\/www.bretzel-liquide.com\\\/blog\\\/2026\\\/01\\\/25\\\/dieu-dit-aux-francais-tu-te-reposeras-le-septieme-jour\\\/#respond\"]}]},{\"@type\":\"WebPage\",\"@id\":\"https:\\\/\\\/www.bretzel-liquide.com\\\/blog\\\/2026\\\/01\\\/25\\\/dieu-dit-aux-francais-tu-te-reposeras-le-septieme-jour\\\/\",\"url\":\"https:\\\/\\\/www.bretzel-liquide.com\\\/blog\\\/2026\\\/01\\\/25\\\/dieu-dit-aux-francais-tu-te-reposeras-le-septieme-jour\\\/\",\"name\":\"Dieu dit aux fran\u00e7ais : tu te reposeras le septi\u00e8me jour - \u00e0 l&#039;ombre d&#039;un paradoxe en fleur\",\"isPartOf\":{\"@id\":\"https:\\\/\\\/www.bretzel-liquide.com\\\/blog\\\/#website\"},\"primaryImageOfPage\":{\"@id\":\"https:\\\/\\\/www.bretzel-liquide.com\\\/blog\\\/2026\\\/01\\\/25\\\/dieu-dit-aux-francais-tu-te-reposeras-le-septieme-jour\\\/#primaryimage\"},\"image\":{\"@id\":\"https:\\\/\\\/www.bretzel-liquide.com\\\/blog\\\/2026\\\/01\\\/25\\\/dieu-dit-aux-francais-tu-te-reposeras-le-septieme-jour\\\/#primaryimage\"},\"thumbnailUrl\":\"https:\\\/\\\/www.bretzel-liquide.com\\\/blog\\\/wp-content\\\/uploads\\\/2026\\\/01\\\/Guimaec-France-1975-by-Pierre-Le-Gall-1948-French-paysan-faisant-la-sieste-dans-le-foin-parmi-les-poules-et-les-coqs-un-dimanche-en-France-1024x686.jpg\",\"datePublished\":\"2026-01-25T08:15:03+00:00\",\"dateModified\":\"2026-01-25T08:21:10+00:00\",\"description\":\"Dieu dit aux fran\u00e7ais : tu te reposeras le septi\u00e8me jour\",\"breadcrumb\":{\"@id\":\"https:\\\/\\\/www.bretzel-liquide.com\\\/blog\\\/2026\\\/01\\\/25\\\/dieu-dit-aux-francais-tu-te-reposeras-le-septieme-jour\\\/#breadcrumb\"},\"inLanguage\":\"fr-FR\",\"potentialAction\":[{\"@type\":\"ReadAction\",\"target\":[\"https:\\\/\\\/www.bretzel-liquide.com\\\/blog\\\/2026\\\/01\\\/25\\\/dieu-dit-aux-francais-tu-te-reposeras-le-septieme-jour\\\/\"]}]},{\"@type\":\"ImageObject\",\"inLanguage\":\"fr-FR\",\"@id\":\"https:\\\/\\\/www.bretzel-liquide.com\\\/blog\\\/2026\\\/01\\\/25\\\/dieu-dit-aux-francais-tu-te-reposeras-le-septieme-jour\\\/#primaryimage\",\"url\":\"https:\\\/\\\/www.bretzel-liquide.com\\\/blog\\\/wp-content\\\/uploads\\\/2026\\\/01\\\/Guimaec-France-1975-by-Pierre-Le-Gall-1948-French-paysan-faisant-la-sieste-dans-le-foin-parmi-les-poules-et-les-coqs-un-dimanche-en-France.jpg\",\"contentUrl\":\"https:\\\/\\\/www.bretzel-liquide.com\\\/blog\\\/wp-content\\\/uploads\\\/2026\\\/01\\\/Guimaec-France-1975-by-Pierre-Le-Gall-1948-French-paysan-faisant-la-sieste-dans-le-foin-parmi-les-poules-et-les-coqs-un-dimanche-en-France.jpg\",\"width\":1269,\"height\":850},{\"@type\":\"BreadcrumbList\",\"@id\":\"https:\\\/\\\/www.bretzel-liquide.com\\\/blog\\\/2026\\\/01\\\/25\\\/dieu-dit-aux-francais-tu-te-reposeras-le-septieme-jour\\\/#breadcrumb\",\"itemListElement\":[{\"@type\":\"ListItem\",\"position\":1,\"name\":\"Accueil\",\"item\":\"https:\\\/\\\/www.bretzel-liquide.com\\\/blog\\\/\"},{\"@type\":\"ListItem\",\"position\":2,\"name\":\"Dieu dit aux fran\u00e7ais : tu te reposeras le septi\u00e8me jour\"}]},{\"@type\":\"WebSite\",\"@id\":\"https:\\\/\\\/www.bretzel-liquide.com\\\/blog\\\/#website\",\"url\":\"https:\\\/\\\/www.bretzel-liquide.com\\\/blog\\\/\",\"name\":\"\u00e0 l&#039;ombre d&#039;un paradoxe en fleur\",\"description\":\"la face nord du bretzel liquide : humour absurde, images \u00e9tranges, microblogging\",\"publisher\":{\"@id\":\"https:\\\/\\\/www.bretzel-liquide.com\\\/blog\\\/#\\\/schema\\\/person\\\/16b498860410bff000499934f159633d\"},\"potentialAction\":[{\"@type\":\"SearchAction\",\"target\":{\"@type\":\"EntryPoint\",\"urlTemplate\":\"https:\\\/\\\/www.bretzel-liquide.com\\\/blog\\\/?s={search_term_string}\"},\"query-input\":{\"@type\":\"PropertyValueSpecification\",\"valueRequired\":true,\"valueName\":\"search_term_string\"}}],\"inLanguage\":\"fr-FR\"},{\"@type\":[\"Person\",\"Organization\"],\"@id\":\"https:\\\/\\\/www.bretzel-liquide.com\\\/blog\\\/#\\\/schema\\\/person\\\/16b498860410bff000499934f159633d\",\"name\":\"Yves Brette\",\"image\":{\"@type\":\"ImageObject\",\"inLanguage\":\"fr-FR\",\"@id\":\"https:\\\/\\\/www.bretzel-liquide.com\\\/blog\\\/wp-content\\\/uploads\\\/2022\\\/01\\\/headerchien.jpg\",\"url\":\"https:\\\/\\\/www.bretzel-liquide.com\\\/blog\\\/wp-content\\\/uploads\\\/2022\\\/01\\\/headerchien.jpg\",\"contentUrl\":\"https:\\\/\\\/www.bretzel-liquide.com\\\/blog\\\/wp-content\\\/uploads\\\/2022\\\/01\\\/headerchien.jpg\",\"width\":150,\"height\":147,\"caption\":\"Yves Brette\"},\"logo\":{\"@id\":\"https:\\\/\\\/www.bretzel-liquide.com\\\/blog\\\/wp-content\\\/uploads\\\/2022\\\/01\\\/headerchien.jpg\"},\"sameAs\":[\"http:\\\/\\\/www.bretzel-liquide.com\\\/blog\"],\"url\":\"https:\\\/\\\/www.bretzel-liquide.com\\\/blog\\\/author\\\/yves\\\/\"}]}<\/script>\n<!-- \/ Yoast SEO plugin. -->","yoast_head_json":{"title":"Dieu dit aux fran\u00e7ais : tu te reposeras le septi\u00e8me jour - \u00e0 l&#039;ombre d&#039;un paradoxe en fleur","description":"Dieu dit aux fran\u00e7ais : tu te reposeras le septi\u00e8me jour","robots":{"index":"index","follow":"follow","max-snippet":"max-snippet:-1","max-image-preview":"max-image-preview:large","max-video-preview":"max-video-preview:-1"},"canonical":"https:\/\/www.bretzel-liquide.com\/blog\/2026\/01\/25\/dieu-dit-aux-francais-tu-te-reposeras-le-septieme-jour\/","og_locale":"fr_FR","og_type":"article","og_title":"Dieu dit aux fran\u00e7ais : tu te reposeras le septi\u00e8me jour - \u00e0 l&#039;ombre d&#039;un paradoxe en fleur","og_description":"Dieu dit aux fran\u00e7ais : tu te reposeras le septi\u00e8me jour","og_url":"https:\/\/www.bretzel-liquide.com\/blog\/2026\/01\/25\/dieu-dit-aux-francais-tu-te-reposeras-le-septieme-jour\/","og_site_name":"\u00e0 l&#039;ombre d&#039;un paradoxe en fleur","article_published_time":"2026-01-25T08:15:03+00:00","article_modified_time":"2026-01-25T08:21:10+00:00","og_image":[{"width":1269,"height":850,"url":"https:\/\/www.bretzel-liquide.com\/blog\/wp-content\/uploads\/2026\/01\/Guimaec-France-1975-by-Pierre-Le-Gall-1948-French-paysan-faisant-la-sieste-dans-le-foin-parmi-les-poules-et-les-coqs-un-dimanche-en-France.jpg","type":"image\/jpeg"}],"author":"Yves Brette","twitter_card":"summary_large_image","twitter_misc":{"\u00c9crit par":"Yves Brette"},"schema":{"@context":"https:\/\/schema.org","@graph":[{"@type":"Article","@id":"https:\/\/www.bretzel-liquide.com\/blog\/2026\/01\/25\/dieu-dit-aux-francais-tu-te-reposeras-le-septieme-jour\/#article","isPartOf":{"@id":"https:\/\/www.bretzel-liquide.com\/blog\/2026\/01\/25\/dieu-dit-aux-francais-tu-te-reposeras-le-septieme-jour\/"},"author":{"name":"Yves Brette","@id":"https:\/\/www.bretzel-liquide.com\/blog\/#\/schema\/person\/16b498860410bff000499934f159633d"},"headline":"Dieu dit aux fran\u00e7ais : tu te reposeras le septi\u00e8me jour","datePublished":"2026-01-25T08:15:03+00:00","dateModified":"2026-01-25T08:21:10+00:00","mainEntityOfPage":{"@id":"https:\/\/www.bretzel-liquide.com\/blog\/2026\/01\/25\/dieu-dit-aux-francais-tu-te-reposeras-le-septieme-jour\/"},"wordCount":69,"commentCount":0,"publisher":{"@id":"https:\/\/www.bretzel-liquide.com\/blog\/#\/schema\/person\/16b498860410bff000499934f159633d"},"image":{"@id":"https:\/\/www.bretzel-liquide.com\/blog\/2026\/01\/25\/dieu-dit-aux-francais-tu-te-reposeras-le-septieme-jour\/#primaryimage"},"thumbnailUrl":"https:\/\/www.bretzel-liquide.com\/blog\/wp-content\/uploads\/2026\/01\/Guimaec-France-1975-by-Pierre-Le-Gall-1948-French-paysan-faisant-la-sieste-dans-le-foin-parmi-les-poules-et-les-coqs-un-dimanche-en-France-1024x686.jpg","keywords":["agri-culture","Bretagne","dieu","dimanche","identit\u00e9","photo","Pierre Le Gall","religion","sommeil","tradition","travail"],"articleSection":["Agence France-Brette","Ma (brette) Z\u00e8le Tophe !"],"inLanguage":"fr-FR","potentialAction":[{"@type":"CommentAction","name":"Comment","target":["https:\/\/www.bretzel-liquide.com\/blog\/2026\/01\/25\/dieu-dit-aux-francais-tu-te-reposeras-le-septieme-jour\/#respond"]}]},{"@type":"WebPage","@id":"https:\/\/www.bretzel-liquide.com\/blog\/2026\/01\/25\/dieu-dit-aux-francais-tu-te-reposeras-le-septieme-jour\/","url":"https:\/\/www.bretzel-liquide.com\/blog\/2026\/01\/25\/dieu-dit-aux-francais-tu-te-reposeras-le-septieme-jour\/","name":"Dieu dit aux fran\u00e7ais : tu te reposeras le septi\u00e8me jour - \u00e0 l&#039;ombre d&#039;un paradoxe en fleur","isPartOf":{"@id":"https:\/\/www.bretzel-liquide.com\/blog\/#website"},"primaryImageOfPage":{"@id":"https:\/\/www.bretzel-liquide.com\/blog\/2026\/01\/25\/dieu-dit-aux-francais-tu-te-reposeras-le-septieme-jour\/#primaryimage"},"image":{"@id":"https:\/\/www.bretzel-liquide.com\/blog\/2026\/01\/25\/dieu-dit-aux-francais-tu-te-reposeras-le-septieme-jour\/#primaryimage"},"thumbnailUrl":"https:\/\/www.bretzel-liquide.com\/blog\/wp-content\/uploads\/2026\/01\/Guimaec-France-1975-by-Pierre-Le-Gall-1948-French-paysan-faisant-la-sieste-dans-le-foin-parmi-les-poules-et-les-coqs-un-dimanche-en-France-1024x686.jpg","datePublished":"2026-01-25T08:15:03+00:00","dateModified":"2026-01-25T08:21:10+00:00","description":"Dieu dit aux fran\u00e7ais : tu te reposeras le septi\u00e8me jour","breadcrumb":{"@id":"https:\/\/www.bretzel-liquide.com\/blog\/2026\/01\/25\/dieu-dit-aux-francais-tu-te-reposeras-le-septieme-jour\/#breadcrumb"},"inLanguage":"fr-FR","potentialAction":[{"@type":"ReadAction","target":["https:\/\/www.bretzel-liquide.com\/blog\/2026\/01\/25\/dieu-dit-aux-francais-tu-te-reposeras-le-septieme-jour\/"]}]},{"@type":"ImageObject","inLanguage":"fr-FR","@id":"https:\/\/www.bretzel-liquide.com\/blog\/2026\/01\/25\/dieu-dit-aux-francais-tu-te-reposeras-le-septieme-jour\/#primaryimage","url":"https:\/\/www.bretzel-liquide.com\/blog\/wp-content\/uploads\/2026\/01\/Guimaec-France-1975-by-Pierre-Le-Gall-1948-French-paysan-faisant-la-sieste-dans-le-foin-parmi-les-poules-et-les-coqs-un-dimanche-en-France.jpg","contentUrl":"https:\/\/www.bretzel-liquide.com\/blog\/wp-content\/uploads\/2026\/01\/Guimaec-France-1975-by-Pierre-Le-Gall-1948-French-paysan-faisant-la-sieste-dans-le-foin-parmi-les-poules-et-les-coqs-un-dimanche-en-France.jpg","width":1269,"height":850},{"@type":"BreadcrumbList","@id":"https:\/\/www.bretzel-liquide.com\/blog\/2026\/01\/25\/dieu-dit-aux-francais-tu-te-reposeras-le-septieme-jour\/#breadcrumb","itemListElement":[{"@type":"ListItem","position":1,"name":"Accueil","item":"https:\/\/www.bretzel-liquide.com\/blog\/"},{"@type":"ListItem","position":2,"name":"Dieu dit aux fran\u00e7ais : tu te reposeras le septi\u00e8me jour"}]},{"@type":"WebSite","@id":"https:\/\/www.bretzel-liquide.com\/blog\/#website","url":"https:\/\/www.bretzel-liquide.com\/blog\/","name":"\u00e0 l&#039;ombre d&#039;un paradoxe en fleur","description":"la face nord du bretzel liquide : humour absurde, images \u00e9tranges, microblogging","publisher":{"@id":"https:\/\/www.bretzel-liquide.com\/blog\/#\/schema\/person\/16b498860410bff000499934f159633d"},"potentialAction":[{"@type":"SearchAction","target":{"@type":"EntryPoint","urlTemplate":"https:\/\/www.bretzel-liquide.com\/blog\/?s={search_term_string}"},"query-input":{"@type":"PropertyValueSpecification","valueRequired":true,"valueName":"search_term_string"}}],"inLanguage":"fr-FR"},{"@type":["Person","Organization"],"@id":"https:\/\/www.bretzel-liquide.com\/blog\/#\/schema\/person\/16b498860410bff000499934f159633d","name":"Yves Brette","image":{"@type":"ImageObject","inLanguage":"fr-FR","@id":"https:\/\/www.bretzel-liquide.com\/blog\/wp-content\/uploads\/2022\/01\/headerchien.jpg","url":"https:\/\/www.bretzel-liquide.com\/blog\/wp-content\/uploads\/2022\/01\/headerchien.jpg","contentUrl":"https:\/\/www.bretzel-liquide.com\/blog\/wp-content\/uploads\/2022\/01\/headerchien.jpg","width":150,"height":147,"caption":"Yves Brette"},"logo":{"@id":"https:\/\/www.bretzel-liquide.com\/blog\/wp-content\/uploads\/2022\/01\/headerchien.jpg"},"sameAs":["http:\/\/www.bretzel-liquide.com\/blog"],"url":"https:\/\/www.bretzel-liquide.com\/blog\/author\/yves\/"}]}},"_links":{"self":[{"href":"https:\/\/www.bretzel-liquide.com\/blog\/wp-json\/wp\/v2\/posts\/17494","targetHints":{"allow":["GET"]}}],"collection":[{"href":"https:\/\/www.bretzel-liquide.com\/blog\/wp-json\/wp\/v2\/posts"}],"about":[{"href":"https:\/\/www.bretzel-liquide.com\/blog\/wp-json\/wp\/v2\/types\/post"}],"author":[{"embeddable":true,"href":"https:\/\/www.bretzel-liquide.com\/blog\/wp-json\/wp\/v2\/users\/1"}],"replies":[{"embeddable":true,"href":"https:\/\/www.bretzel-liquide.com\/blog\/wp-json\/wp\/v2\/comments?post=17494"}],"version-history":[{"count":2,"href":"https:\/\/www.bretzel-liquide.com\/blog\/wp-json\/wp\/v2\/posts\/17494\/revisions"}],"predecessor-version":[{"id":17497,"href":"https:\/\/www.bretzel-liquide.com\/blog\/wp-json\/wp\/v2\/posts\/17494\/revisions\/17497"}],"wp:attachment":[{"href":"https:\/\/www.bretzel-liquide.com\/blog\/wp-json\/wp\/v2\/media?parent=17494"}],"wp:term":[{"taxonomy":"category","embeddable":true,"href":"https:\/\/www.bretzel-liquide.com\/blog\/wp-json\/wp\/v2\/categories?post=17494"},{"taxonomy":"post_tag","embeddable":true,"href":"https:\/\/www.bretzel-liquide.com\/blog\/wp-json\/wp\/v2\/tags?post=17494"}],"curies":[{"name":"wp","href":"https:\/\/api.w.org\/{rel}","templated":true}]}}