{"id":17512,"date":"2026-01-26T08:18:55","date_gmt":"2026-01-26T07:18:55","guid":{"rendered":"https:\/\/www.bretzel-liquide.com\/blog\/?p=17512"},"modified":"2026-01-26T08:18:56","modified_gmt":"2026-01-26T07:18:56","slug":"bonne-resolution-ne-pas-se-prendre-la-tete","status":"publish","type":"post","link":"https:\/\/www.bretzel-liquide.com\/blog\/2026\/01\/26\/bonne-resolution-ne-pas-se-prendre-la-tete\/","title":{"rendered":"bonne r\u00e9solution : ne pas se prendre la t\u00eate"},"content":{"rendered":"\n<figure class=\"wp-block-image size-large\"><a href=\"https:\/\/www.bretzel-liquide.com\/blog\/wp-content\/uploads\/2026\/01\/Kourtney-Roy-pourquoi-se-prendre-la-tete-scaled.jpg\"><img loading=\"lazy\" decoding=\"async\" width=\"1024\" height=\"683\" src=\"https:\/\/www.bretzel-liquide.com\/blog\/wp-content\/uploads\/2026\/01\/Kourtney-Roy-pourquoi-se-prendre-la-tete-1024x683.jpg\" alt=\"sur les planches au bord de la mer, entre deux rang\u00e9es de cabines de bain, une femme blonde \u00e0 la coiffure \u00e9labor\u00e9e passe son bras gauche derri\u00e8re sa t\u00eate pour poser son annulaire dubitatif sur la commissure droite de sa bouche rouge\" class=\"wp-image-17513\" srcset=\"https:\/\/www.bretzel-liquide.com\/blog\/wp-content\/uploads\/2026\/01\/Kourtney-Roy-pourquoi-se-prendre-la-tete-1024x683.jpg 1024w, https:\/\/www.bretzel-liquide.com\/blog\/wp-content\/uploads\/2026\/01\/Kourtney-Roy-pourquoi-se-prendre-la-tete-300x200.jpg 300w, https:\/\/www.bretzel-liquide.com\/blog\/wp-content\/uploads\/2026\/01\/Kourtney-Roy-pourquoi-se-prendre-la-tete-768x512.jpg 768w, https:\/\/www.bretzel-liquide.com\/blog\/wp-content\/uploads\/2026\/01\/Kourtney-Roy-pourquoi-se-prendre-la-tete-1536x1025.jpg 1536w, https:\/\/www.bretzel-liquide.com\/blog\/wp-content\/uploads\/2026\/01\/Kourtney-Roy-pourquoi-se-prendre-la-tete-2048x1367.jpg 2048w, https:\/\/www.bretzel-liquide.com\/blog\/wp-content\/uploads\/2026\/01\/Kourtney-Roy-pourquoi-se-prendre-la-tete-1200x801.jpg 1200w, https:\/\/www.bretzel-liquide.com\/blog\/wp-content\/uploads\/2026\/01\/Kourtney-Roy-pourquoi-se-prendre-la-tete-1980x1321.jpg 1980w\" sizes=\"auto, (max-width: 1024px) 100vw, 1024px\" \/><\/a><\/figure>\n\n\n\n<p>bonne r\u00e9solution : ne pas se prendre la t\u00eate<\/p>\n\n\n\n<p>Kourtney Roy<\/p>\n\n\n\n<p>alt : sur les planches au bord de la mer, entre deux rang\u00e9es de cabines de bain, une femme blonde \u00e0 la coiffure \u00e9labor\u00e9e passe son bras gauche derri\u00e8re sa t\u00eate pour poser son annulaire dubitatif sur la commissure droite de sa bouche rouge<\/p>\n","protected":false},"excerpt":{"rendered":"<p>bonne r\u00e9solution : ne pas se prendre la t\u00eate Kourtney Roy alt : sur les planches au bord de la mer, entre deux rang\u00e9es de cabines de bain, une femme blonde \u00e0 la coiffure \u00e9labor\u00e9e passe son bras gauche derri\u00e8re sa t\u00eate pour poser son annulaire dubitatif sur la commissure droite de sa bouche rouge<\/p>\n","protected":false},"author":1,"featured_media":0,"comment_status":"open","ping_status":"open","sticky":false,"template":"","format":"standard","meta":{"footnotes":""},"categories":[243,347,239],"tags":[1376,196,1360,236,4],"class_list":["post-17512","post","type-post","status-publish","format-standard","hentry","category-comprendre-les-expressions-francaises","category-exercice-illegal-de-la-profession-de-coiffeur","category-psychologie-en-partenariat-avec-spychologie-magasine","tag-bonne-annee","tag-cheveux","tag-kourtney-roy","tag-lundi","tag-photo"],"yoast_head":"<!-- This site is optimized with the Yoast SEO plugin v27.4 - https:\/\/yoast.com\/product\/yoast-seo-wordpress\/ -->\n<title>bonne r\u00e9solution : ne pas se prendre la t\u00eate - \u00e0 l&#039;ombre d&#039;un paradoxe en fleur<\/title>\n<meta name=\"description\" content=\"bonne r\u00e9solution : ne pas se prendre la t\u00eate\" \/>\n<meta name=\"robots\" content=\"index, follow, max-snippet:-1, max-image-preview:large, max-video-preview:-1\" \/>\n<link rel=\"canonical\" href=\"https:\/\/www.bretzel-liquide.com\/blog\/2026\/01\/26\/bonne-resolution-ne-pas-se-prendre-la-tete\/\" \/>\n<meta property=\"og:locale\" content=\"fr_FR\" \/>\n<meta property=\"og:type\" content=\"article\" \/>\n<meta property=\"og:title\" content=\"bonne r\u00e9solution : ne pas se prendre la t\u00eate - \u00e0 l&#039;ombre d&#039;un paradoxe en fleur\" \/>\n<meta property=\"og:description\" content=\"bonne r\u00e9solution : ne pas se prendre la t\u00eate\" \/>\n<meta property=\"og:url\" content=\"https:\/\/www.bretzel-liquide.com\/blog\/2026\/01\/26\/bonne-resolution-ne-pas-se-prendre-la-tete\/\" \/>\n<meta property=\"og:site_name\" content=\"\u00e0 l&#039;ombre d&#039;un paradoxe en fleur\" \/>\n<meta property=\"article:published_time\" content=\"2026-01-26T07:18:55+00:00\" \/>\n<meta property=\"article:modified_time\" content=\"2026-01-26T07:18:56+00:00\" \/>\n<meta property=\"og:image\" content=\"https:\/\/www.bretzel-liquide.com\/blog\/wp-content\/uploads\/2026\/01\/Kourtney-Roy-pourquoi-se-prendre-la-tete-scaled.jpg\" \/>\n\t<meta property=\"og:image:width\" content=\"2560\" \/>\n\t<meta property=\"og:image:height\" content=\"1708\" \/>\n\t<meta property=\"og:image:type\" content=\"image\/jpeg\" \/>\n<meta name=\"author\" content=\"Yves Brette\" \/>\n<meta name=\"twitter:card\" content=\"summary_large_image\" \/>\n<meta name=\"twitter:label1\" content=\"\u00c9crit par\" \/>\n\t<meta name=\"twitter:data1\" content=\"Yves Brette\" \/>\n<script type=\"application\/ld+json\" class=\"yoast-schema-graph\">{\"@context\":\"https:\\\/\\\/schema.org\",\"@graph\":[{\"@type\":\"Article\",\"@id\":\"https:\\\/\\\/www.bretzel-liquide.com\\\/blog\\\/2026\\\/01\\\/26\\\/bonne-resolution-ne-pas-se-prendre-la-tete\\\/#article\",\"isPartOf\":{\"@id\":\"https:\\\/\\\/www.bretzel-liquide.com\\\/blog\\\/2026\\\/01\\\/26\\\/bonne-resolution-ne-pas-se-prendre-la-tete\\\/\"},\"author\":{\"name\":\"Yves Brette\",\"@id\":\"https:\\\/\\\/www.bretzel-liquide.com\\\/blog\\\/#\\\/schema\\\/person\\\/16b498860410bff000499934f159633d\"},\"headline\":\"bonne r\u00e9solution : ne pas se prendre la t\u00eate\",\"datePublished\":\"2026-01-26T07:18:55+00:00\",\"dateModified\":\"2026-01-26T07:18:56+00:00\",\"mainEntityOfPage\":{\"@id\":\"https:\\\/\\\/www.bretzel-liquide.com\\\/blog\\\/2026\\\/01\\\/26\\\/bonne-resolution-ne-pas-se-prendre-la-tete\\\/\"},\"wordCount\":68,\"commentCount\":0,\"publisher\":{\"@id\":\"https:\\\/\\\/www.bretzel-liquide.com\\\/blog\\\/#\\\/schema\\\/person\\\/16b498860410bff000499934f159633d\"},\"image\":{\"@id\":\"https:\\\/\\\/www.bretzel-liquide.com\\\/blog\\\/2026\\\/01\\\/26\\\/bonne-resolution-ne-pas-se-prendre-la-tete\\\/#primaryimage\"},\"thumbnailUrl\":\"https:\\\/\\\/www.bretzel-liquide.com\\\/blog\\\/wp-content\\\/uploads\\\/2026\\\/01\\\/Kourtney-Roy-pourquoi-se-prendre-la-tete-1024x683.jpg\",\"keywords\":[\"bonne ann\u00e9e\",\"cheveux\",\"Kourtney Roy\",\"lundi\",\"photo\"],\"articleSection\":[\"comprendre les expressions fran\u00e7aises\",\"exercice ill\u00e9gal de la profession de coiffeur\",\"psychologie (en partenariat avec spychologie magasine)\"],\"inLanguage\":\"fr-FR\",\"potentialAction\":[{\"@type\":\"CommentAction\",\"name\":\"Comment\",\"target\":[\"https:\\\/\\\/www.bretzel-liquide.com\\\/blog\\\/2026\\\/01\\\/26\\\/bonne-resolution-ne-pas-se-prendre-la-tete\\\/#respond\"]}]},{\"@type\":\"WebPage\",\"@id\":\"https:\\\/\\\/www.bretzel-liquide.com\\\/blog\\\/2026\\\/01\\\/26\\\/bonne-resolution-ne-pas-se-prendre-la-tete\\\/\",\"url\":\"https:\\\/\\\/www.bretzel-liquide.com\\\/blog\\\/2026\\\/01\\\/26\\\/bonne-resolution-ne-pas-se-prendre-la-tete\\\/\",\"name\":\"bonne r\u00e9solution : ne pas se prendre la t\u00eate - \u00e0 l&#039;ombre d&#039;un paradoxe en fleur\",\"isPartOf\":{\"@id\":\"https:\\\/\\\/www.bretzel-liquide.com\\\/blog\\\/#website\"},\"primaryImageOfPage\":{\"@id\":\"https:\\\/\\\/www.bretzel-liquide.com\\\/blog\\\/2026\\\/01\\\/26\\\/bonne-resolution-ne-pas-se-prendre-la-tete\\\/#primaryimage\"},\"image\":{\"@id\":\"https:\\\/\\\/www.bretzel-liquide.com\\\/blog\\\/2026\\\/01\\\/26\\\/bonne-resolution-ne-pas-se-prendre-la-tete\\\/#primaryimage\"},\"thumbnailUrl\":\"https:\\\/\\\/www.bretzel-liquide.com\\\/blog\\\/wp-content\\\/uploads\\\/2026\\\/01\\\/Kourtney-Roy-pourquoi-se-prendre-la-tete-1024x683.jpg\",\"datePublished\":\"2026-01-26T07:18:55+00:00\",\"dateModified\":\"2026-01-26T07:18:56+00:00\",\"description\":\"bonne r\u00e9solution : ne pas se prendre la t\u00eate\",\"breadcrumb\":{\"@id\":\"https:\\\/\\\/www.bretzel-liquide.com\\\/blog\\\/2026\\\/01\\\/26\\\/bonne-resolution-ne-pas-se-prendre-la-tete\\\/#breadcrumb\"},\"inLanguage\":\"fr-FR\",\"potentialAction\":[{\"@type\":\"ReadAction\",\"target\":[\"https:\\\/\\\/www.bretzel-liquide.com\\\/blog\\\/2026\\\/01\\\/26\\\/bonne-resolution-ne-pas-se-prendre-la-tete\\\/\"]}]},{\"@type\":\"ImageObject\",\"inLanguage\":\"fr-FR\",\"@id\":\"https:\\\/\\\/www.bretzel-liquide.com\\\/blog\\\/2026\\\/01\\\/26\\\/bonne-resolution-ne-pas-se-prendre-la-tete\\\/#primaryimage\",\"url\":\"https:\\\/\\\/www.bretzel-liquide.com\\\/blog\\\/wp-content\\\/uploads\\\/2026\\\/01\\\/Kourtney-Roy-pourquoi-se-prendre-la-tete-scaled.jpg\",\"contentUrl\":\"https:\\\/\\\/www.bretzel-liquide.com\\\/blog\\\/wp-content\\\/uploads\\\/2026\\\/01\\\/Kourtney-Roy-pourquoi-se-prendre-la-tete-scaled.jpg\",\"width\":2560,\"height\":1708},{\"@type\":\"BreadcrumbList\",\"@id\":\"https:\\\/\\\/www.bretzel-liquide.com\\\/blog\\\/2026\\\/01\\\/26\\\/bonne-resolution-ne-pas-se-prendre-la-tete\\\/#breadcrumb\",\"itemListElement\":[{\"@type\":\"ListItem\",\"position\":1,\"name\":\"Accueil\",\"item\":\"https:\\\/\\\/www.bretzel-liquide.com\\\/blog\\\/\"},{\"@type\":\"ListItem\",\"position\":2,\"name\":\"bonne r\u00e9solution : ne pas se prendre la t\u00eate\"}]},{\"@type\":\"WebSite\",\"@id\":\"https:\\\/\\\/www.bretzel-liquide.com\\\/blog\\\/#website\",\"url\":\"https:\\\/\\\/www.bretzel-liquide.com\\\/blog\\\/\",\"name\":\"\u00e0 l&#039;ombre d&#039;un paradoxe en fleur\",\"description\":\"la face nord du bretzel liquide : humour absurde, images \u00e9tranges, microblogging\",\"publisher\":{\"@id\":\"https:\\\/\\\/www.bretzel-liquide.com\\\/blog\\\/#\\\/schema\\\/person\\\/16b498860410bff000499934f159633d\"},\"potentialAction\":[{\"@type\":\"SearchAction\",\"target\":{\"@type\":\"EntryPoint\",\"urlTemplate\":\"https:\\\/\\\/www.bretzel-liquide.com\\\/blog\\\/?s={search_term_string}\"},\"query-input\":{\"@type\":\"PropertyValueSpecification\",\"valueRequired\":true,\"valueName\":\"search_term_string\"}}],\"inLanguage\":\"fr-FR\"},{\"@type\":[\"Person\",\"Organization\"],\"@id\":\"https:\\\/\\\/www.bretzel-liquide.com\\\/blog\\\/#\\\/schema\\\/person\\\/16b498860410bff000499934f159633d\",\"name\":\"Yves Brette\",\"image\":{\"@type\":\"ImageObject\",\"inLanguage\":\"fr-FR\",\"@id\":\"https:\\\/\\\/www.bretzel-liquide.com\\\/blog\\\/wp-content\\\/uploads\\\/2022\\\/01\\\/headerchien.jpg\",\"url\":\"https:\\\/\\\/www.bretzel-liquide.com\\\/blog\\\/wp-content\\\/uploads\\\/2022\\\/01\\\/headerchien.jpg\",\"contentUrl\":\"https:\\\/\\\/www.bretzel-liquide.com\\\/blog\\\/wp-content\\\/uploads\\\/2022\\\/01\\\/headerchien.jpg\",\"width\":150,\"height\":147,\"caption\":\"Yves Brette\"},\"logo\":{\"@id\":\"https:\\\/\\\/www.bretzel-liquide.com\\\/blog\\\/wp-content\\\/uploads\\\/2022\\\/01\\\/headerchien.jpg\"},\"sameAs\":[\"http:\\\/\\\/www.bretzel-liquide.com\\\/blog\"],\"url\":\"https:\\\/\\\/www.bretzel-liquide.com\\\/blog\\\/author\\\/yves\\\/\"}]}<\/script>\n<!-- \/ Yoast SEO plugin. -->","yoast_head_json":{"title":"bonne r\u00e9solution : ne pas se prendre la t\u00eate - \u00e0 l&#039;ombre d&#039;un paradoxe en fleur","description":"bonne r\u00e9solution : ne pas se prendre la t\u00eate","robots":{"index":"index","follow":"follow","max-snippet":"max-snippet:-1","max-image-preview":"max-image-preview:large","max-video-preview":"max-video-preview:-1"},"canonical":"https:\/\/www.bretzel-liquide.com\/blog\/2026\/01\/26\/bonne-resolution-ne-pas-se-prendre-la-tete\/","og_locale":"fr_FR","og_type":"article","og_title":"bonne r\u00e9solution : ne pas se prendre la t\u00eate - \u00e0 l&#039;ombre d&#039;un paradoxe en fleur","og_description":"bonne r\u00e9solution : ne pas se prendre la t\u00eate","og_url":"https:\/\/www.bretzel-liquide.com\/blog\/2026\/01\/26\/bonne-resolution-ne-pas-se-prendre-la-tete\/","og_site_name":"\u00e0 l&#039;ombre d&#039;un paradoxe en fleur","article_published_time":"2026-01-26T07:18:55+00:00","article_modified_time":"2026-01-26T07:18:56+00:00","og_image":[{"width":2560,"height":1708,"url":"https:\/\/www.bretzel-liquide.com\/blog\/wp-content\/uploads\/2026\/01\/Kourtney-Roy-pourquoi-se-prendre-la-tete-scaled.jpg","type":"image\/jpeg"}],"author":"Yves Brette","twitter_card":"summary_large_image","twitter_misc":{"\u00c9crit par":"Yves Brette"},"schema":{"@context":"https:\/\/schema.org","@graph":[{"@type":"Article","@id":"https:\/\/www.bretzel-liquide.com\/blog\/2026\/01\/26\/bonne-resolution-ne-pas-se-prendre-la-tete\/#article","isPartOf":{"@id":"https:\/\/www.bretzel-liquide.com\/blog\/2026\/01\/26\/bonne-resolution-ne-pas-se-prendre-la-tete\/"},"author":{"name":"Yves Brette","@id":"https:\/\/www.bretzel-liquide.com\/blog\/#\/schema\/person\/16b498860410bff000499934f159633d"},"headline":"bonne r\u00e9solution : ne pas se prendre la t\u00eate","datePublished":"2026-01-26T07:18:55+00:00","dateModified":"2026-01-26T07:18:56+00:00","mainEntityOfPage":{"@id":"https:\/\/www.bretzel-liquide.com\/blog\/2026\/01\/26\/bonne-resolution-ne-pas-se-prendre-la-tete\/"},"wordCount":68,"commentCount":0,"publisher":{"@id":"https:\/\/www.bretzel-liquide.com\/blog\/#\/schema\/person\/16b498860410bff000499934f159633d"},"image":{"@id":"https:\/\/www.bretzel-liquide.com\/blog\/2026\/01\/26\/bonne-resolution-ne-pas-se-prendre-la-tete\/#primaryimage"},"thumbnailUrl":"https:\/\/www.bretzel-liquide.com\/blog\/wp-content\/uploads\/2026\/01\/Kourtney-Roy-pourquoi-se-prendre-la-tete-1024x683.jpg","keywords":["bonne ann\u00e9e","cheveux","Kourtney Roy","lundi","photo"],"articleSection":["comprendre les expressions fran\u00e7aises","exercice ill\u00e9gal de la profession de coiffeur","psychologie (en partenariat avec spychologie magasine)"],"inLanguage":"fr-FR","potentialAction":[{"@type":"CommentAction","name":"Comment","target":["https:\/\/www.bretzel-liquide.com\/blog\/2026\/01\/26\/bonne-resolution-ne-pas-se-prendre-la-tete\/#respond"]}]},{"@type":"WebPage","@id":"https:\/\/www.bretzel-liquide.com\/blog\/2026\/01\/26\/bonne-resolution-ne-pas-se-prendre-la-tete\/","url":"https:\/\/www.bretzel-liquide.com\/blog\/2026\/01\/26\/bonne-resolution-ne-pas-se-prendre-la-tete\/","name":"bonne r\u00e9solution : ne pas se prendre la t\u00eate - \u00e0 l&#039;ombre d&#039;un paradoxe en fleur","isPartOf":{"@id":"https:\/\/www.bretzel-liquide.com\/blog\/#website"},"primaryImageOfPage":{"@id":"https:\/\/www.bretzel-liquide.com\/blog\/2026\/01\/26\/bonne-resolution-ne-pas-se-prendre-la-tete\/#primaryimage"},"image":{"@id":"https:\/\/www.bretzel-liquide.com\/blog\/2026\/01\/26\/bonne-resolution-ne-pas-se-prendre-la-tete\/#primaryimage"},"thumbnailUrl":"https:\/\/www.bretzel-liquide.com\/blog\/wp-content\/uploads\/2026\/01\/Kourtney-Roy-pourquoi-se-prendre-la-tete-1024x683.jpg","datePublished":"2026-01-26T07:18:55+00:00","dateModified":"2026-01-26T07:18:56+00:00","description":"bonne r\u00e9solution : ne pas se prendre la t\u00eate","breadcrumb":{"@id":"https:\/\/www.bretzel-liquide.com\/blog\/2026\/01\/26\/bonne-resolution-ne-pas-se-prendre-la-tete\/#breadcrumb"},"inLanguage":"fr-FR","potentialAction":[{"@type":"ReadAction","target":["https:\/\/www.bretzel-liquide.com\/blog\/2026\/01\/26\/bonne-resolution-ne-pas-se-prendre-la-tete\/"]}]},{"@type":"ImageObject","inLanguage":"fr-FR","@id":"https:\/\/www.bretzel-liquide.com\/blog\/2026\/01\/26\/bonne-resolution-ne-pas-se-prendre-la-tete\/#primaryimage","url":"https:\/\/www.bretzel-liquide.com\/blog\/wp-content\/uploads\/2026\/01\/Kourtney-Roy-pourquoi-se-prendre-la-tete-scaled.jpg","contentUrl":"https:\/\/www.bretzel-liquide.com\/blog\/wp-content\/uploads\/2026\/01\/Kourtney-Roy-pourquoi-se-prendre-la-tete-scaled.jpg","width":2560,"height":1708},{"@type":"BreadcrumbList","@id":"https:\/\/www.bretzel-liquide.com\/blog\/2026\/01\/26\/bonne-resolution-ne-pas-se-prendre-la-tete\/#breadcrumb","itemListElement":[{"@type":"ListItem","position":1,"name":"Accueil","item":"https:\/\/www.bretzel-liquide.com\/blog\/"},{"@type":"ListItem","position":2,"name":"bonne r\u00e9solution : ne pas se prendre la t\u00eate"}]},{"@type":"WebSite","@id":"https:\/\/www.bretzel-liquide.com\/blog\/#website","url":"https:\/\/www.bretzel-liquide.com\/blog\/","name":"\u00e0 l&#039;ombre d&#039;un paradoxe en fleur","description":"la face nord du bretzel liquide : humour absurde, images \u00e9tranges, microblogging","publisher":{"@id":"https:\/\/www.bretzel-liquide.com\/blog\/#\/schema\/person\/16b498860410bff000499934f159633d"},"potentialAction":[{"@type":"SearchAction","target":{"@type":"EntryPoint","urlTemplate":"https:\/\/www.bretzel-liquide.com\/blog\/?s={search_term_string}"},"query-input":{"@type":"PropertyValueSpecification","valueRequired":true,"valueName":"search_term_string"}}],"inLanguage":"fr-FR"},{"@type":["Person","Organization"],"@id":"https:\/\/www.bretzel-liquide.com\/blog\/#\/schema\/person\/16b498860410bff000499934f159633d","name":"Yves Brette","image":{"@type":"ImageObject","inLanguage":"fr-FR","@id":"https:\/\/www.bretzel-liquide.com\/blog\/wp-content\/uploads\/2022\/01\/headerchien.jpg","url":"https:\/\/www.bretzel-liquide.com\/blog\/wp-content\/uploads\/2022\/01\/headerchien.jpg","contentUrl":"https:\/\/www.bretzel-liquide.com\/blog\/wp-content\/uploads\/2022\/01\/headerchien.jpg","width":150,"height":147,"caption":"Yves Brette"},"logo":{"@id":"https:\/\/www.bretzel-liquide.com\/blog\/wp-content\/uploads\/2022\/01\/headerchien.jpg"},"sameAs":["http:\/\/www.bretzel-liquide.com\/blog"],"url":"https:\/\/www.bretzel-liquide.com\/blog\/author\/yves\/"}]}},"_links":{"self":[{"href":"https:\/\/www.bretzel-liquide.com\/blog\/wp-json\/wp\/v2\/posts\/17512","targetHints":{"allow":["GET"]}}],"collection":[{"href":"https:\/\/www.bretzel-liquide.com\/blog\/wp-json\/wp\/v2\/posts"}],"about":[{"href":"https:\/\/www.bretzel-liquide.com\/blog\/wp-json\/wp\/v2\/types\/post"}],"author":[{"embeddable":true,"href":"https:\/\/www.bretzel-liquide.com\/blog\/wp-json\/wp\/v2\/users\/1"}],"replies":[{"embeddable":true,"href":"https:\/\/www.bretzel-liquide.com\/blog\/wp-json\/wp\/v2\/comments?post=17512"}],"version-history":[{"count":1,"href":"https:\/\/www.bretzel-liquide.com\/blog\/wp-json\/wp\/v2\/posts\/17512\/revisions"}],"predecessor-version":[{"id":17514,"href":"https:\/\/www.bretzel-liquide.com\/blog\/wp-json\/wp\/v2\/posts\/17512\/revisions\/17514"}],"wp:attachment":[{"href":"https:\/\/www.bretzel-liquide.com\/blog\/wp-json\/wp\/v2\/media?parent=17512"}],"wp:term":[{"taxonomy":"category","embeddable":true,"href":"https:\/\/www.bretzel-liquide.com\/blog\/wp-json\/wp\/v2\/categories?post=17512"},{"taxonomy":"post_tag","embeddable":true,"href":"https:\/\/www.bretzel-liquide.com\/blog\/wp-json\/wp\/v2\/tags?post=17512"}],"curies":[{"name":"wp","href":"https:\/\/api.w.org\/{rel}","templated":true}]}}