{"id":17537,"date":"2026-01-27T07:37:29","date_gmt":"2026-01-27T06:37:29","guid":{"rendered":"https:\/\/www.bretzel-liquide.com\/blog\/?p=17537"},"modified":"2026-01-27T07:37:29","modified_gmt":"2026-01-27T06:37:29","slug":"bonjour-les-antipodes","status":"publish","type":"post","link":"https:\/\/www.bretzel-liquide.com\/blog\/2026\/01\/27\/bonjour-les-antipodes\/","title":{"rendered":"bonjour les antipodes"},"content":{"rendered":"\n<figure class=\"wp-block-image size-large\"><a href=\"https:\/\/www.bretzel-liquide.com\/blog\/wp-content\/uploads\/2026\/01\/Oana-Stanciu-EU-ME-5-autoportrait-photographique-2013-artiste-roumaine-installee-a-lenvers-a-Edimbourg-bonjour-les-antipodes.jpg\"><img loading=\"lazy\" decoding=\"async\" width=\"683\" height=\"1024\" src=\"https:\/\/www.bretzel-liquide.com\/blog\/wp-content\/uploads\/2026\/01\/Oana-Stanciu-EU-ME-5-autoportrait-photographique-2013-artiste-roumaine-installee-a-lenvers-a-Edimbourg-bonjour-les-antipodes-683x1024.jpg\" alt=\"le salut d'une femme coll\u00e9e au plafond par les pieds et les cheveux sur la chaise sur laquelle elle est mont\u00e9e, \u00ab qui occupe sur la terre le point diam\u00e9tralement oppos\u00e9 \u00e0 un autre\u00a0\u00bb\" class=\"wp-image-17538\" srcset=\"https:\/\/www.bretzel-liquide.com\/blog\/wp-content\/uploads\/2026\/01\/Oana-Stanciu-EU-ME-5-autoportrait-photographique-2013-artiste-roumaine-installee-a-lenvers-a-Edimbourg-bonjour-les-antipodes-683x1024.jpg 683w, https:\/\/www.bretzel-liquide.com\/blog\/wp-content\/uploads\/2026\/01\/Oana-Stanciu-EU-ME-5-autoportrait-photographique-2013-artiste-roumaine-installee-a-lenvers-a-Edimbourg-bonjour-les-antipodes-200x300.jpg 200w, https:\/\/www.bretzel-liquide.com\/blog\/wp-content\/uploads\/2026\/01\/Oana-Stanciu-EU-ME-5-autoportrait-photographique-2013-artiste-roumaine-installee-a-lenvers-a-Edimbourg-bonjour-les-antipodes-768x1152.jpg 768w, https:\/\/www.bretzel-liquide.com\/blog\/wp-content\/uploads\/2026\/01\/Oana-Stanciu-EU-ME-5-autoportrait-photographique-2013-artiste-roumaine-installee-a-lenvers-a-Edimbourg-bonjour-les-antipodes-1024x1536.jpg 1024w, https:\/\/www.bretzel-liquide.com\/blog\/wp-content\/uploads\/2026\/01\/Oana-Stanciu-EU-ME-5-autoportrait-photographique-2013-artiste-roumaine-installee-a-lenvers-a-Edimbourg-bonjour-les-antipodes-1365x2048.jpg 1365w, https:\/\/www.bretzel-liquide.com\/blog\/wp-content\/uploads\/2026\/01\/Oana-Stanciu-EU-ME-5-autoportrait-photographique-2013-artiste-roumaine-installee-a-lenvers-a-Edimbourg-bonjour-les-antipodes-1200x1800.jpg 1200w, https:\/\/www.bretzel-liquide.com\/blog\/wp-content\/uploads\/2026\/01\/Oana-Stanciu-EU-ME-5-autoportrait-photographique-2013-artiste-roumaine-installee-a-lenvers-a-Edimbourg-bonjour-les-antipodes.jpg 1600w\" sizes=\"auto, (max-width: 683px) 100vw, 683px\" \/><\/a><\/figure>\n\n\n\n<p>bonjour les antipodes <\/p>\n\n\n\n<p>Oana Stanciu, (artiste roumaine install\u00e9e \u00e0 l&rsquo;envers \u00e0 \u00c9dimbourg) !EU (!ME) 5, autoportrait photographique, 2013  <\/p>\n\n\n\n<p>alt : le salut d&rsquo;une femme coll\u00e9e au plafond par les pieds et les cheveux sur la chaise sur laquelle elle est mont\u00e9e, \u00ab qui occupe sur la terre le point diam\u00e9tralement oppos\u00e9 \u00e0 un autre\u00a0\u00bb<\/p>\n","protected":false},"excerpt":{"rendered":"<p>bonjour les antipodes Oana Stanciu, (artiste roumaine install\u00e9e \u00e0 l&rsquo;envers \u00e0 \u00c9dimbourg) !EU (!ME) 5, autoportrait photographique, 2013 alt : le salut d&rsquo;une femme coll\u00e9e au plafond par les pieds et les cheveux sur la chaise sur laquelle elle est mont\u00e9e, \u00ab qui occupe sur la terre le point diam\u00e9tralement oppos\u00e9 \u00e0 un autre\u00a0\u00bb<\/p>\n","protected":false},"author":1,"featured_media":0,"comment_status":"open","ping_status":"open","sticky":false,"template":"","format":"standard","meta":{"footnotes":""},"categories":[347,9],"tags":[113,689,2540,4,2520,226],"class_list":["post-17537","post","type-post","status-publish","format-standard","hentry","category-exercice-illegal-de-la-profession-de-coiffeur","category-ma-brette-zele-tophe","tag-etranger","tag-installation","tag-oana-stanciu","tag-photo","tag-roumanie","tag-selfie"],"yoast_head":"<!-- This site is optimized with the Yoast SEO plugin v27.4 - https:\/\/yoast.com\/product\/yoast-seo-wordpress\/ -->\n<title>bonjour les antipodes - \u00e0 l&#039;ombre d&#039;un paradoxe en fleur<\/title>\n<meta name=\"description\" content=\"bonjour les antipodes\" \/>\n<meta name=\"robots\" content=\"index, follow, max-snippet:-1, max-image-preview:large, max-video-preview:-1\" \/>\n<link rel=\"canonical\" href=\"https:\/\/www.bretzel-liquide.com\/blog\/2026\/01\/27\/bonjour-les-antipodes\/\" \/>\n<meta property=\"og:locale\" content=\"fr_FR\" \/>\n<meta property=\"og:type\" content=\"article\" \/>\n<meta property=\"og:title\" content=\"bonjour les antipodes - \u00e0 l&#039;ombre d&#039;un paradoxe en fleur\" \/>\n<meta property=\"og:description\" content=\"bonjour les antipodes\" \/>\n<meta property=\"og:url\" content=\"https:\/\/www.bretzel-liquide.com\/blog\/2026\/01\/27\/bonjour-les-antipodes\/\" \/>\n<meta property=\"og:site_name\" content=\"\u00e0 l&#039;ombre d&#039;un paradoxe en fleur\" \/>\n<meta property=\"article:published_time\" content=\"2026-01-27T06:37:29+00:00\" \/>\n<meta property=\"og:image\" content=\"https:\/\/www.bretzel-liquide.com\/blog\/wp-content\/uploads\/2026\/01\/Oana-Stanciu-EU-ME-5-autoportrait-photographique-2013-artiste-roumaine-installee-a-lenvers-a-Edimbourg-bonjour-les-antipodes.jpg\" \/>\n\t<meta property=\"og:image:width\" content=\"1600\" \/>\n\t<meta property=\"og:image:height\" content=\"2400\" \/>\n\t<meta property=\"og:image:type\" content=\"image\/jpeg\" \/>\n<meta name=\"author\" content=\"Yves Brette\" \/>\n<meta name=\"twitter:card\" content=\"summary_large_image\" \/>\n<meta name=\"twitter:label1\" content=\"\u00c9crit par\" \/>\n\t<meta name=\"twitter:data1\" content=\"Yves Brette\" \/>\n<script type=\"application\/ld+json\" class=\"yoast-schema-graph\">{\"@context\":\"https:\\\/\\\/schema.org\",\"@graph\":[{\"@type\":\"Article\",\"@id\":\"https:\\\/\\\/www.bretzel-liquide.com\\\/blog\\\/2026\\\/01\\\/27\\\/bonjour-les-antipodes\\\/#article\",\"isPartOf\":{\"@id\":\"https:\\\/\\\/www.bretzel-liquide.com\\\/blog\\\/2026\\\/01\\\/27\\\/bonjour-les-antipodes\\\/\"},\"author\":{\"name\":\"Yves Brette\",\"@id\":\"https:\\\/\\\/www.bretzel-liquide.com\\\/blog\\\/#\\\/schema\\\/person\\\/16b498860410bff000499934f159633d\"},\"headline\":\"bonjour les antipodes\",\"datePublished\":\"2026-01-27T06:37:29+00:00\",\"mainEntityOfPage\":{\"@id\":\"https:\\\/\\\/www.bretzel-liquide.com\\\/blog\\\/2026\\\/01\\\/27\\\/bonjour-les-antipodes\\\/\"},\"wordCount\":56,\"commentCount\":0,\"publisher\":{\"@id\":\"https:\\\/\\\/www.bretzel-liquide.com\\\/blog\\\/#\\\/schema\\\/person\\\/16b498860410bff000499934f159633d\"},\"image\":{\"@id\":\"https:\\\/\\\/www.bretzel-liquide.com\\\/blog\\\/2026\\\/01\\\/27\\\/bonjour-les-antipodes\\\/#primaryimage\"},\"thumbnailUrl\":\"https:\\\/\\\/www.bretzel-liquide.com\\\/blog\\\/wp-content\\\/uploads\\\/2026\\\/01\\\/Oana-Stanciu-EU-ME-5-autoportrait-photographique-2013-artiste-roumaine-installee-a-lenvers-a-Edimbourg-bonjour-les-antipodes-683x1024.jpg\",\"keywords\":[\"\u00e9tranger\",\"installation\",\"Oana Stanciu\",\"photo\",\"Roumanie\",\"selfie\"],\"articleSection\":[\"exercice ill\u00e9gal de la profession de coiffeur\",\"Ma (brette) Z\u00e8le Tophe !\"],\"inLanguage\":\"fr-FR\",\"potentialAction\":[{\"@type\":\"CommentAction\",\"name\":\"Comment\",\"target\":[\"https:\\\/\\\/www.bretzel-liquide.com\\\/blog\\\/2026\\\/01\\\/27\\\/bonjour-les-antipodes\\\/#respond\"]}]},{\"@type\":\"WebPage\",\"@id\":\"https:\\\/\\\/www.bretzel-liquide.com\\\/blog\\\/2026\\\/01\\\/27\\\/bonjour-les-antipodes\\\/\",\"url\":\"https:\\\/\\\/www.bretzel-liquide.com\\\/blog\\\/2026\\\/01\\\/27\\\/bonjour-les-antipodes\\\/\",\"name\":\"bonjour les antipodes - \u00e0 l&#039;ombre d&#039;un paradoxe en fleur\",\"isPartOf\":{\"@id\":\"https:\\\/\\\/www.bretzel-liquide.com\\\/blog\\\/#website\"},\"primaryImageOfPage\":{\"@id\":\"https:\\\/\\\/www.bretzel-liquide.com\\\/blog\\\/2026\\\/01\\\/27\\\/bonjour-les-antipodes\\\/#primaryimage\"},\"image\":{\"@id\":\"https:\\\/\\\/www.bretzel-liquide.com\\\/blog\\\/2026\\\/01\\\/27\\\/bonjour-les-antipodes\\\/#primaryimage\"},\"thumbnailUrl\":\"https:\\\/\\\/www.bretzel-liquide.com\\\/blog\\\/wp-content\\\/uploads\\\/2026\\\/01\\\/Oana-Stanciu-EU-ME-5-autoportrait-photographique-2013-artiste-roumaine-installee-a-lenvers-a-Edimbourg-bonjour-les-antipodes-683x1024.jpg\",\"datePublished\":\"2026-01-27T06:37:29+00:00\",\"description\":\"bonjour les antipodes\",\"breadcrumb\":{\"@id\":\"https:\\\/\\\/www.bretzel-liquide.com\\\/blog\\\/2026\\\/01\\\/27\\\/bonjour-les-antipodes\\\/#breadcrumb\"},\"inLanguage\":\"fr-FR\",\"potentialAction\":[{\"@type\":\"ReadAction\",\"target\":[\"https:\\\/\\\/www.bretzel-liquide.com\\\/blog\\\/2026\\\/01\\\/27\\\/bonjour-les-antipodes\\\/\"]}]},{\"@type\":\"ImageObject\",\"inLanguage\":\"fr-FR\",\"@id\":\"https:\\\/\\\/www.bretzel-liquide.com\\\/blog\\\/2026\\\/01\\\/27\\\/bonjour-les-antipodes\\\/#primaryimage\",\"url\":\"https:\\\/\\\/www.bretzel-liquide.com\\\/blog\\\/wp-content\\\/uploads\\\/2026\\\/01\\\/Oana-Stanciu-EU-ME-5-autoportrait-photographique-2013-artiste-roumaine-installee-a-lenvers-a-Edimbourg-bonjour-les-antipodes.jpg\",\"contentUrl\":\"https:\\\/\\\/www.bretzel-liquide.com\\\/blog\\\/wp-content\\\/uploads\\\/2026\\\/01\\\/Oana-Stanciu-EU-ME-5-autoportrait-photographique-2013-artiste-roumaine-installee-a-lenvers-a-Edimbourg-bonjour-les-antipodes.jpg\",\"width\":1600,\"height\":2400},{\"@type\":\"BreadcrumbList\",\"@id\":\"https:\\\/\\\/www.bretzel-liquide.com\\\/blog\\\/2026\\\/01\\\/27\\\/bonjour-les-antipodes\\\/#breadcrumb\",\"itemListElement\":[{\"@type\":\"ListItem\",\"position\":1,\"name\":\"Accueil\",\"item\":\"https:\\\/\\\/www.bretzel-liquide.com\\\/blog\\\/\"},{\"@type\":\"ListItem\",\"position\":2,\"name\":\"bonjour les antipodes\"}]},{\"@type\":\"WebSite\",\"@id\":\"https:\\\/\\\/www.bretzel-liquide.com\\\/blog\\\/#website\",\"url\":\"https:\\\/\\\/www.bretzel-liquide.com\\\/blog\\\/\",\"name\":\"\u00e0 l&#039;ombre d&#039;un paradoxe en fleur\",\"description\":\"la face nord du bretzel liquide : humour absurde, images \u00e9tranges, microblogging\",\"publisher\":{\"@id\":\"https:\\\/\\\/www.bretzel-liquide.com\\\/blog\\\/#\\\/schema\\\/person\\\/16b498860410bff000499934f159633d\"},\"potentialAction\":[{\"@type\":\"SearchAction\",\"target\":{\"@type\":\"EntryPoint\",\"urlTemplate\":\"https:\\\/\\\/www.bretzel-liquide.com\\\/blog\\\/?s={search_term_string}\"},\"query-input\":{\"@type\":\"PropertyValueSpecification\",\"valueRequired\":true,\"valueName\":\"search_term_string\"}}],\"inLanguage\":\"fr-FR\"},{\"@type\":[\"Person\",\"Organization\"],\"@id\":\"https:\\\/\\\/www.bretzel-liquide.com\\\/blog\\\/#\\\/schema\\\/person\\\/16b498860410bff000499934f159633d\",\"name\":\"Yves Brette\",\"image\":{\"@type\":\"ImageObject\",\"inLanguage\":\"fr-FR\",\"@id\":\"https:\\\/\\\/www.bretzel-liquide.com\\\/blog\\\/wp-content\\\/uploads\\\/2022\\\/01\\\/headerchien.jpg\",\"url\":\"https:\\\/\\\/www.bretzel-liquide.com\\\/blog\\\/wp-content\\\/uploads\\\/2022\\\/01\\\/headerchien.jpg\",\"contentUrl\":\"https:\\\/\\\/www.bretzel-liquide.com\\\/blog\\\/wp-content\\\/uploads\\\/2022\\\/01\\\/headerchien.jpg\",\"width\":150,\"height\":147,\"caption\":\"Yves Brette\"},\"logo\":{\"@id\":\"https:\\\/\\\/www.bretzel-liquide.com\\\/blog\\\/wp-content\\\/uploads\\\/2022\\\/01\\\/headerchien.jpg\"},\"sameAs\":[\"http:\\\/\\\/www.bretzel-liquide.com\\\/blog\"],\"url\":\"https:\\\/\\\/www.bretzel-liquide.com\\\/blog\\\/author\\\/yves\\\/\"}]}<\/script>\n<!-- \/ Yoast SEO plugin. -->","yoast_head_json":{"title":"bonjour les antipodes - \u00e0 l&#039;ombre d&#039;un paradoxe en fleur","description":"bonjour les antipodes","robots":{"index":"index","follow":"follow","max-snippet":"max-snippet:-1","max-image-preview":"max-image-preview:large","max-video-preview":"max-video-preview:-1"},"canonical":"https:\/\/www.bretzel-liquide.com\/blog\/2026\/01\/27\/bonjour-les-antipodes\/","og_locale":"fr_FR","og_type":"article","og_title":"bonjour les antipodes - \u00e0 l&#039;ombre d&#039;un paradoxe en fleur","og_description":"bonjour les antipodes","og_url":"https:\/\/www.bretzel-liquide.com\/blog\/2026\/01\/27\/bonjour-les-antipodes\/","og_site_name":"\u00e0 l&#039;ombre d&#039;un paradoxe en fleur","article_published_time":"2026-01-27T06:37:29+00:00","og_image":[{"width":1600,"height":2400,"url":"https:\/\/www.bretzel-liquide.com\/blog\/wp-content\/uploads\/2026\/01\/Oana-Stanciu-EU-ME-5-autoportrait-photographique-2013-artiste-roumaine-installee-a-lenvers-a-Edimbourg-bonjour-les-antipodes.jpg","type":"image\/jpeg"}],"author":"Yves Brette","twitter_card":"summary_large_image","twitter_misc":{"\u00c9crit par":"Yves Brette"},"schema":{"@context":"https:\/\/schema.org","@graph":[{"@type":"Article","@id":"https:\/\/www.bretzel-liquide.com\/blog\/2026\/01\/27\/bonjour-les-antipodes\/#article","isPartOf":{"@id":"https:\/\/www.bretzel-liquide.com\/blog\/2026\/01\/27\/bonjour-les-antipodes\/"},"author":{"name":"Yves Brette","@id":"https:\/\/www.bretzel-liquide.com\/blog\/#\/schema\/person\/16b498860410bff000499934f159633d"},"headline":"bonjour les antipodes","datePublished":"2026-01-27T06:37:29+00:00","mainEntityOfPage":{"@id":"https:\/\/www.bretzel-liquide.com\/blog\/2026\/01\/27\/bonjour-les-antipodes\/"},"wordCount":56,"commentCount":0,"publisher":{"@id":"https:\/\/www.bretzel-liquide.com\/blog\/#\/schema\/person\/16b498860410bff000499934f159633d"},"image":{"@id":"https:\/\/www.bretzel-liquide.com\/blog\/2026\/01\/27\/bonjour-les-antipodes\/#primaryimage"},"thumbnailUrl":"https:\/\/www.bretzel-liquide.com\/blog\/wp-content\/uploads\/2026\/01\/Oana-Stanciu-EU-ME-5-autoportrait-photographique-2013-artiste-roumaine-installee-a-lenvers-a-Edimbourg-bonjour-les-antipodes-683x1024.jpg","keywords":["\u00e9tranger","installation","Oana Stanciu","photo","Roumanie","selfie"],"articleSection":["exercice ill\u00e9gal de la profession de coiffeur","Ma (brette) Z\u00e8le Tophe !"],"inLanguage":"fr-FR","potentialAction":[{"@type":"CommentAction","name":"Comment","target":["https:\/\/www.bretzel-liquide.com\/blog\/2026\/01\/27\/bonjour-les-antipodes\/#respond"]}]},{"@type":"WebPage","@id":"https:\/\/www.bretzel-liquide.com\/blog\/2026\/01\/27\/bonjour-les-antipodes\/","url":"https:\/\/www.bretzel-liquide.com\/blog\/2026\/01\/27\/bonjour-les-antipodes\/","name":"bonjour les antipodes - \u00e0 l&#039;ombre d&#039;un paradoxe en fleur","isPartOf":{"@id":"https:\/\/www.bretzel-liquide.com\/blog\/#website"},"primaryImageOfPage":{"@id":"https:\/\/www.bretzel-liquide.com\/blog\/2026\/01\/27\/bonjour-les-antipodes\/#primaryimage"},"image":{"@id":"https:\/\/www.bretzel-liquide.com\/blog\/2026\/01\/27\/bonjour-les-antipodes\/#primaryimage"},"thumbnailUrl":"https:\/\/www.bretzel-liquide.com\/blog\/wp-content\/uploads\/2026\/01\/Oana-Stanciu-EU-ME-5-autoportrait-photographique-2013-artiste-roumaine-installee-a-lenvers-a-Edimbourg-bonjour-les-antipodes-683x1024.jpg","datePublished":"2026-01-27T06:37:29+00:00","description":"bonjour les antipodes","breadcrumb":{"@id":"https:\/\/www.bretzel-liquide.com\/blog\/2026\/01\/27\/bonjour-les-antipodes\/#breadcrumb"},"inLanguage":"fr-FR","potentialAction":[{"@type":"ReadAction","target":["https:\/\/www.bretzel-liquide.com\/blog\/2026\/01\/27\/bonjour-les-antipodes\/"]}]},{"@type":"ImageObject","inLanguage":"fr-FR","@id":"https:\/\/www.bretzel-liquide.com\/blog\/2026\/01\/27\/bonjour-les-antipodes\/#primaryimage","url":"https:\/\/www.bretzel-liquide.com\/blog\/wp-content\/uploads\/2026\/01\/Oana-Stanciu-EU-ME-5-autoportrait-photographique-2013-artiste-roumaine-installee-a-lenvers-a-Edimbourg-bonjour-les-antipodes.jpg","contentUrl":"https:\/\/www.bretzel-liquide.com\/blog\/wp-content\/uploads\/2026\/01\/Oana-Stanciu-EU-ME-5-autoportrait-photographique-2013-artiste-roumaine-installee-a-lenvers-a-Edimbourg-bonjour-les-antipodes.jpg","width":1600,"height":2400},{"@type":"BreadcrumbList","@id":"https:\/\/www.bretzel-liquide.com\/blog\/2026\/01\/27\/bonjour-les-antipodes\/#breadcrumb","itemListElement":[{"@type":"ListItem","position":1,"name":"Accueil","item":"https:\/\/www.bretzel-liquide.com\/blog\/"},{"@type":"ListItem","position":2,"name":"bonjour les antipodes"}]},{"@type":"WebSite","@id":"https:\/\/www.bretzel-liquide.com\/blog\/#website","url":"https:\/\/www.bretzel-liquide.com\/blog\/","name":"\u00e0 l&#039;ombre d&#039;un paradoxe en fleur","description":"la face nord du bretzel liquide : humour absurde, images \u00e9tranges, microblogging","publisher":{"@id":"https:\/\/www.bretzel-liquide.com\/blog\/#\/schema\/person\/16b498860410bff000499934f159633d"},"potentialAction":[{"@type":"SearchAction","target":{"@type":"EntryPoint","urlTemplate":"https:\/\/www.bretzel-liquide.com\/blog\/?s={search_term_string}"},"query-input":{"@type":"PropertyValueSpecification","valueRequired":true,"valueName":"search_term_string"}}],"inLanguage":"fr-FR"},{"@type":["Person","Organization"],"@id":"https:\/\/www.bretzel-liquide.com\/blog\/#\/schema\/person\/16b498860410bff000499934f159633d","name":"Yves Brette","image":{"@type":"ImageObject","inLanguage":"fr-FR","@id":"https:\/\/www.bretzel-liquide.com\/blog\/wp-content\/uploads\/2022\/01\/headerchien.jpg","url":"https:\/\/www.bretzel-liquide.com\/blog\/wp-content\/uploads\/2022\/01\/headerchien.jpg","contentUrl":"https:\/\/www.bretzel-liquide.com\/blog\/wp-content\/uploads\/2022\/01\/headerchien.jpg","width":150,"height":147,"caption":"Yves Brette"},"logo":{"@id":"https:\/\/www.bretzel-liquide.com\/blog\/wp-content\/uploads\/2022\/01\/headerchien.jpg"},"sameAs":["http:\/\/www.bretzel-liquide.com\/blog"],"url":"https:\/\/www.bretzel-liquide.com\/blog\/author\/yves\/"}]}},"_links":{"self":[{"href":"https:\/\/www.bretzel-liquide.com\/blog\/wp-json\/wp\/v2\/posts\/17537","targetHints":{"allow":["GET"]}}],"collection":[{"href":"https:\/\/www.bretzel-liquide.com\/blog\/wp-json\/wp\/v2\/posts"}],"about":[{"href":"https:\/\/www.bretzel-liquide.com\/blog\/wp-json\/wp\/v2\/types\/post"}],"author":[{"embeddable":true,"href":"https:\/\/www.bretzel-liquide.com\/blog\/wp-json\/wp\/v2\/users\/1"}],"replies":[{"embeddable":true,"href":"https:\/\/www.bretzel-liquide.com\/blog\/wp-json\/wp\/v2\/comments?post=17537"}],"version-history":[{"count":1,"href":"https:\/\/www.bretzel-liquide.com\/blog\/wp-json\/wp\/v2\/posts\/17537\/revisions"}],"predecessor-version":[{"id":17539,"href":"https:\/\/www.bretzel-liquide.com\/blog\/wp-json\/wp\/v2\/posts\/17537\/revisions\/17539"}],"wp:attachment":[{"href":"https:\/\/www.bretzel-liquide.com\/blog\/wp-json\/wp\/v2\/media?parent=17537"}],"wp:term":[{"taxonomy":"category","embeddable":true,"href":"https:\/\/www.bretzel-liquide.com\/blog\/wp-json\/wp\/v2\/categories?post=17537"},{"taxonomy":"post_tag","embeddable":true,"href":"https:\/\/www.bretzel-liquide.com\/blog\/wp-json\/wp\/v2\/tags?post=17537"}],"curies":[{"name":"wp","href":"https:\/\/api.w.org\/{rel}","templated":true}]}}