{"id":18832,"date":"2026-03-15T07:36:35","date_gmt":"2026-03-15T06:36:35","guid":{"rendered":"https:\/\/www.bretzel-liquide.com\/blog\/?p=18832"},"modified":"2026-03-15T07:36:35","modified_gmt":"2026-03-15T06:36:35","slug":"jour-delections-en-france","status":"publish","type":"post","link":"https:\/\/www.bretzel-liquide.com\/blog\/2026\/03\/15\/jour-delections-en-france\/","title":{"rendered":"jour d&rsquo;\u00e9lections en France"},"content":{"rendered":"\n<figure class=\"wp-block-image size-large\"><a href=\"https:\/\/www.bretzel-liquide.com\/blog\/wp-content\/uploads\/2026\/03\/Yves-Saint-Laurent-Piet-Mondrian-1966-les-femmes-abstraites.jpg\"><img loading=\"lazy\" decoding=\"async\" width=\"1024\" height=\"1024\" src=\"https:\/\/www.bretzel-liquide.com\/blog\/wp-content\/uploads\/2026\/03\/Yves-Saint-Laurent-Piet-Mondrian-1966-les-femmes-abstraites-1024x1024.jpg\" alt=\"trois femmes portant la robe Mondrian\" class=\"wp-image-18833\" srcset=\"https:\/\/www.bretzel-liquide.com\/blog\/wp-content\/uploads\/2026\/03\/Yves-Saint-Laurent-Piet-Mondrian-1966-les-femmes-abstraites-1024x1024.jpg 1024w, https:\/\/www.bretzel-liquide.com\/blog\/wp-content\/uploads\/2026\/03\/Yves-Saint-Laurent-Piet-Mondrian-1966-les-femmes-abstraites-300x300.jpg 300w, https:\/\/www.bretzel-liquide.com\/blog\/wp-content\/uploads\/2026\/03\/Yves-Saint-Laurent-Piet-Mondrian-1966-les-femmes-abstraites-150x150.jpg 150w, https:\/\/www.bretzel-liquide.com\/blog\/wp-content\/uploads\/2026\/03\/Yves-Saint-Laurent-Piet-Mondrian-1966-les-femmes-abstraites-768x768.jpg 768w, https:\/\/www.bretzel-liquide.com\/blog\/wp-content\/uploads\/2026\/03\/Yves-Saint-Laurent-Piet-Mondrian-1966-les-femmes-abstraites-1200x1200.jpg 1200w, https:\/\/www.bretzel-liquide.com\/blog\/wp-content\/uploads\/2026\/03\/Yves-Saint-Laurent-Piet-Mondrian-1966-les-femmes-abstraites.jpg 1280w\" sizes=\"auto, (max-width: 1024px) 100vw, 1024px\" \/><\/a><\/figure>\n\n\n\n<p>jour d&rsquo;\u00e9lections en France<\/p>\n\n\n\n<p>Yves Saint Laurent, Piet Mondrian, 1966 <\/p>\n\n\n\n<p>tag : l&rsquo;abstraction en action<\/p>\n\n\n\n<p>alt : trois femmes portant la robe Mondrian<\/p>\n\n\n\n<p>La robe Mondrian est une robe courte et droite cr\u00e9\u00e9e, quatre ans apr\u00e8s la cr\u00e9ation de sa propre maison, par le grand couturier fran\u00e7ais Yves Saint Laurent \u00e0 partir d&rsquo;un imprim\u00e9 inspir\u00e9 des \u0153uvres abstraites du n\u00e9erlandais Piet Mondrian. Elle reste un symbole important de la mode des ann\u00e9es 1960<\/p>\n","protected":false},"excerpt":{"rendered":"<p>jour d&rsquo;\u00e9lections en France Yves Saint Laurent, Piet Mondrian, 1966 tag : l&rsquo;abstraction en action alt : trois femmes portant la robe Mondrian La robe Mondrian est une robe courte et droite cr\u00e9\u00e9e, quatre ans apr\u00e8s la cr\u00e9ation de sa propre maison, par le grand couturier fran\u00e7ais Yves Saint Laurent \u00e0 partir d&rsquo;un imprim\u00e9 inspir\u00e9 [&hellip;]<\/p>\n","protected":false},"author":1,"featured_media":0,"comment_status":"open","ping_status":"open","sticky":false,"template":"","format":"standard","meta":{"footnotes":""},"categories":[58],"tags":[106,50,145,2785,70,5,937,2784],"class_list":["post-18832","post","type-post","status-publish","format-standard","hentry","category-agence-france-brette","tag-elegance","tag-identite","tag-mode","tag-piet-mondrian","tag-politique","tag-societe","tag-vetements","tag-yves-saint-laurent"],"yoast_head":"<!-- This site is optimized with the Yoast SEO plugin v27.5 - https:\/\/yoast.com\/product\/yoast-seo-wordpress\/ -->\n<title>jour d&#039;\u00e9lections en France - \u00e0 l&#039;ombre d&#039;un paradoxe en fleur<\/title>\n<meta name=\"description\" content=\"jour d&#039;\u00e9lections en France\" \/>\n<meta name=\"robots\" content=\"index, follow, max-snippet:-1, max-image-preview:large, max-video-preview:-1\" \/>\n<link rel=\"canonical\" href=\"https:\/\/www.bretzel-liquide.com\/blog\/2026\/03\/15\/jour-delections-en-france\/\" \/>\n<meta property=\"og:locale\" content=\"fr_FR\" \/>\n<meta property=\"og:type\" content=\"article\" \/>\n<meta property=\"og:title\" content=\"jour d&#039;\u00e9lections en France - \u00e0 l&#039;ombre d&#039;un paradoxe en fleur\" \/>\n<meta property=\"og:description\" content=\"jour d&#039;\u00e9lections en France\" \/>\n<meta property=\"og:url\" content=\"https:\/\/www.bretzel-liquide.com\/blog\/2026\/03\/15\/jour-delections-en-france\/\" \/>\n<meta property=\"og:site_name\" content=\"\u00e0 l&#039;ombre d&#039;un paradoxe en fleur\" \/>\n<meta property=\"article:published_time\" content=\"2026-03-15T06:36:35+00:00\" \/>\n<meta property=\"og:image\" content=\"https:\/\/www.bretzel-liquide.com\/blog\/wp-content\/uploads\/2026\/03\/Yves-Saint-Laurent-Piet-Mondrian-1966-les-femmes-abstraites.jpg\" \/>\n\t<meta property=\"og:image:width\" content=\"1280\" \/>\n\t<meta property=\"og:image:height\" content=\"1280\" \/>\n\t<meta property=\"og:image:type\" content=\"image\/jpeg\" \/>\n<meta name=\"author\" content=\"Yves Brette\" \/>\n<meta name=\"twitter:card\" content=\"summary_large_image\" \/>\n<meta name=\"twitter:label1\" content=\"\u00c9crit par\" \/>\n\t<meta name=\"twitter:data1\" content=\"Yves Brette\" \/>\n<script type=\"application\/ld+json\" class=\"yoast-schema-graph\">{\"@context\":\"https:\\\/\\\/schema.org\",\"@graph\":[{\"@type\":\"Article\",\"@id\":\"https:\\\/\\\/www.bretzel-liquide.com\\\/blog\\\/2026\\\/03\\\/15\\\/jour-delections-en-france\\\/#article\",\"isPartOf\":{\"@id\":\"https:\\\/\\\/www.bretzel-liquide.com\\\/blog\\\/2026\\\/03\\\/15\\\/jour-delections-en-france\\\/\"},\"author\":{\"name\":\"Yves Brette\",\"@id\":\"https:\\\/\\\/www.bretzel-liquide.com\\\/blog\\\/#\\\/schema\\\/person\\\/16b498860410bff000499934f159633d\"},\"headline\":\"jour d&rsquo;\u00e9lections en France\",\"datePublished\":\"2026-03-15T06:36:35+00:00\",\"mainEntityOfPage\":{\"@id\":\"https:\\\/\\\/www.bretzel-liquide.com\\\/blog\\\/2026\\\/03\\\/15\\\/jour-delections-en-france\\\/\"},\"wordCount\":82,\"commentCount\":0,\"publisher\":{\"@id\":\"https:\\\/\\\/www.bretzel-liquide.com\\\/blog\\\/#\\\/schema\\\/person\\\/16b498860410bff000499934f159633d\"},\"image\":{\"@id\":\"https:\\\/\\\/www.bretzel-liquide.com\\\/blog\\\/2026\\\/03\\\/15\\\/jour-delections-en-france\\\/#primaryimage\"},\"thumbnailUrl\":\"https:\\\/\\\/www.bretzel-liquide.com\\\/blog\\\/wp-content\\\/uploads\\\/2026\\\/03\\\/Yves-Saint-Laurent-Piet-Mondrian-1966-les-femmes-abstraites-1024x1024.jpg\",\"keywords\":[\"\u00e9l\u00e9gance\",\"identit\u00e9\",\"mode\",\"Piet Mondrian\",\"politique\",\"soci\u00e9t\u00e9\",\"v\u00eatements\",\"Yves Saint Laurent\"],\"articleSection\":[\"Agence France-Brette\"],\"inLanguage\":\"fr-FR\",\"potentialAction\":[{\"@type\":\"CommentAction\",\"name\":\"Comment\",\"target\":[\"https:\\\/\\\/www.bretzel-liquide.com\\\/blog\\\/2026\\\/03\\\/15\\\/jour-delections-en-france\\\/#respond\"]}]},{\"@type\":\"WebPage\",\"@id\":\"https:\\\/\\\/www.bretzel-liquide.com\\\/blog\\\/2026\\\/03\\\/15\\\/jour-delections-en-france\\\/\",\"url\":\"https:\\\/\\\/www.bretzel-liquide.com\\\/blog\\\/2026\\\/03\\\/15\\\/jour-delections-en-france\\\/\",\"name\":\"jour d'\u00e9lections en France - \u00e0 l&#039;ombre d&#039;un paradoxe en fleur\",\"isPartOf\":{\"@id\":\"https:\\\/\\\/www.bretzel-liquide.com\\\/blog\\\/#website\"},\"primaryImageOfPage\":{\"@id\":\"https:\\\/\\\/www.bretzel-liquide.com\\\/blog\\\/2026\\\/03\\\/15\\\/jour-delections-en-france\\\/#primaryimage\"},\"image\":{\"@id\":\"https:\\\/\\\/www.bretzel-liquide.com\\\/blog\\\/2026\\\/03\\\/15\\\/jour-delections-en-france\\\/#primaryimage\"},\"thumbnailUrl\":\"https:\\\/\\\/www.bretzel-liquide.com\\\/blog\\\/wp-content\\\/uploads\\\/2026\\\/03\\\/Yves-Saint-Laurent-Piet-Mondrian-1966-les-femmes-abstraites-1024x1024.jpg\",\"datePublished\":\"2026-03-15T06:36:35+00:00\",\"description\":\"jour d'\u00e9lections en France\",\"breadcrumb\":{\"@id\":\"https:\\\/\\\/www.bretzel-liquide.com\\\/blog\\\/2026\\\/03\\\/15\\\/jour-delections-en-france\\\/#breadcrumb\"},\"inLanguage\":\"fr-FR\",\"potentialAction\":[{\"@type\":\"ReadAction\",\"target\":[\"https:\\\/\\\/www.bretzel-liquide.com\\\/blog\\\/2026\\\/03\\\/15\\\/jour-delections-en-france\\\/\"]}]},{\"@type\":\"ImageObject\",\"inLanguage\":\"fr-FR\",\"@id\":\"https:\\\/\\\/www.bretzel-liquide.com\\\/blog\\\/2026\\\/03\\\/15\\\/jour-delections-en-france\\\/#primaryimage\",\"url\":\"https:\\\/\\\/www.bretzel-liquide.com\\\/blog\\\/wp-content\\\/uploads\\\/2026\\\/03\\\/Yves-Saint-Laurent-Piet-Mondrian-1966-les-femmes-abstraites.jpg\",\"contentUrl\":\"https:\\\/\\\/www.bretzel-liquide.com\\\/blog\\\/wp-content\\\/uploads\\\/2026\\\/03\\\/Yves-Saint-Laurent-Piet-Mondrian-1966-les-femmes-abstraites.jpg\",\"width\":1280,\"height\":1280},{\"@type\":\"BreadcrumbList\",\"@id\":\"https:\\\/\\\/www.bretzel-liquide.com\\\/blog\\\/2026\\\/03\\\/15\\\/jour-delections-en-france\\\/#breadcrumb\",\"itemListElement\":[{\"@type\":\"ListItem\",\"position\":1,\"name\":\"Accueil\",\"item\":\"https:\\\/\\\/www.bretzel-liquide.com\\\/blog\\\/\"},{\"@type\":\"ListItem\",\"position\":2,\"name\":\"jour d&rsquo;\u00e9lections en France\"}]},{\"@type\":\"WebSite\",\"@id\":\"https:\\\/\\\/www.bretzel-liquide.com\\\/blog\\\/#website\",\"url\":\"https:\\\/\\\/www.bretzel-liquide.com\\\/blog\\\/\",\"name\":\"\u00e0 l&#039;ombre d&#039;un paradoxe en fleur\",\"description\":\"la face nord du bretzel liquide : humour absurde, images \u00e9tranges, microblogging\",\"publisher\":{\"@id\":\"https:\\\/\\\/www.bretzel-liquide.com\\\/blog\\\/#\\\/schema\\\/person\\\/16b498860410bff000499934f159633d\"},\"potentialAction\":[{\"@type\":\"SearchAction\",\"target\":{\"@type\":\"EntryPoint\",\"urlTemplate\":\"https:\\\/\\\/www.bretzel-liquide.com\\\/blog\\\/?s={search_term_string}\"},\"query-input\":{\"@type\":\"PropertyValueSpecification\",\"valueRequired\":true,\"valueName\":\"search_term_string\"}}],\"inLanguage\":\"fr-FR\"},{\"@type\":[\"Person\",\"Organization\"],\"@id\":\"https:\\\/\\\/www.bretzel-liquide.com\\\/blog\\\/#\\\/schema\\\/person\\\/16b498860410bff000499934f159633d\",\"name\":\"Yves Brette\",\"image\":{\"@type\":\"ImageObject\",\"inLanguage\":\"fr-FR\",\"@id\":\"https:\\\/\\\/www.bretzel-liquide.com\\\/blog\\\/wp-content\\\/uploads\\\/2022\\\/01\\\/headerchien.jpg\",\"url\":\"https:\\\/\\\/www.bretzel-liquide.com\\\/blog\\\/wp-content\\\/uploads\\\/2022\\\/01\\\/headerchien.jpg\",\"contentUrl\":\"https:\\\/\\\/www.bretzel-liquide.com\\\/blog\\\/wp-content\\\/uploads\\\/2022\\\/01\\\/headerchien.jpg\",\"width\":150,\"height\":147,\"caption\":\"Yves Brette\"},\"logo\":{\"@id\":\"https:\\\/\\\/www.bretzel-liquide.com\\\/blog\\\/wp-content\\\/uploads\\\/2022\\\/01\\\/headerchien.jpg\"},\"sameAs\":[\"http:\\\/\\\/www.bretzel-liquide.com\\\/blog\"],\"url\":\"https:\\\/\\\/www.bretzel-liquide.com\\\/blog\\\/author\\\/yves\\\/\"}]}<\/script>\n<!-- \/ Yoast SEO plugin. -->","yoast_head_json":{"title":"jour d'\u00e9lections en France - \u00e0 l&#039;ombre d&#039;un paradoxe en fleur","description":"jour d'\u00e9lections en France","robots":{"index":"index","follow":"follow","max-snippet":"max-snippet:-1","max-image-preview":"max-image-preview:large","max-video-preview":"max-video-preview:-1"},"canonical":"https:\/\/www.bretzel-liquide.com\/blog\/2026\/03\/15\/jour-delections-en-france\/","og_locale":"fr_FR","og_type":"article","og_title":"jour d'\u00e9lections en France - \u00e0 l&#039;ombre d&#039;un paradoxe en fleur","og_description":"jour d'\u00e9lections en France","og_url":"https:\/\/www.bretzel-liquide.com\/blog\/2026\/03\/15\/jour-delections-en-france\/","og_site_name":"\u00e0 l&#039;ombre d&#039;un paradoxe en fleur","article_published_time":"2026-03-15T06:36:35+00:00","og_image":[{"width":1280,"height":1280,"url":"https:\/\/www.bretzel-liquide.com\/blog\/wp-content\/uploads\/2026\/03\/Yves-Saint-Laurent-Piet-Mondrian-1966-les-femmes-abstraites.jpg","type":"image\/jpeg"}],"author":"Yves Brette","twitter_card":"summary_large_image","twitter_misc":{"\u00c9crit par":"Yves Brette"},"schema":{"@context":"https:\/\/schema.org","@graph":[{"@type":"Article","@id":"https:\/\/www.bretzel-liquide.com\/blog\/2026\/03\/15\/jour-delections-en-france\/#article","isPartOf":{"@id":"https:\/\/www.bretzel-liquide.com\/blog\/2026\/03\/15\/jour-delections-en-france\/"},"author":{"name":"Yves Brette","@id":"https:\/\/www.bretzel-liquide.com\/blog\/#\/schema\/person\/16b498860410bff000499934f159633d"},"headline":"jour d&rsquo;\u00e9lections en France","datePublished":"2026-03-15T06:36:35+00:00","mainEntityOfPage":{"@id":"https:\/\/www.bretzel-liquide.com\/blog\/2026\/03\/15\/jour-delections-en-france\/"},"wordCount":82,"commentCount":0,"publisher":{"@id":"https:\/\/www.bretzel-liquide.com\/blog\/#\/schema\/person\/16b498860410bff000499934f159633d"},"image":{"@id":"https:\/\/www.bretzel-liquide.com\/blog\/2026\/03\/15\/jour-delections-en-france\/#primaryimage"},"thumbnailUrl":"https:\/\/www.bretzel-liquide.com\/blog\/wp-content\/uploads\/2026\/03\/Yves-Saint-Laurent-Piet-Mondrian-1966-les-femmes-abstraites-1024x1024.jpg","keywords":["\u00e9l\u00e9gance","identit\u00e9","mode","Piet Mondrian","politique","soci\u00e9t\u00e9","v\u00eatements","Yves Saint Laurent"],"articleSection":["Agence France-Brette"],"inLanguage":"fr-FR","potentialAction":[{"@type":"CommentAction","name":"Comment","target":["https:\/\/www.bretzel-liquide.com\/blog\/2026\/03\/15\/jour-delections-en-france\/#respond"]}]},{"@type":"WebPage","@id":"https:\/\/www.bretzel-liquide.com\/blog\/2026\/03\/15\/jour-delections-en-france\/","url":"https:\/\/www.bretzel-liquide.com\/blog\/2026\/03\/15\/jour-delections-en-france\/","name":"jour d'\u00e9lections en France - \u00e0 l&#039;ombre d&#039;un paradoxe en fleur","isPartOf":{"@id":"https:\/\/www.bretzel-liquide.com\/blog\/#website"},"primaryImageOfPage":{"@id":"https:\/\/www.bretzel-liquide.com\/blog\/2026\/03\/15\/jour-delections-en-france\/#primaryimage"},"image":{"@id":"https:\/\/www.bretzel-liquide.com\/blog\/2026\/03\/15\/jour-delections-en-france\/#primaryimage"},"thumbnailUrl":"https:\/\/www.bretzel-liquide.com\/blog\/wp-content\/uploads\/2026\/03\/Yves-Saint-Laurent-Piet-Mondrian-1966-les-femmes-abstraites-1024x1024.jpg","datePublished":"2026-03-15T06:36:35+00:00","description":"jour d'\u00e9lections en France","breadcrumb":{"@id":"https:\/\/www.bretzel-liquide.com\/blog\/2026\/03\/15\/jour-delections-en-france\/#breadcrumb"},"inLanguage":"fr-FR","potentialAction":[{"@type":"ReadAction","target":["https:\/\/www.bretzel-liquide.com\/blog\/2026\/03\/15\/jour-delections-en-france\/"]}]},{"@type":"ImageObject","inLanguage":"fr-FR","@id":"https:\/\/www.bretzel-liquide.com\/blog\/2026\/03\/15\/jour-delections-en-france\/#primaryimage","url":"https:\/\/www.bretzel-liquide.com\/blog\/wp-content\/uploads\/2026\/03\/Yves-Saint-Laurent-Piet-Mondrian-1966-les-femmes-abstraites.jpg","contentUrl":"https:\/\/www.bretzel-liquide.com\/blog\/wp-content\/uploads\/2026\/03\/Yves-Saint-Laurent-Piet-Mondrian-1966-les-femmes-abstraites.jpg","width":1280,"height":1280},{"@type":"BreadcrumbList","@id":"https:\/\/www.bretzel-liquide.com\/blog\/2026\/03\/15\/jour-delections-en-france\/#breadcrumb","itemListElement":[{"@type":"ListItem","position":1,"name":"Accueil","item":"https:\/\/www.bretzel-liquide.com\/blog\/"},{"@type":"ListItem","position":2,"name":"jour d&rsquo;\u00e9lections en France"}]},{"@type":"WebSite","@id":"https:\/\/www.bretzel-liquide.com\/blog\/#website","url":"https:\/\/www.bretzel-liquide.com\/blog\/","name":"\u00e0 l&#039;ombre d&#039;un paradoxe en fleur","description":"la face nord du bretzel liquide : humour absurde, images \u00e9tranges, microblogging","publisher":{"@id":"https:\/\/www.bretzel-liquide.com\/blog\/#\/schema\/person\/16b498860410bff000499934f159633d"},"potentialAction":[{"@type":"SearchAction","target":{"@type":"EntryPoint","urlTemplate":"https:\/\/www.bretzel-liquide.com\/blog\/?s={search_term_string}"},"query-input":{"@type":"PropertyValueSpecification","valueRequired":true,"valueName":"search_term_string"}}],"inLanguage":"fr-FR"},{"@type":["Person","Organization"],"@id":"https:\/\/www.bretzel-liquide.com\/blog\/#\/schema\/person\/16b498860410bff000499934f159633d","name":"Yves Brette","image":{"@type":"ImageObject","inLanguage":"fr-FR","@id":"https:\/\/www.bretzel-liquide.com\/blog\/wp-content\/uploads\/2022\/01\/headerchien.jpg","url":"https:\/\/www.bretzel-liquide.com\/blog\/wp-content\/uploads\/2022\/01\/headerchien.jpg","contentUrl":"https:\/\/www.bretzel-liquide.com\/blog\/wp-content\/uploads\/2022\/01\/headerchien.jpg","width":150,"height":147,"caption":"Yves Brette"},"logo":{"@id":"https:\/\/www.bretzel-liquide.com\/blog\/wp-content\/uploads\/2022\/01\/headerchien.jpg"},"sameAs":["http:\/\/www.bretzel-liquide.com\/blog"],"url":"https:\/\/www.bretzel-liquide.com\/blog\/author\/yves\/"}]}},"_links":{"self":[{"href":"https:\/\/www.bretzel-liquide.com\/blog\/wp-json\/wp\/v2\/posts\/18832","targetHints":{"allow":["GET"]}}],"collection":[{"href":"https:\/\/www.bretzel-liquide.com\/blog\/wp-json\/wp\/v2\/posts"}],"about":[{"href":"https:\/\/www.bretzel-liquide.com\/blog\/wp-json\/wp\/v2\/types\/post"}],"author":[{"embeddable":true,"href":"https:\/\/www.bretzel-liquide.com\/blog\/wp-json\/wp\/v2\/users\/1"}],"replies":[{"embeddable":true,"href":"https:\/\/www.bretzel-liquide.com\/blog\/wp-json\/wp\/v2\/comments?post=18832"}],"version-history":[{"count":1,"href":"https:\/\/www.bretzel-liquide.com\/blog\/wp-json\/wp\/v2\/posts\/18832\/revisions"}],"predecessor-version":[{"id":18834,"href":"https:\/\/www.bretzel-liquide.com\/blog\/wp-json\/wp\/v2\/posts\/18832\/revisions\/18834"}],"wp:attachment":[{"href":"https:\/\/www.bretzel-liquide.com\/blog\/wp-json\/wp\/v2\/media?parent=18832"}],"wp:term":[{"taxonomy":"category","embeddable":true,"href":"https:\/\/www.bretzel-liquide.com\/blog\/wp-json\/wp\/v2\/categories?post=18832"},{"taxonomy":"post_tag","embeddable":true,"href":"https:\/\/www.bretzel-liquide.com\/blog\/wp-json\/wp\/v2\/tags?post=18832"}],"curies":[{"name":"wp","href":"https:\/\/api.w.org\/{rel}","templated":true}]}}