{"id":19920,"date":"2026-04-26T12:47:44","date_gmt":"2026-04-26T10:47:44","guid":{"rendered":"https:\/\/www.bretzel-liquide.com\/blog\/?p=19920"},"modified":"2026-04-26T13:02:45","modified_gmt":"2026-04-26T11:02:45","slug":"le-gouvernement-souhaite-transformer-limage-des-prisons-en-les-rebaptisant-maisons-france-liberte-dici-2027","status":"publish","type":"post","link":"https:\/\/www.bretzel-liquide.com\/blog\/2026\/04\/26\/le-gouvernement-souhaite-transformer-limage-des-prisons-en-les-rebaptisant-maisons-france-liberte-dici-2027\/","title":{"rendered":"Le gouvernement souhaite transformer l\u2019image des prisons en les rebaptisant Maisons France Libert\u00e9 d\u2019ici 2027"},"content":{"rendered":"\n<p>Le gouvernement souhaite transformer l\u2019image des prisons en les rebaptisant Maisons France Libert\u00e9 d\u2019ici 2027<\/p>\n\n\n\n<p>une d\u00e9marche dans la lign\u00e9e de celle pr\u00e9vue pour les EHPAD <\/p>\n\n\n\n<p>En changeant le nom des prisons comme celui des Etablissements d\u2019h\u00e9bergement pour personnes \u00e2g\u00e9es d\u00e9pendantes (qui deviendront des Maisons France Autonomie), l\u2019ex\u00e9cutif esp\u00e8re \u00abchanger le regard sur la d\u00e9tention et le vieillissement\u00bb mais aussi la r\u00e9putation des maisons de retraite ab\u00eem\u00e9e par le scandale Orpea et celle des lieux de privation de libert\u00e9 ternie par les nombreux rapports du CGLPL dont le dernier en date d\u00e9taillait des recommandations urgentes relatives \u00e0 l&rsquo;infirmerie psychiatrique de la pr\u00e9fecture de police de Paris.(<a href=\"https:\/\/www.liberation.fr\/societe\/sante\/adieu-les-ehpad-bonjour-les-maisons-france-autonomie-20260425_CEZVBK2BLVCVDMVVUP6P53C4K4\/\" target=\"_blank\" rel=\"noreferrer noopener\">Lib\u00e9ration<\/a>)<\/p>\n","protected":false},"excerpt":{"rendered":"<p>Le gouvernement souhaite transformer l\u2019image des prisons en les rebaptisant Maisons France Libert\u00e9 d\u2019ici 2027 une d\u00e9marche dans la lign\u00e9e de celle pr\u00e9vue pour les EHPAD En changeant le nom des prisons comme celui des Etablissements d\u2019h\u00e9bergement pour personnes \u00e2g\u00e9es d\u00e9pendantes (qui deviendront des Maisons France Autonomie), l\u2019ex\u00e9cutif esp\u00e8re \u00abchanger le regard sur la d\u00e9tention [&hellip;]<\/p>\n","protected":false},"author":1,"featured_media":0,"comment_status":"open","ping_status":"open","sticky":false,"template":"","format":"standard","meta":{"footnotes":""},"categories":[58,159],"tags":[213,70,1783,5,21],"class_list":["post-19920","post","type-post","status-publish","format-standard","hentry","category-agence-france-brette","category-bretzel-surprise","tag-liberte","tag-politique","tag-prison","tag-societe","tag-vieux"],"yoast_head":"<!-- This site is optimized with the Yoast SEO plugin v27.4 - https:\/\/yoast.com\/product\/yoast-seo-wordpress\/ -->\n<title>Le gouvernement souhaite transformer l\u2019image des prisons en les rebaptisant Maisons France Libert\u00e9 d\u2019ici 2027 - \u00e0 l&#039;ombre d&#039;un paradoxe en fleur<\/title>\n<meta name=\"description\" content=\"Le gouvernement souhaite transformer l\u2019image des prisons en les rebaptisant Maisons France Libert\u00e9 d\u2019ici 2027\" \/>\n<meta name=\"robots\" content=\"index, follow, max-snippet:-1, max-image-preview:large, max-video-preview:-1\" \/>\n<link rel=\"canonical\" href=\"https:\/\/www.bretzel-liquide.com\/blog\/2026\/04\/26\/le-gouvernement-souhaite-transformer-limage-des-prisons-en-les-rebaptisant-maisons-france-liberte-dici-2027\/\" \/>\n<meta property=\"og:locale\" content=\"fr_FR\" \/>\n<meta property=\"og:type\" content=\"article\" \/>\n<meta property=\"og:title\" content=\"Le gouvernement souhaite transformer l\u2019image des prisons en les rebaptisant Maisons France Libert\u00e9 d\u2019ici 2027 - \u00e0 l&#039;ombre d&#039;un paradoxe en fleur\" \/>\n<meta property=\"og:description\" content=\"Le gouvernement souhaite transformer l\u2019image des prisons en les rebaptisant Maisons France Libert\u00e9 d\u2019ici 2027\" \/>\n<meta property=\"og:url\" content=\"https:\/\/www.bretzel-liquide.com\/blog\/2026\/04\/26\/le-gouvernement-souhaite-transformer-limage-des-prisons-en-les-rebaptisant-maisons-france-liberte-dici-2027\/\" \/>\n<meta property=\"og:site_name\" content=\"\u00e0 l&#039;ombre d&#039;un paradoxe en fleur\" \/>\n<meta property=\"article:published_time\" content=\"2026-04-26T10:47:44+00:00\" \/>\n<meta property=\"article:modified_time\" content=\"2026-04-26T11:02:45+00:00\" \/>\n<meta name=\"author\" content=\"Yves Brette\" \/>\n<meta name=\"twitter:card\" content=\"summary_large_image\" \/>\n<meta name=\"twitter:label1\" content=\"\u00c9crit par\" \/>\n\t<meta name=\"twitter:data1\" content=\"Yves Brette\" \/>\n\t<meta name=\"twitter:label2\" content=\"Dur\u00e9e de lecture estim\u00e9e\" \/>\n\t<meta name=\"twitter:data2\" content=\"1 minute\" \/>\n<script type=\"application\/ld+json\" class=\"yoast-schema-graph\">{\"@context\":\"https:\\\/\\\/schema.org\",\"@graph\":[{\"@type\":\"Article\",\"@id\":\"https:\\\/\\\/www.bretzel-liquide.com\\\/blog\\\/2026\\\/04\\\/26\\\/le-gouvernement-souhaite-transformer-limage-des-prisons-en-les-rebaptisant-maisons-france-liberte-dici-2027\\\/#article\",\"isPartOf\":{\"@id\":\"https:\\\/\\\/www.bretzel-liquide.com\\\/blog\\\/2026\\\/04\\\/26\\\/le-gouvernement-souhaite-transformer-limage-des-prisons-en-les-rebaptisant-maisons-france-liberte-dici-2027\\\/\"},\"author\":{\"name\":\"Yves Brette\",\"@id\":\"https:\\\/\\\/www.bretzel-liquide.com\\\/blog\\\/#\\\/schema\\\/person\\\/16b498860410bff000499934f159633d\"},\"headline\":\"Le gouvernement souhaite transformer l\u2019image des prisons en les rebaptisant Maisons France Libert\u00e9 d\u2019ici 2027\",\"datePublished\":\"2026-04-26T10:47:44+00:00\",\"dateModified\":\"2026-04-26T11:02:45+00:00\",\"mainEntityOfPage\":{\"@id\":\"https:\\\/\\\/www.bretzel-liquide.com\\\/blog\\\/2026\\\/04\\\/26\\\/le-gouvernement-souhaite-transformer-limage-des-prisons-en-les-rebaptisant-maisons-france-liberte-dici-2027\\\/\"},\"wordCount\":141,\"commentCount\":0,\"publisher\":{\"@id\":\"https:\\\/\\\/www.bretzel-liquide.com\\\/blog\\\/#\\\/schema\\\/person\\\/16b498860410bff000499934f159633d\"},\"keywords\":[\"libert\u00e9\",\"politique\",\"prison\",\"soci\u00e9t\u00e9\",\"vieux\"],\"articleSection\":[\"Agence France-Brette\",\"bretzel surprise\"],\"inLanguage\":\"fr-FR\",\"potentialAction\":[{\"@type\":\"CommentAction\",\"name\":\"Comment\",\"target\":[\"https:\\\/\\\/www.bretzel-liquide.com\\\/blog\\\/2026\\\/04\\\/26\\\/le-gouvernement-souhaite-transformer-limage-des-prisons-en-les-rebaptisant-maisons-france-liberte-dici-2027\\\/#respond\"]}]},{\"@type\":\"WebPage\",\"@id\":\"https:\\\/\\\/www.bretzel-liquide.com\\\/blog\\\/2026\\\/04\\\/26\\\/le-gouvernement-souhaite-transformer-limage-des-prisons-en-les-rebaptisant-maisons-france-liberte-dici-2027\\\/\",\"url\":\"https:\\\/\\\/www.bretzel-liquide.com\\\/blog\\\/2026\\\/04\\\/26\\\/le-gouvernement-souhaite-transformer-limage-des-prisons-en-les-rebaptisant-maisons-france-liberte-dici-2027\\\/\",\"name\":\"Le gouvernement souhaite transformer l\u2019image des prisons en les rebaptisant Maisons France Libert\u00e9 d\u2019ici 2027 - \u00e0 l&#039;ombre d&#039;un paradoxe en fleur\",\"isPartOf\":{\"@id\":\"https:\\\/\\\/www.bretzel-liquide.com\\\/blog\\\/#website\"},\"datePublished\":\"2026-04-26T10:47:44+00:00\",\"dateModified\":\"2026-04-26T11:02:45+00:00\",\"description\":\"Le gouvernement souhaite transformer l\u2019image des prisons en les rebaptisant Maisons France Libert\u00e9 d\u2019ici 2027\",\"breadcrumb\":{\"@id\":\"https:\\\/\\\/www.bretzel-liquide.com\\\/blog\\\/2026\\\/04\\\/26\\\/le-gouvernement-souhaite-transformer-limage-des-prisons-en-les-rebaptisant-maisons-france-liberte-dici-2027\\\/#breadcrumb\"},\"inLanguage\":\"fr-FR\",\"potentialAction\":[{\"@type\":\"ReadAction\",\"target\":[\"https:\\\/\\\/www.bretzel-liquide.com\\\/blog\\\/2026\\\/04\\\/26\\\/le-gouvernement-souhaite-transformer-limage-des-prisons-en-les-rebaptisant-maisons-france-liberte-dici-2027\\\/\"]}]},{\"@type\":\"BreadcrumbList\",\"@id\":\"https:\\\/\\\/www.bretzel-liquide.com\\\/blog\\\/2026\\\/04\\\/26\\\/le-gouvernement-souhaite-transformer-limage-des-prisons-en-les-rebaptisant-maisons-france-liberte-dici-2027\\\/#breadcrumb\",\"itemListElement\":[{\"@type\":\"ListItem\",\"position\":1,\"name\":\"Accueil\",\"item\":\"https:\\\/\\\/www.bretzel-liquide.com\\\/blog\\\/\"},{\"@type\":\"ListItem\",\"position\":2,\"name\":\"Le gouvernement souhaite transformer l\u2019image des prisons en les rebaptisant Maisons France Libert\u00e9 d\u2019ici 2027\"}]},{\"@type\":\"WebSite\",\"@id\":\"https:\\\/\\\/www.bretzel-liquide.com\\\/blog\\\/#website\",\"url\":\"https:\\\/\\\/www.bretzel-liquide.com\\\/blog\\\/\",\"name\":\"\u00e0 l&#039;ombre d&#039;un paradoxe en fleur\",\"description\":\"la face nord du bretzel liquide : humour absurde, images \u00e9tranges, microblogging\",\"publisher\":{\"@id\":\"https:\\\/\\\/www.bretzel-liquide.com\\\/blog\\\/#\\\/schema\\\/person\\\/16b498860410bff000499934f159633d\"},\"potentialAction\":[{\"@type\":\"SearchAction\",\"target\":{\"@type\":\"EntryPoint\",\"urlTemplate\":\"https:\\\/\\\/www.bretzel-liquide.com\\\/blog\\\/?s={search_term_string}\"},\"query-input\":{\"@type\":\"PropertyValueSpecification\",\"valueRequired\":true,\"valueName\":\"search_term_string\"}}],\"inLanguage\":\"fr-FR\"},{\"@type\":[\"Person\",\"Organization\"],\"@id\":\"https:\\\/\\\/www.bretzel-liquide.com\\\/blog\\\/#\\\/schema\\\/person\\\/16b498860410bff000499934f159633d\",\"name\":\"Yves Brette\",\"image\":{\"@type\":\"ImageObject\",\"inLanguage\":\"fr-FR\",\"@id\":\"https:\\\/\\\/www.bretzel-liquide.com\\\/blog\\\/wp-content\\\/uploads\\\/2022\\\/01\\\/headerchien.jpg\",\"url\":\"https:\\\/\\\/www.bretzel-liquide.com\\\/blog\\\/wp-content\\\/uploads\\\/2022\\\/01\\\/headerchien.jpg\",\"contentUrl\":\"https:\\\/\\\/www.bretzel-liquide.com\\\/blog\\\/wp-content\\\/uploads\\\/2022\\\/01\\\/headerchien.jpg\",\"width\":150,\"height\":147,\"caption\":\"Yves Brette\"},\"logo\":{\"@id\":\"https:\\\/\\\/www.bretzel-liquide.com\\\/blog\\\/wp-content\\\/uploads\\\/2022\\\/01\\\/headerchien.jpg\"},\"sameAs\":[\"http:\\\/\\\/www.bretzel-liquide.com\\\/blog\"],\"url\":\"https:\\\/\\\/www.bretzel-liquide.com\\\/blog\\\/author\\\/yves\\\/\"}]}<\/script>\n<!-- \/ Yoast SEO plugin. -->","yoast_head_json":{"title":"Le gouvernement souhaite transformer l\u2019image des prisons en les rebaptisant Maisons France Libert\u00e9 d\u2019ici 2027 - \u00e0 l&#039;ombre d&#039;un paradoxe en fleur","description":"Le gouvernement souhaite transformer l\u2019image des prisons en les rebaptisant Maisons France Libert\u00e9 d\u2019ici 2027","robots":{"index":"index","follow":"follow","max-snippet":"max-snippet:-1","max-image-preview":"max-image-preview:large","max-video-preview":"max-video-preview:-1"},"canonical":"https:\/\/www.bretzel-liquide.com\/blog\/2026\/04\/26\/le-gouvernement-souhaite-transformer-limage-des-prisons-en-les-rebaptisant-maisons-france-liberte-dici-2027\/","og_locale":"fr_FR","og_type":"article","og_title":"Le gouvernement souhaite transformer l\u2019image des prisons en les rebaptisant Maisons France Libert\u00e9 d\u2019ici 2027 - \u00e0 l&#039;ombre d&#039;un paradoxe en fleur","og_description":"Le gouvernement souhaite transformer l\u2019image des prisons en les rebaptisant Maisons France Libert\u00e9 d\u2019ici 2027","og_url":"https:\/\/www.bretzel-liquide.com\/blog\/2026\/04\/26\/le-gouvernement-souhaite-transformer-limage-des-prisons-en-les-rebaptisant-maisons-france-liberte-dici-2027\/","og_site_name":"\u00e0 l&#039;ombre d&#039;un paradoxe en fleur","article_published_time":"2026-04-26T10:47:44+00:00","article_modified_time":"2026-04-26T11:02:45+00:00","author":"Yves Brette","twitter_card":"summary_large_image","twitter_misc":{"\u00c9crit par":"Yves Brette","Dur\u00e9e de lecture estim\u00e9e":"1 minute"},"schema":{"@context":"https:\/\/schema.org","@graph":[{"@type":"Article","@id":"https:\/\/www.bretzel-liquide.com\/blog\/2026\/04\/26\/le-gouvernement-souhaite-transformer-limage-des-prisons-en-les-rebaptisant-maisons-france-liberte-dici-2027\/#article","isPartOf":{"@id":"https:\/\/www.bretzel-liquide.com\/blog\/2026\/04\/26\/le-gouvernement-souhaite-transformer-limage-des-prisons-en-les-rebaptisant-maisons-france-liberte-dici-2027\/"},"author":{"name":"Yves Brette","@id":"https:\/\/www.bretzel-liquide.com\/blog\/#\/schema\/person\/16b498860410bff000499934f159633d"},"headline":"Le gouvernement souhaite transformer l\u2019image des prisons en les rebaptisant Maisons France Libert\u00e9 d\u2019ici 2027","datePublished":"2026-04-26T10:47:44+00:00","dateModified":"2026-04-26T11:02:45+00:00","mainEntityOfPage":{"@id":"https:\/\/www.bretzel-liquide.com\/blog\/2026\/04\/26\/le-gouvernement-souhaite-transformer-limage-des-prisons-en-les-rebaptisant-maisons-france-liberte-dici-2027\/"},"wordCount":141,"commentCount":0,"publisher":{"@id":"https:\/\/www.bretzel-liquide.com\/blog\/#\/schema\/person\/16b498860410bff000499934f159633d"},"keywords":["libert\u00e9","politique","prison","soci\u00e9t\u00e9","vieux"],"articleSection":["Agence France-Brette","bretzel surprise"],"inLanguage":"fr-FR","potentialAction":[{"@type":"CommentAction","name":"Comment","target":["https:\/\/www.bretzel-liquide.com\/blog\/2026\/04\/26\/le-gouvernement-souhaite-transformer-limage-des-prisons-en-les-rebaptisant-maisons-france-liberte-dici-2027\/#respond"]}]},{"@type":"WebPage","@id":"https:\/\/www.bretzel-liquide.com\/blog\/2026\/04\/26\/le-gouvernement-souhaite-transformer-limage-des-prisons-en-les-rebaptisant-maisons-france-liberte-dici-2027\/","url":"https:\/\/www.bretzel-liquide.com\/blog\/2026\/04\/26\/le-gouvernement-souhaite-transformer-limage-des-prisons-en-les-rebaptisant-maisons-france-liberte-dici-2027\/","name":"Le gouvernement souhaite transformer l\u2019image des prisons en les rebaptisant Maisons France Libert\u00e9 d\u2019ici 2027 - \u00e0 l&#039;ombre d&#039;un paradoxe en fleur","isPartOf":{"@id":"https:\/\/www.bretzel-liquide.com\/blog\/#website"},"datePublished":"2026-04-26T10:47:44+00:00","dateModified":"2026-04-26T11:02:45+00:00","description":"Le gouvernement souhaite transformer l\u2019image des prisons en les rebaptisant Maisons France Libert\u00e9 d\u2019ici 2027","breadcrumb":{"@id":"https:\/\/www.bretzel-liquide.com\/blog\/2026\/04\/26\/le-gouvernement-souhaite-transformer-limage-des-prisons-en-les-rebaptisant-maisons-france-liberte-dici-2027\/#breadcrumb"},"inLanguage":"fr-FR","potentialAction":[{"@type":"ReadAction","target":["https:\/\/www.bretzel-liquide.com\/blog\/2026\/04\/26\/le-gouvernement-souhaite-transformer-limage-des-prisons-en-les-rebaptisant-maisons-france-liberte-dici-2027\/"]}]},{"@type":"BreadcrumbList","@id":"https:\/\/www.bretzel-liquide.com\/blog\/2026\/04\/26\/le-gouvernement-souhaite-transformer-limage-des-prisons-en-les-rebaptisant-maisons-france-liberte-dici-2027\/#breadcrumb","itemListElement":[{"@type":"ListItem","position":1,"name":"Accueil","item":"https:\/\/www.bretzel-liquide.com\/blog\/"},{"@type":"ListItem","position":2,"name":"Le gouvernement souhaite transformer l\u2019image des prisons en les rebaptisant Maisons France Libert\u00e9 d\u2019ici 2027"}]},{"@type":"WebSite","@id":"https:\/\/www.bretzel-liquide.com\/blog\/#website","url":"https:\/\/www.bretzel-liquide.com\/blog\/","name":"\u00e0 l&#039;ombre d&#039;un paradoxe en fleur","description":"la face nord du bretzel liquide : humour absurde, images \u00e9tranges, microblogging","publisher":{"@id":"https:\/\/www.bretzel-liquide.com\/blog\/#\/schema\/person\/16b498860410bff000499934f159633d"},"potentialAction":[{"@type":"SearchAction","target":{"@type":"EntryPoint","urlTemplate":"https:\/\/www.bretzel-liquide.com\/blog\/?s={search_term_string}"},"query-input":{"@type":"PropertyValueSpecification","valueRequired":true,"valueName":"search_term_string"}}],"inLanguage":"fr-FR"},{"@type":["Person","Organization"],"@id":"https:\/\/www.bretzel-liquide.com\/blog\/#\/schema\/person\/16b498860410bff000499934f159633d","name":"Yves Brette","image":{"@type":"ImageObject","inLanguage":"fr-FR","@id":"https:\/\/www.bretzel-liquide.com\/blog\/wp-content\/uploads\/2022\/01\/headerchien.jpg","url":"https:\/\/www.bretzel-liquide.com\/blog\/wp-content\/uploads\/2022\/01\/headerchien.jpg","contentUrl":"https:\/\/www.bretzel-liquide.com\/blog\/wp-content\/uploads\/2022\/01\/headerchien.jpg","width":150,"height":147,"caption":"Yves Brette"},"logo":{"@id":"https:\/\/www.bretzel-liquide.com\/blog\/wp-content\/uploads\/2022\/01\/headerchien.jpg"},"sameAs":["http:\/\/www.bretzel-liquide.com\/blog"],"url":"https:\/\/www.bretzel-liquide.com\/blog\/author\/yves\/"}]}},"_links":{"self":[{"href":"https:\/\/www.bretzel-liquide.com\/blog\/wp-json\/wp\/v2\/posts\/19920","targetHints":{"allow":["GET"]}}],"collection":[{"href":"https:\/\/www.bretzel-liquide.com\/blog\/wp-json\/wp\/v2\/posts"}],"about":[{"href":"https:\/\/www.bretzel-liquide.com\/blog\/wp-json\/wp\/v2\/types\/post"}],"author":[{"embeddable":true,"href":"https:\/\/www.bretzel-liquide.com\/blog\/wp-json\/wp\/v2\/users\/1"}],"replies":[{"embeddable":true,"href":"https:\/\/www.bretzel-liquide.com\/blog\/wp-json\/wp\/v2\/comments?post=19920"}],"version-history":[{"count":2,"href":"https:\/\/www.bretzel-liquide.com\/blog\/wp-json\/wp\/v2\/posts\/19920\/revisions"}],"predecessor-version":[{"id":19922,"href":"https:\/\/www.bretzel-liquide.com\/blog\/wp-json\/wp\/v2\/posts\/19920\/revisions\/19922"}],"wp:attachment":[{"href":"https:\/\/www.bretzel-liquide.com\/blog\/wp-json\/wp\/v2\/media?parent=19920"}],"wp:term":[{"taxonomy":"category","embeddable":true,"href":"https:\/\/www.bretzel-liquide.com\/blog\/wp-json\/wp\/v2\/categories?post=19920"},{"taxonomy":"post_tag","embeddable":true,"href":"https:\/\/www.bretzel-liquide.com\/blog\/wp-json\/wp\/v2\/tags?post=19920"}],"curies":[{"name":"wp","href":"https:\/\/api.w.org\/{rel}","templated":true}]}}