{"id":19994,"date":"2026-04-29T08:29:45","date_gmt":"2026-04-29T06:29:45","guid":{"rendered":"https:\/\/www.bretzel-liquide.com\/blog\/?p=19994"},"modified":"2026-04-29T08:34:47","modified_gmt":"2026-04-29T06:34:47","slug":"quel-parcours-pour-le-defile-du-1er-mai","status":"publish","type":"post","link":"https:\/\/www.bretzel-liquide.com\/blog\/2026\/04\/29\/quel-parcours-pour-le-defile-du-1er-mai\/","title":{"rendered":"quel parcours pour le d\u00e9fil\u00e9 du 1er mai ?"},"content":{"rendered":"\n<figure class=\"wp-block-image size-large\"><a href=\"https:\/\/www.bretzel-liquide.com\/blog\/wp-content\/uploads\/2026\/04\/panneau-sens-interdit-manifestation-1er-mai-greve-sauf-velo.jpg\"><img loading=\"lazy\" decoding=\"async\" width=\"768\" height=\"1024\" src=\"https:\/\/www.bretzel-liquide.com\/blog\/wp-content\/uploads\/2026\/04\/panneau-sens-interdit-manifestation-1er-mai-greve-sauf-velo-768x1024.jpg\" alt=\"panneau sens interdit sur lequel un bras de travailleur brandit la barre blanche horizontale serr\u00e9e dans son poing lev\u00e9\" class=\"wp-image-19995\" srcset=\"https:\/\/www.bretzel-liquide.com\/blog\/wp-content\/uploads\/2026\/04\/panneau-sens-interdit-manifestation-1er-mai-greve-sauf-velo-768x1024.jpg 768w, https:\/\/www.bretzel-liquide.com\/blog\/wp-content\/uploads\/2026\/04\/panneau-sens-interdit-manifestation-1er-mai-greve-sauf-velo-225x300.jpg 225w, https:\/\/www.bretzel-liquide.com\/blog\/wp-content\/uploads\/2026\/04\/panneau-sens-interdit-manifestation-1er-mai-greve-sauf-velo.jpg 1080w\" sizes=\"auto, (max-width: 768px) 100vw, 768px\" \/><\/a><\/figure>\n\n\n\n<p>quel parcours pour le d\u00e9fil\u00e9 du 1er mai ?<\/p>\n\n\n\n<p>alt : panneau sens interdit sur lequel un bras de travailleur brandit la barre blanche horizontale serr\u00e9e dans son poing lev\u00e9 <\/p>\n\n\n\n<p>le 1er\u202fmai n\u2019a jamais \u00e9t\u00e9 qu\u2019un simple jour f\u00e9ri\u00e9, mais un h\u00e9ritage de la lutte ouvri\u00e8re qui est n\u00e9e dans le sang \u00e0 la fin du XIXe si\u00e8cle aux \u00c9tats\u2011Unis, pr\u00e9cis\u00e9ment \u00e0 Chicago (<a href=\"https:\/\/www.ina.fr\/ina-eclaire-actu\/1er-mai-fete-du-travail-jour-ferie-histoire-jour-chome-defile-syndicat\" type=\"link\" id=\"https:\/\/www.ina.fr\/ina-eclaire-actu\/1er-mai-fete-du-travail-jour-ferie-histoire-jour-chome-defile-syndicat\" target=\"_blank\" rel=\"noreferrer noopener\">ina.fr<\/a>)<\/p>\n","protected":false},"excerpt":{"rendered":"<p>quel parcours pour le d\u00e9fil\u00e9 du 1er mai ? alt : panneau sens interdit sur lequel un bras de travailleur brandit la barre blanche horizontale serr\u00e9e dans son poing lev\u00e9 le 1er\u202fmai n\u2019a jamais \u00e9t\u00e9 qu\u2019un simple jour f\u00e9ri\u00e9, mais un h\u00e9ritage de la lutte ouvri\u00e8re qui est n\u00e9e dans le sang \u00e0 la fin [&hellip;]<\/p>\n","protected":false},"author":1,"featured_media":0,"comment_status":"open","ping_status":"open","sticky":false,"template":"","format":"standard","meta":{"footnotes":""},"categories":[58],"tags":[207,4,11,274,96,56],"class_list":["post-19994","post","type-post","status-publish","format-standard","hentry","category-agence-france-brette","tag-manifestation","tag-photo","tag-securite-routiere","tag-street-art","tag-tradition","tag-travail"],"yoast_head":"<!-- This site is optimized with the Yoast SEO plugin v27.5 - https:\/\/yoast.com\/product\/yoast-seo-wordpress\/ -->\n<title>quel parcours pour le d\u00e9fil\u00e9 du 1er mai ? - \u00e0 l&#039;ombre d&#039;un paradoxe en fleur<\/title>\n<meta name=\"description\" content=\"quel parcours pour le d\u00e9fil\u00e9 du 1er mai ?\" \/>\n<meta name=\"robots\" content=\"index, follow, max-snippet:-1, max-image-preview:large, max-video-preview:-1\" \/>\n<link rel=\"canonical\" href=\"https:\/\/www.bretzel-liquide.com\/blog\/2026\/04\/29\/quel-parcours-pour-le-defile-du-1er-mai\/\" \/>\n<meta property=\"og:locale\" content=\"fr_FR\" \/>\n<meta property=\"og:type\" content=\"article\" \/>\n<meta property=\"og:title\" content=\"quel parcours pour le d\u00e9fil\u00e9 du 1er mai ? - \u00e0 l&#039;ombre d&#039;un paradoxe en fleur\" \/>\n<meta property=\"og:description\" content=\"quel parcours pour le d\u00e9fil\u00e9 du 1er mai ?\" \/>\n<meta property=\"og:url\" content=\"https:\/\/www.bretzel-liquide.com\/blog\/2026\/04\/29\/quel-parcours-pour-le-defile-du-1er-mai\/\" \/>\n<meta property=\"og:site_name\" content=\"\u00e0 l&#039;ombre d&#039;un paradoxe en fleur\" \/>\n<meta property=\"article:published_time\" content=\"2026-04-29T06:29:45+00:00\" \/>\n<meta property=\"article:modified_time\" content=\"2026-04-29T06:34:47+00:00\" \/>\n<meta property=\"og:image\" content=\"https:\/\/www.bretzel-liquide.com\/blog\/wp-content\/uploads\/2026\/04\/panneau-sens-interdit-manifestation-1er-mai-greve-sauf-velo.jpg\" \/>\n\t<meta property=\"og:image:width\" content=\"1080\" \/>\n\t<meta property=\"og:image:height\" content=\"1440\" \/>\n\t<meta property=\"og:image:type\" content=\"image\/jpeg\" \/>\n<meta name=\"author\" content=\"Yves Brette\" \/>\n<meta name=\"twitter:card\" content=\"summary_large_image\" \/>\n<meta name=\"twitter:label1\" content=\"\u00c9crit par\" \/>\n\t<meta name=\"twitter:data1\" content=\"Yves Brette\" \/>\n<script type=\"application\/ld+json\" class=\"yoast-schema-graph\">{\"@context\":\"https:\\\/\\\/schema.org\",\"@graph\":[{\"@type\":\"Article\",\"@id\":\"https:\\\/\\\/www.bretzel-liquide.com\\\/blog\\\/2026\\\/04\\\/29\\\/quel-parcours-pour-le-defile-du-1er-mai\\\/#article\",\"isPartOf\":{\"@id\":\"https:\\\/\\\/www.bretzel-liquide.com\\\/blog\\\/2026\\\/04\\\/29\\\/quel-parcours-pour-le-defile-du-1er-mai\\\/\"},\"author\":{\"name\":\"Yves Brette\",\"@id\":\"https:\\\/\\\/www.bretzel-liquide.com\\\/blog\\\/#\\\/schema\\\/person\\\/16b498860410bff000499934f159633d\"},\"headline\":\"quel parcours pour le d\u00e9fil\u00e9 du 1er mai ?\",\"datePublished\":\"2026-04-29T06:29:45+00:00\",\"dateModified\":\"2026-04-29T06:34:47+00:00\",\"mainEntityOfPage\":{\"@id\":\"https:\\\/\\\/www.bretzel-liquide.com\\\/blog\\\/2026\\\/04\\\/29\\\/quel-parcours-pour-le-defile-du-1er-mai\\\/\"},\"wordCount\":83,\"commentCount\":0,\"publisher\":{\"@id\":\"https:\\\/\\\/www.bretzel-liquide.com\\\/blog\\\/#\\\/schema\\\/person\\\/16b498860410bff000499934f159633d\"},\"image\":{\"@id\":\"https:\\\/\\\/www.bretzel-liquide.com\\\/blog\\\/2026\\\/04\\\/29\\\/quel-parcours-pour-le-defile-du-1er-mai\\\/#primaryimage\"},\"thumbnailUrl\":\"https:\\\/\\\/www.bretzel-liquide.com\\\/blog\\\/wp-content\\\/uploads\\\/2026\\\/04\\\/panneau-sens-interdit-manifestation-1er-mai-greve-sauf-velo-768x1024.jpg\",\"keywords\":[\"manifestation\",\"photo\",\"s\u00e9curit\u00e9 routi\u00e8re\",\"street-art\",\"tradition\",\"travail\"],\"articleSection\":[\"Agence France-Brette\"],\"inLanguage\":\"fr-FR\",\"potentialAction\":[{\"@type\":\"CommentAction\",\"name\":\"Comment\",\"target\":[\"https:\\\/\\\/www.bretzel-liquide.com\\\/blog\\\/2026\\\/04\\\/29\\\/quel-parcours-pour-le-defile-du-1er-mai\\\/#respond\"]}]},{\"@type\":\"WebPage\",\"@id\":\"https:\\\/\\\/www.bretzel-liquide.com\\\/blog\\\/2026\\\/04\\\/29\\\/quel-parcours-pour-le-defile-du-1er-mai\\\/\",\"url\":\"https:\\\/\\\/www.bretzel-liquide.com\\\/blog\\\/2026\\\/04\\\/29\\\/quel-parcours-pour-le-defile-du-1er-mai\\\/\",\"name\":\"quel parcours pour le d\u00e9fil\u00e9 du 1er mai ? - \u00e0 l&#039;ombre d&#039;un paradoxe en fleur\",\"isPartOf\":{\"@id\":\"https:\\\/\\\/www.bretzel-liquide.com\\\/blog\\\/#website\"},\"primaryImageOfPage\":{\"@id\":\"https:\\\/\\\/www.bretzel-liquide.com\\\/blog\\\/2026\\\/04\\\/29\\\/quel-parcours-pour-le-defile-du-1er-mai\\\/#primaryimage\"},\"image\":{\"@id\":\"https:\\\/\\\/www.bretzel-liquide.com\\\/blog\\\/2026\\\/04\\\/29\\\/quel-parcours-pour-le-defile-du-1er-mai\\\/#primaryimage\"},\"thumbnailUrl\":\"https:\\\/\\\/www.bretzel-liquide.com\\\/blog\\\/wp-content\\\/uploads\\\/2026\\\/04\\\/panneau-sens-interdit-manifestation-1er-mai-greve-sauf-velo-768x1024.jpg\",\"datePublished\":\"2026-04-29T06:29:45+00:00\",\"dateModified\":\"2026-04-29T06:34:47+00:00\",\"description\":\"quel parcours pour le d\u00e9fil\u00e9 du 1er mai ?\",\"breadcrumb\":{\"@id\":\"https:\\\/\\\/www.bretzel-liquide.com\\\/blog\\\/2026\\\/04\\\/29\\\/quel-parcours-pour-le-defile-du-1er-mai\\\/#breadcrumb\"},\"inLanguage\":\"fr-FR\",\"potentialAction\":[{\"@type\":\"ReadAction\",\"target\":[\"https:\\\/\\\/www.bretzel-liquide.com\\\/blog\\\/2026\\\/04\\\/29\\\/quel-parcours-pour-le-defile-du-1er-mai\\\/\"]}]},{\"@type\":\"ImageObject\",\"inLanguage\":\"fr-FR\",\"@id\":\"https:\\\/\\\/www.bretzel-liquide.com\\\/blog\\\/2026\\\/04\\\/29\\\/quel-parcours-pour-le-defile-du-1er-mai\\\/#primaryimage\",\"url\":\"https:\\\/\\\/www.bretzel-liquide.com\\\/blog\\\/wp-content\\\/uploads\\\/2026\\\/04\\\/panneau-sens-interdit-manifestation-1er-mai-greve-sauf-velo.jpg\",\"contentUrl\":\"https:\\\/\\\/www.bretzel-liquide.com\\\/blog\\\/wp-content\\\/uploads\\\/2026\\\/04\\\/panneau-sens-interdit-manifestation-1er-mai-greve-sauf-velo.jpg\",\"width\":1080,\"height\":1440},{\"@type\":\"BreadcrumbList\",\"@id\":\"https:\\\/\\\/www.bretzel-liquide.com\\\/blog\\\/2026\\\/04\\\/29\\\/quel-parcours-pour-le-defile-du-1er-mai\\\/#breadcrumb\",\"itemListElement\":[{\"@type\":\"ListItem\",\"position\":1,\"name\":\"Accueil\",\"item\":\"https:\\\/\\\/www.bretzel-liquide.com\\\/blog\\\/\"},{\"@type\":\"ListItem\",\"position\":2,\"name\":\"quel parcours pour le d\u00e9fil\u00e9 du 1er mai ?\"}]},{\"@type\":\"WebSite\",\"@id\":\"https:\\\/\\\/www.bretzel-liquide.com\\\/blog\\\/#website\",\"url\":\"https:\\\/\\\/www.bretzel-liquide.com\\\/blog\\\/\",\"name\":\"\u00e0 l&#039;ombre d&#039;un paradoxe en fleur\",\"description\":\"la face nord du bretzel liquide : humour absurde, images \u00e9tranges, microblogging\",\"publisher\":{\"@id\":\"https:\\\/\\\/www.bretzel-liquide.com\\\/blog\\\/#\\\/schema\\\/person\\\/16b498860410bff000499934f159633d\"},\"potentialAction\":[{\"@type\":\"SearchAction\",\"target\":{\"@type\":\"EntryPoint\",\"urlTemplate\":\"https:\\\/\\\/www.bretzel-liquide.com\\\/blog\\\/?s={search_term_string}\"},\"query-input\":{\"@type\":\"PropertyValueSpecification\",\"valueRequired\":true,\"valueName\":\"search_term_string\"}}],\"inLanguage\":\"fr-FR\"},{\"@type\":[\"Person\",\"Organization\"],\"@id\":\"https:\\\/\\\/www.bretzel-liquide.com\\\/blog\\\/#\\\/schema\\\/person\\\/16b498860410bff000499934f159633d\",\"name\":\"Yves Brette\",\"image\":{\"@type\":\"ImageObject\",\"inLanguage\":\"fr-FR\",\"@id\":\"https:\\\/\\\/www.bretzel-liquide.com\\\/blog\\\/wp-content\\\/uploads\\\/2022\\\/01\\\/headerchien.jpg\",\"url\":\"https:\\\/\\\/www.bretzel-liquide.com\\\/blog\\\/wp-content\\\/uploads\\\/2022\\\/01\\\/headerchien.jpg\",\"contentUrl\":\"https:\\\/\\\/www.bretzel-liquide.com\\\/blog\\\/wp-content\\\/uploads\\\/2022\\\/01\\\/headerchien.jpg\",\"width\":150,\"height\":147,\"caption\":\"Yves Brette\"},\"logo\":{\"@id\":\"https:\\\/\\\/www.bretzel-liquide.com\\\/blog\\\/wp-content\\\/uploads\\\/2022\\\/01\\\/headerchien.jpg\"},\"sameAs\":[\"http:\\\/\\\/www.bretzel-liquide.com\\\/blog\"],\"url\":\"https:\\\/\\\/www.bretzel-liquide.com\\\/blog\\\/author\\\/yves\\\/\"}]}<\/script>\n<!-- \/ Yoast SEO plugin. -->","yoast_head_json":{"title":"quel parcours pour le d\u00e9fil\u00e9 du 1er mai ? - \u00e0 l&#039;ombre d&#039;un paradoxe en fleur","description":"quel parcours pour le d\u00e9fil\u00e9 du 1er mai ?","robots":{"index":"index","follow":"follow","max-snippet":"max-snippet:-1","max-image-preview":"max-image-preview:large","max-video-preview":"max-video-preview:-1"},"canonical":"https:\/\/www.bretzel-liquide.com\/blog\/2026\/04\/29\/quel-parcours-pour-le-defile-du-1er-mai\/","og_locale":"fr_FR","og_type":"article","og_title":"quel parcours pour le d\u00e9fil\u00e9 du 1er mai ? - \u00e0 l&#039;ombre d&#039;un paradoxe en fleur","og_description":"quel parcours pour le d\u00e9fil\u00e9 du 1er mai ?","og_url":"https:\/\/www.bretzel-liquide.com\/blog\/2026\/04\/29\/quel-parcours-pour-le-defile-du-1er-mai\/","og_site_name":"\u00e0 l&#039;ombre d&#039;un paradoxe en fleur","article_published_time":"2026-04-29T06:29:45+00:00","article_modified_time":"2026-04-29T06:34:47+00:00","og_image":[{"width":1080,"height":1440,"url":"https:\/\/www.bretzel-liquide.com\/blog\/wp-content\/uploads\/2026\/04\/panneau-sens-interdit-manifestation-1er-mai-greve-sauf-velo.jpg","type":"image\/jpeg"}],"author":"Yves Brette","twitter_card":"summary_large_image","twitter_misc":{"\u00c9crit par":"Yves Brette"},"schema":{"@context":"https:\/\/schema.org","@graph":[{"@type":"Article","@id":"https:\/\/www.bretzel-liquide.com\/blog\/2026\/04\/29\/quel-parcours-pour-le-defile-du-1er-mai\/#article","isPartOf":{"@id":"https:\/\/www.bretzel-liquide.com\/blog\/2026\/04\/29\/quel-parcours-pour-le-defile-du-1er-mai\/"},"author":{"name":"Yves Brette","@id":"https:\/\/www.bretzel-liquide.com\/blog\/#\/schema\/person\/16b498860410bff000499934f159633d"},"headline":"quel parcours pour le d\u00e9fil\u00e9 du 1er mai ?","datePublished":"2026-04-29T06:29:45+00:00","dateModified":"2026-04-29T06:34:47+00:00","mainEntityOfPage":{"@id":"https:\/\/www.bretzel-liquide.com\/blog\/2026\/04\/29\/quel-parcours-pour-le-defile-du-1er-mai\/"},"wordCount":83,"commentCount":0,"publisher":{"@id":"https:\/\/www.bretzel-liquide.com\/blog\/#\/schema\/person\/16b498860410bff000499934f159633d"},"image":{"@id":"https:\/\/www.bretzel-liquide.com\/blog\/2026\/04\/29\/quel-parcours-pour-le-defile-du-1er-mai\/#primaryimage"},"thumbnailUrl":"https:\/\/www.bretzel-liquide.com\/blog\/wp-content\/uploads\/2026\/04\/panneau-sens-interdit-manifestation-1er-mai-greve-sauf-velo-768x1024.jpg","keywords":["manifestation","photo","s\u00e9curit\u00e9 routi\u00e8re","street-art","tradition","travail"],"articleSection":["Agence France-Brette"],"inLanguage":"fr-FR","potentialAction":[{"@type":"CommentAction","name":"Comment","target":["https:\/\/www.bretzel-liquide.com\/blog\/2026\/04\/29\/quel-parcours-pour-le-defile-du-1er-mai\/#respond"]}]},{"@type":"WebPage","@id":"https:\/\/www.bretzel-liquide.com\/blog\/2026\/04\/29\/quel-parcours-pour-le-defile-du-1er-mai\/","url":"https:\/\/www.bretzel-liquide.com\/blog\/2026\/04\/29\/quel-parcours-pour-le-defile-du-1er-mai\/","name":"quel parcours pour le d\u00e9fil\u00e9 du 1er mai ? - \u00e0 l&#039;ombre d&#039;un paradoxe en fleur","isPartOf":{"@id":"https:\/\/www.bretzel-liquide.com\/blog\/#website"},"primaryImageOfPage":{"@id":"https:\/\/www.bretzel-liquide.com\/blog\/2026\/04\/29\/quel-parcours-pour-le-defile-du-1er-mai\/#primaryimage"},"image":{"@id":"https:\/\/www.bretzel-liquide.com\/blog\/2026\/04\/29\/quel-parcours-pour-le-defile-du-1er-mai\/#primaryimage"},"thumbnailUrl":"https:\/\/www.bretzel-liquide.com\/blog\/wp-content\/uploads\/2026\/04\/panneau-sens-interdit-manifestation-1er-mai-greve-sauf-velo-768x1024.jpg","datePublished":"2026-04-29T06:29:45+00:00","dateModified":"2026-04-29T06:34:47+00:00","description":"quel parcours pour le d\u00e9fil\u00e9 du 1er mai ?","breadcrumb":{"@id":"https:\/\/www.bretzel-liquide.com\/blog\/2026\/04\/29\/quel-parcours-pour-le-defile-du-1er-mai\/#breadcrumb"},"inLanguage":"fr-FR","potentialAction":[{"@type":"ReadAction","target":["https:\/\/www.bretzel-liquide.com\/blog\/2026\/04\/29\/quel-parcours-pour-le-defile-du-1er-mai\/"]}]},{"@type":"ImageObject","inLanguage":"fr-FR","@id":"https:\/\/www.bretzel-liquide.com\/blog\/2026\/04\/29\/quel-parcours-pour-le-defile-du-1er-mai\/#primaryimage","url":"https:\/\/www.bretzel-liquide.com\/blog\/wp-content\/uploads\/2026\/04\/panneau-sens-interdit-manifestation-1er-mai-greve-sauf-velo.jpg","contentUrl":"https:\/\/www.bretzel-liquide.com\/blog\/wp-content\/uploads\/2026\/04\/panneau-sens-interdit-manifestation-1er-mai-greve-sauf-velo.jpg","width":1080,"height":1440},{"@type":"BreadcrumbList","@id":"https:\/\/www.bretzel-liquide.com\/blog\/2026\/04\/29\/quel-parcours-pour-le-defile-du-1er-mai\/#breadcrumb","itemListElement":[{"@type":"ListItem","position":1,"name":"Accueil","item":"https:\/\/www.bretzel-liquide.com\/blog\/"},{"@type":"ListItem","position":2,"name":"quel parcours pour le d\u00e9fil\u00e9 du 1er mai ?"}]},{"@type":"WebSite","@id":"https:\/\/www.bretzel-liquide.com\/blog\/#website","url":"https:\/\/www.bretzel-liquide.com\/blog\/","name":"\u00e0 l&#039;ombre d&#039;un paradoxe en fleur","description":"la face nord du bretzel liquide : humour absurde, images \u00e9tranges, microblogging","publisher":{"@id":"https:\/\/www.bretzel-liquide.com\/blog\/#\/schema\/person\/16b498860410bff000499934f159633d"},"potentialAction":[{"@type":"SearchAction","target":{"@type":"EntryPoint","urlTemplate":"https:\/\/www.bretzel-liquide.com\/blog\/?s={search_term_string}"},"query-input":{"@type":"PropertyValueSpecification","valueRequired":true,"valueName":"search_term_string"}}],"inLanguage":"fr-FR"},{"@type":["Person","Organization"],"@id":"https:\/\/www.bretzel-liquide.com\/blog\/#\/schema\/person\/16b498860410bff000499934f159633d","name":"Yves Brette","image":{"@type":"ImageObject","inLanguage":"fr-FR","@id":"https:\/\/www.bretzel-liquide.com\/blog\/wp-content\/uploads\/2022\/01\/headerchien.jpg","url":"https:\/\/www.bretzel-liquide.com\/blog\/wp-content\/uploads\/2022\/01\/headerchien.jpg","contentUrl":"https:\/\/www.bretzel-liquide.com\/blog\/wp-content\/uploads\/2022\/01\/headerchien.jpg","width":150,"height":147,"caption":"Yves Brette"},"logo":{"@id":"https:\/\/www.bretzel-liquide.com\/blog\/wp-content\/uploads\/2022\/01\/headerchien.jpg"},"sameAs":["http:\/\/www.bretzel-liquide.com\/blog"],"url":"https:\/\/www.bretzel-liquide.com\/blog\/author\/yves\/"}]}},"_links":{"self":[{"href":"https:\/\/www.bretzel-liquide.com\/blog\/wp-json\/wp\/v2\/posts\/19994","targetHints":{"allow":["GET"]}}],"collection":[{"href":"https:\/\/www.bretzel-liquide.com\/blog\/wp-json\/wp\/v2\/posts"}],"about":[{"href":"https:\/\/www.bretzel-liquide.com\/blog\/wp-json\/wp\/v2\/types\/post"}],"author":[{"embeddable":true,"href":"https:\/\/www.bretzel-liquide.com\/blog\/wp-json\/wp\/v2\/users\/1"}],"replies":[{"embeddable":true,"href":"https:\/\/www.bretzel-liquide.com\/blog\/wp-json\/wp\/v2\/comments?post=19994"}],"version-history":[{"count":2,"href":"https:\/\/www.bretzel-liquide.com\/blog\/wp-json\/wp\/v2\/posts\/19994\/revisions"}],"predecessor-version":[{"id":19997,"href":"https:\/\/www.bretzel-liquide.com\/blog\/wp-json\/wp\/v2\/posts\/19994\/revisions\/19997"}],"wp:attachment":[{"href":"https:\/\/www.bretzel-liquide.com\/blog\/wp-json\/wp\/v2\/media?parent=19994"}],"wp:term":[{"taxonomy":"category","embeddable":true,"href":"https:\/\/www.bretzel-liquide.com\/blog\/wp-json\/wp\/v2\/categories?post=19994"},{"taxonomy":"post_tag","embeddable":true,"href":"https:\/\/www.bretzel-liquide.com\/blog\/wp-json\/wp\/v2\/tags?post=19994"}],"curies":[{"name":"wp","href":"https:\/\/api.w.org\/{rel}","templated":true}]}}