{"id":2394,"date":"2022-04-12T18:31:09","date_gmt":"2022-04-12T16:31:09","guid":{"rendered":"https:\/\/www.bretzel-liquide.com\/blog\/?p=2394"},"modified":"2022-04-12T18:34:22","modified_gmt":"2022-04-12T16:34:22","slug":"pour-la-retraite-a-65-ans-tapez-b9","status":"publish","type":"post","link":"https:\/\/www.bretzel-liquide.com\/blog\/2022\/04\/12\/pour-la-retraite-a-65-ans-tapez-b9\/","title":{"rendered":"pour la retraite \u00e0 65 ans tapez B9"},"content":{"rendered":"\n<figure class=\"wp-block-image size-large\"><img loading=\"lazy\" decoding=\"async\" width=\"840\" height=\"1024\" src=\"https:\/\/www.bretzel-liquide.com\/blog\/wp-content\/uploads\/2022\/04\/distributeur-travail-pendant-ce-temps-a-la-cafeteria-de-la-World-Company-840x1024.jpg\" alt=\"pour la retraite \u00e0 65 ans tapez B9\" class=\"wp-image-2395\" srcset=\"https:\/\/www.bretzel-liquide.com\/blog\/wp-content\/uploads\/2022\/04\/distributeur-travail-pendant-ce-temps-a-la-cafeteria-de-la-World-Company-840x1024.jpg 840w, https:\/\/www.bretzel-liquide.com\/blog\/wp-content\/uploads\/2022\/04\/distributeur-travail-pendant-ce-temps-a-la-cafeteria-de-la-World-Company-246x300.jpg 246w, https:\/\/www.bretzel-liquide.com\/blog\/wp-content\/uploads\/2022\/04\/distributeur-travail-pendant-ce-temps-a-la-cafeteria-de-la-World-Company-768x937.jpg 768w, https:\/\/www.bretzel-liquide.com\/blog\/wp-content\/uploads\/2022\/04\/distributeur-travail-pendant-ce-temps-a-la-cafeteria-de-la-World-Company.jpg 1080w\" sizes=\"auto, (max-width: 840px) 100vw, 840px\" \/><figcaption>pour la retraite \u00e0 65 ans tapez B9<\/figcaption><\/figure>\n\n\n\n<p>pour la retraite \u00e0 65 ans tapez B9 &#8211; gestion des ressources humaines<\/p>\n\n\n\n<p>R\u00e9forme des retraites : Emmanuel Macron \u00ab\u00a0pr\u00eat \u00e0 bouger\u00a0\u00bb sur le d\u00e9part \u00e0 65 ans, un r\u00e9f\u00e9rendum pas exclu (<a href=\"https:\/\/www.ladepeche.fr\/2022\/04\/11\/presidentielle-emmanuel-macron-confirme-son-projet-de-retraite-a-65-ans-mais-pas-du-jour-au-lendemain-10229802.php\" target=\"_blank\" rel=\"noreferrer noopener\">ladepeche.fr<\/a>)<\/p>\n\n\n\n<p>tag : distributeur automatique de mesures permettant de pr\u00e9server l&rsquo;\u00e9quilibre des comptes de la branche retraite de la s\u00e9curit\u00e9 sociale<\/p>\n","protected":false},"excerpt":{"rendered":"<p>pour la retraite \u00e0 65 ans tapez B9 &#8211; gestion des ressources humaines R\u00e9forme des retraites : Emmanuel Macron \u00ab\u00a0pr\u00eat \u00e0 bouger\u00a0\u00bb sur le d\u00e9part \u00e0 65 ans, un r\u00e9f\u00e9rendum pas exclu (ladepeche.fr) tag : distributeur automatique de mesures permettant de pr\u00e9server l&rsquo;\u00e9quilibre des comptes de la branche retraite de la s\u00e9curit\u00e9 sociale<\/p>\n","protected":false},"author":1,"featured_media":0,"comment_status":"open","ping_status":"open","sticky":false,"template":"","format":"image","meta":{"footnotes":""},"categories":[58],"tags":[67,258,240,194,70,51,5,56],"class_list":["post-2394","post","type-post","status-publish","format-image","hentry","category-agence-france-brette","tag-agence-france-brette","tag-economie","tag-emmanuel-macron","tag-illustration","tag-politique","tag-retraite","tag-societe","tag-travail","post_format-post-format-image"],"yoast_head":"<!-- This site is optimized with the Yoast SEO plugin v27.4 - https:\/\/yoast.com\/product\/yoast-seo-wordpress\/ -->\n<title>pour la retraite \u00e0 65 ans tapez B9 - \u00e0 l&#039;ombre d&#039;un paradoxe en fleur<\/title>\n<meta name=\"description\" content=\"pour la retraite \u00e0 65 ans tapez B9 - gestion des ressources humaines. R\u00e9forme des retraites : Emmanuel Macron &quot;pr\u00eat \u00e0 bouger&quot;\" \/>\n<meta name=\"robots\" content=\"index, follow, max-snippet:-1, max-image-preview:large, max-video-preview:-1\" \/>\n<link rel=\"canonical\" href=\"https:\/\/www.bretzel-liquide.com\/blog\/2022\/04\/12\/pour-la-retraite-a-65-ans-tapez-b9\/\" \/>\n<meta property=\"og:locale\" content=\"fr_FR\" \/>\n<meta property=\"og:type\" content=\"article\" \/>\n<meta property=\"og:title\" content=\"pour la retraite \u00e0 65 ans tapez B9 - \u00e0 l&#039;ombre d&#039;un paradoxe en fleur\" \/>\n<meta property=\"og:description\" content=\"pour la retraite \u00e0 65 ans tapez B9 - gestion des ressources humaines. R\u00e9forme des retraites : Emmanuel Macron &quot;pr\u00eat \u00e0 bouger&quot;\" \/>\n<meta property=\"og:url\" content=\"https:\/\/www.bretzel-liquide.com\/blog\/2022\/04\/12\/pour-la-retraite-a-65-ans-tapez-b9\/\" \/>\n<meta property=\"og:site_name\" content=\"\u00e0 l&#039;ombre d&#039;un paradoxe en fleur\" \/>\n<meta property=\"article:published_time\" content=\"2022-04-12T16:31:09+00:00\" \/>\n<meta property=\"article:modified_time\" content=\"2022-04-12T16:34:22+00:00\" \/>\n<meta property=\"og:image\" content=\"https:\/\/www.bretzel-liquide.com\/blog\/wp-content\/uploads\/2022\/04\/distributeur-travail-pendant-ce-temps-a-la-cafeteria-de-la-World-Company-840x1024.jpg\" \/>\n<meta name=\"author\" content=\"Yves Brette\" \/>\n<meta name=\"twitter:card\" content=\"summary_large_image\" \/>\n<meta name=\"twitter:label1\" content=\"\u00c9crit par\" \/>\n\t<meta name=\"twitter:data1\" content=\"Yves Brette\" \/>\n\t<meta name=\"twitter:label2\" content=\"Dur\u00e9e de lecture estim\u00e9e\" \/>\n\t<meta name=\"twitter:data2\" content=\"1 minute\" \/>\n<script type=\"application\/ld+json\" class=\"yoast-schema-graph\">{\"@context\":\"https:\\\/\\\/schema.org\",\"@graph\":[{\"@type\":\"Article\",\"@id\":\"https:\\\/\\\/www.bretzel-liquide.com\\\/blog\\\/2022\\\/04\\\/12\\\/pour-la-retraite-a-65-ans-tapez-b9\\\/#article\",\"isPartOf\":{\"@id\":\"https:\\\/\\\/www.bretzel-liquide.com\\\/blog\\\/2022\\\/04\\\/12\\\/pour-la-retraite-a-65-ans-tapez-b9\\\/\"},\"author\":{\"name\":\"Yves Brette\",\"@id\":\"https:\\\/\\\/www.bretzel-liquide.com\\\/blog\\\/#\\\/schema\\\/person\\\/16b498860410bff000499934f159633d\"},\"headline\":\"pour la retraite \u00e0 65 ans tapez B9\",\"datePublished\":\"2022-04-12T16:31:09+00:00\",\"dateModified\":\"2022-04-12T16:34:22+00:00\",\"mainEntityOfPage\":{\"@id\":\"https:\\\/\\\/www.bretzel-liquide.com\\\/blog\\\/2022\\\/04\\\/12\\\/pour-la-retraite-a-65-ans-tapez-b9\\\/\"},\"wordCount\":67,\"commentCount\":0,\"publisher\":{\"@id\":\"https:\\\/\\\/www.bretzel-liquide.com\\\/blog\\\/#\\\/schema\\\/person\\\/16b498860410bff000499934f159633d\"},\"image\":{\"@id\":\"https:\\\/\\\/www.bretzel-liquide.com\\\/blog\\\/2022\\\/04\\\/12\\\/pour-la-retraite-a-65-ans-tapez-b9\\\/#primaryimage\"},\"thumbnailUrl\":\"https:\\\/\\\/www.bretzel-liquide.com\\\/blog\\\/wp-content\\\/uploads\\\/2022\\\/04\\\/distributeur-travail-pendant-ce-temps-a-la-cafeteria-de-la-World-Company-840x1024.jpg\",\"keywords\":[\"Agence France-Brette\",\"\u00e9conomie\",\"emmanuel macron\",\"illustration\",\"politique\",\"retraite\",\"soci\u00e9t\u00e9\",\"travail\"],\"articleSection\":[\"Agence France-Brette\"],\"inLanguage\":\"fr-FR\",\"potentialAction\":[{\"@type\":\"CommentAction\",\"name\":\"Comment\",\"target\":[\"https:\\\/\\\/www.bretzel-liquide.com\\\/blog\\\/2022\\\/04\\\/12\\\/pour-la-retraite-a-65-ans-tapez-b9\\\/#respond\"]}]},{\"@type\":\"WebPage\",\"@id\":\"https:\\\/\\\/www.bretzel-liquide.com\\\/blog\\\/2022\\\/04\\\/12\\\/pour-la-retraite-a-65-ans-tapez-b9\\\/\",\"url\":\"https:\\\/\\\/www.bretzel-liquide.com\\\/blog\\\/2022\\\/04\\\/12\\\/pour-la-retraite-a-65-ans-tapez-b9\\\/\",\"name\":\"pour la retraite \u00e0 65 ans tapez B9 - \u00e0 l&#039;ombre d&#039;un paradoxe en fleur\",\"isPartOf\":{\"@id\":\"https:\\\/\\\/www.bretzel-liquide.com\\\/blog\\\/#website\"},\"primaryImageOfPage\":{\"@id\":\"https:\\\/\\\/www.bretzel-liquide.com\\\/blog\\\/2022\\\/04\\\/12\\\/pour-la-retraite-a-65-ans-tapez-b9\\\/#primaryimage\"},\"image\":{\"@id\":\"https:\\\/\\\/www.bretzel-liquide.com\\\/blog\\\/2022\\\/04\\\/12\\\/pour-la-retraite-a-65-ans-tapez-b9\\\/#primaryimage\"},\"thumbnailUrl\":\"https:\\\/\\\/www.bretzel-liquide.com\\\/blog\\\/wp-content\\\/uploads\\\/2022\\\/04\\\/distributeur-travail-pendant-ce-temps-a-la-cafeteria-de-la-World-Company-840x1024.jpg\",\"datePublished\":\"2022-04-12T16:31:09+00:00\",\"dateModified\":\"2022-04-12T16:34:22+00:00\",\"description\":\"pour la retraite \u00e0 65 ans tapez B9 - gestion des ressources humaines. R\u00e9forme des retraites : Emmanuel Macron \\\"pr\u00eat \u00e0 bouger\\\"\",\"breadcrumb\":{\"@id\":\"https:\\\/\\\/www.bretzel-liquide.com\\\/blog\\\/2022\\\/04\\\/12\\\/pour-la-retraite-a-65-ans-tapez-b9\\\/#breadcrumb\"},\"inLanguage\":\"fr-FR\",\"potentialAction\":[{\"@type\":\"ReadAction\",\"target\":[\"https:\\\/\\\/www.bretzel-liquide.com\\\/blog\\\/2022\\\/04\\\/12\\\/pour-la-retraite-a-65-ans-tapez-b9\\\/\"]}]},{\"@type\":\"ImageObject\",\"inLanguage\":\"fr-FR\",\"@id\":\"https:\\\/\\\/www.bretzel-liquide.com\\\/blog\\\/2022\\\/04\\\/12\\\/pour-la-retraite-a-65-ans-tapez-b9\\\/#primaryimage\",\"url\":\"https:\\\/\\\/www.bretzel-liquide.com\\\/blog\\\/wp-content\\\/uploads\\\/2022\\\/04\\\/distributeur-travail-pendant-ce-temps-a-la-cafeteria-de-la-World-Company.jpg\",\"contentUrl\":\"https:\\\/\\\/www.bretzel-liquide.com\\\/blog\\\/wp-content\\\/uploads\\\/2022\\\/04\\\/distributeur-travail-pendant-ce-temps-a-la-cafeteria-de-la-World-Company.jpg\",\"width\":1080,\"height\":1317},{\"@type\":\"BreadcrumbList\",\"@id\":\"https:\\\/\\\/www.bretzel-liquide.com\\\/blog\\\/2022\\\/04\\\/12\\\/pour-la-retraite-a-65-ans-tapez-b9\\\/#breadcrumb\",\"itemListElement\":[{\"@type\":\"ListItem\",\"position\":1,\"name\":\"Accueil\",\"item\":\"https:\\\/\\\/www.bretzel-liquide.com\\\/blog\\\/\"},{\"@type\":\"ListItem\",\"position\":2,\"name\":\"pour la retraite \u00e0 65 ans tapez B9\"}]},{\"@type\":\"WebSite\",\"@id\":\"https:\\\/\\\/www.bretzel-liquide.com\\\/blog\\\/#website\",\"url\":\"https:\\\/\\\/www.bretzel-liquide.com\\\/blog\\\/\",\"name\":\"\u00e0 l&#039;ombre d&#039;un paradoxe en fleur\",\"description\":\"la face nord du bretzel liquide : humour absurde, images \u00e9tranges, microblogging\",\"publisher\":{\"@id\":\"https:\\\/\\\/www.bretzel-liquide.com\\\/blog\\\/#\\\/schema\\\/person\\\/16b498860410bff000499934f159633d\"},\"potentialAction\":[{\"@type\":\"SearchAction\",\"target\":{\"@type\":\"EntryPoint\",\"urlTemplate\":\"https:\\\/\\\/www.bretzel-liquide.com\\\/blog\\\/?s={search_term_string}\"},\"query-input\":{\"@type\":\"PropertyValueSpecification\",\"valueRequired\":true,\"valueName\":\"search_term_string\"}}],\"inLanguage\":\"fr-FR\"},{\"@type\":[\"Person\",\"Organization\"],\"@id\":\"https:\\\/\\\/www.bretzel-liquide.com\\\/blog\\\/#\\\/schema\\\/person\\\/16b498860410bff000499934f159633d\",\"name\":\"Yves Brette\",\"image\":{\"@type\":\"ImageObject\",\"inLanguage\":\"fr-FR\",\"@id\":\"https:\\\/\\\/www.bretzel-liquide.com\\\/blog\\\/wp-content\\\/uploads\\\/2022\\\/01\\\/headerchien.jpg\",\"url\":\"https:\\\/\\\/www.bretzel-liquide.com\\\/blog\\\/wp-content\\\/uploads\\\/2022\\\/01\\\/headerchien.jpg\",\"contentUrl\":\"https:\\\/\\\/www.bretzel-liquide.com\\\/blog\\\/wp-content\\\/uploads\\\/2022\\\/01\\\/headerchien.jpg\",\"width\":150,\"height\":147,\"caption\":\"Yves Brette\"},\"logo\":{\"@id\":\"https:\\\/\\\/www.bretzel-liquide.com\\\/blog\\\/wp-content\\\/uploads\\\/2022\\\/01\\\/headerchien.jpg\"},\"sameAs\":[\"http:\\\/\\\/www.bretzel-liquide.com\\\/blog\"],\"url\":\"https:\\\/\\\/www.bretzel-liquide.com\\\/blog\\\/author\\\/yves\\\/\"}]}<\/script>\n<!-- \/ Yoast SEO plugin. -->","yoast_head_json":{"title":"pour la retraite \u00e0 65 ans tapez B9 - \u00e0 l&#039;ombre d&#039;un paradoxe en fleur","description":"pour la retraite \u00e0 65 ans tapez B9 - gestion des ressources humaines. R\u00e9forme des retraites : Emmanuel Macron \"pr\u00eat \u00e0 bouger\"","robots":{"index":"index","follow":"follow","max-snippet":"max-snippet:-1","max-image-preview":"max-image-preview:large","max-video-preview":"max-video-preview:-1"},"canonical":"https:\/\/www.bretzel-liquide.com\/blog\/2022\/04\/12\/pour-la-retraite-a-65-ans-tapez-b9\/","og_locale":"fr_FR","og_type":"article","og_title":"pour la retraite \u00e0 65 ans tapez B9 - \u00e0 l&#039;ombre d&#039;un paradoxe en fleur","og_description":"pour la retraite \u00e0 65 ans tapez B9 - gestion des ressources humaines. R\u00e9forme des retraites : Emmanuel Macron \"pr\u00eat \u00e0 bouger\"","og_url":"https:\/\/www.bretzel-liquide.com\/blog\/2022\/04\/12\/pour-la-retraite-a-65-ans-tapez-b9\/","og_site_name":"\u00e0 l&#039;ombre d&#039;un paradoxe en fleur","article_published_time":"2022-04-12T16:31:09+00:00","article_modified_time":"2022-04-12T16:34:22+00:00","og_image":[{"url":"https:\/\/www.bretzel-liquide.com\/blog\/wp-content\/uploads\/2022\/04\/distributeur-travail-pendant-ce-temps-a-la-cafeteria-de-la-World-Company-840x1024.jpg","type":"","width":"","height":""}],"author":"Yves Brette","twitter_card":"summary_large_image","twitter_misc":{"\u00c9crit par":"Yves Brette","Dur\u00e9e de lecture estim\u00e9e":"1 minute"},"schema":{"@context":"https:\/\/schema.org","@graph":[{"@type":"Article","@id":"https:\/\/www.bretzel-liquide.com\/blog\/2022\/04\/12\/pour-la-retraite-a-65-ans-tapez-b9\/#article","isPartOf":{"@id":"https:\/\/www.bretzel-liquide.com\/blog\/2022\/04\/12\/pour-la-retraite-a-65-ans-tapez-b9\/"},"author":{"name":"Yves Brette","@id":"https:\/\/www.bretzel-liquide.com\/blog\/#\/schema\/person\/16b498860410bff000499934f159633d"},"headline":"pour la retraite \u00e0 65 ans tapez B9","datePublished":"2022-04-12T16:31:09+00:00","dateModified":"2022-04-12T16:34:22+00:00","mainEntityOfPage":{"@id":"https:\/\/www.bretzel-liquide.com\/blog\/2022\/04\/12\/pour-la-retraite-a-65-ans-tapez-b9\/"},"wordCount":67,"commentCount":0,"publisher":{"@id":"https:\/\/www.bretzel-liquide.com\/blog\/#\/schema\/person\/16b498860410bff000499934f159633d"},"image":{"@id":"https:\/\/www.bretzel-liquide.com\/blog\/2022\/04\/12\/pour-la-retraite-a-65-ans-tapez-b9\/#primaryimage"},"thumbnailUrl":"https:\/\/www.bretzel-liquide.com\/blog\/wp-content\/uploads\/2022\/04\/distributeur-travail-pendant-ce-temps-a-la-cafeteria-de-la-World-Company-840x1024.jpg","keywords":["Agence France-Brette","\u00e9conomie","emmanuel macron","illustration","politique","retraite","soci\u00e9t\u00e9","travail"],"articleSection":["Agence France-Brette"],"inLanguage":"fr-FR","potentialAction":[{"@type":"CommentAction","name":"Comment","target":["https:\/\/www.bretzel-liquide.com\/blog\/2022\/04\/12\/pour-la-retraite-a-65-ans-tapez-b9\/#respond"]}]},{"@type":"WebPage","@id":"https:\/\/www.bretzel-liquide.com\/blog\/2022\/04\/12\/pour-la-retraite-a-65-ans-tapez-b9\/","url":"https:\/\/www.bretzel-liquide.com\/blog\/2022\/04\/12\/pour-la-retraite-a-65-ans-tapez-b9\/","name":"pour la retraite \u00e0 65 ans tapez B9 - \u00e0 l&#039;ombre d&#039;un paradoxe en fleur","isPartOf":{"@id":"https:\/\/www.bretzel-liquide.com\/blog\/#website"},"primaryImageOfPage":{"@id":"https:\/\/www.bretzel-liquide.com\/blog\/2022\/04\/12\/pour-la-retraite-a-65-ans-tapez-b9\/#primaryimage"},"image":{"@id":"https:\/\/www.bretzel-liquide.com\/blog\/2022\/04\/12\/pour-la-retraite-a-65-ans-tapez-b9\/#primaryimage"},"thumbnailUrl":"https:\/\/www.bretzel-liquide.com\/blog\/wp-content\/uploads\/2022\/04\/distributeur-travail-pendant-ce-temps-a-la-cafeteria-de-la-World-Company-840x1024.jpg","datePublished":"2022-04-12T16:31:09+00:00","dateModified":"2022-04-12T16:34:22+00:00","description":"pour la retraite \u00e0 65 ans tapez B9 - gestion des ressources humaines. R\u00e9forme des retraites : Emmanuel Macron \"pr\u00eat \u00e0 bouger\"","breadcrumb":{"@id":"https:\/\/www.bretzel-liquide.com\/blog\/2022\/04\/12\/pour-la-retraite-a-65-ans-tapez-b9\/#breadcrumb"},"inLanguage":"fr-FR","potentialAction":[{"@type":"ReadAction","target":["https:\/\/www.bretzel-liquide.com\/blog\/2022\/04\/12\/pour-la-retraite-a-65-ans-tapez-b9\/"]}]},{"@type":"ImageObject","inLanguage":"fr-FR","@id":"https:\/\/www.bretzel-liquide.com\/blog\/2022\/04\/12\/pour-la-retraite-a-65-ans-tapez-b9\/#primaryimage","url":"https:\/\/www.bretzel-liquide.com\/blog\/wp-content\/uploads\/2022\/04\/distributeur-travail-pendant-ce-temps-a-la-cafeteria-de-la-World-Company.jpg","contentUrl":"https:\/\/www.bretzel-liquide.com\/blog\/wp-content\/uploads\/2022\/04\/distributeur-travail-pendant-ce-temps-a-la-cafeteria-de-la-World-Company.jpg","width":1080,"height":1317},{"@type":"BreadcrumbList","@id":"https:\/\/www.bretzel-liquide.com\/blog\/2022\/04\/12\/pour-la-retraite-a-65-ans-tapez-b9\/#breadcrumb","itemListElement":[{"@type":"ListItem","position":1,"name":"Accueil","item":"https:\/\/www.bretzel-liquide.com\/blog\/"},{"@type":"ListItem","position":2,"name":"pour la retraite \u00e0 65 ans tapez B9"}]},{"@type":"WebSite","@id":"https:\/\/www.bretzel-liquide.com\/blog\/#website","url":"https:\/\/www.bretzel-liquide.com\/blog\/","name":"\u00e0 l&#039;ombre d&#039;un paradoxe en fleur","description":"la face nord du bretzel liquide : humour absurde, images \u00e9tranges, microblogging","publisher":{"@id":"https:\/\/www.bretzel-liquide.com\/blog\/#\/schema\/person\/16b498860410bff000499934f159633d"},"potentialAction":[{"@type":"SearchAction","target":{"@type":"EntryPoint","urlTemplate":"https:\/\/www.bretzel-liquide.com\/blog\/?s={search_term_string}"},"query-input":{"@type":"PropertyValueSpecification","valueRequired":true,"valueName":"search_term_string"}}],"inLanguage":"fr-FR"},{"@type":["Person","Organization"],"@id":"https:\/\/www.bretzel-liquide.com\/blog\/#\/schema\/person\/16b498860410bff000499934f159633d","name":"Yves Brette","image":{"@type":"ImageObject","inLanguage":"fr-FR","@id":"https:\/\/www.bretzel-liquide.com\/blog\/wp-content\/uploads\/2022\/01\/headerchien.jpg","url":"https:\/\/www.bretzel-liquide.com\/blog\/wp-content\/uploads\/2022\/01\/headerchien.jpg","contentUrl":"https:\/\/www.bretzel-liquide.com\/blog\/wp-content\/uploads\/2022\/01\/headerchien.jpg","width":150,"height":147,"caption":"Yves Brette"},"logo":{"@id":"https:\/\/www.bretzel-liquide.com\/blog\/wp-content\/uploads\/2022\/01\/headerchien.jpg"},"sameAs":["http:\/\/www.bretzel-liquide.com\/blog"],"url":"https:\/\/www.bretzel-liquide.com\/blog\/author\/yves\/"}]}},"_links":{"self":[{"href":"https:\/\/www.bretzel-liquide.com\/blog\/wp-json\/wp\/v2\/posts\/2394","targetHints":{"allow":["GET"]}}],"collection":[{"href":"https:\/\/www.bretzel-liquide.com\/blog\/wp-json\/wp\/v2\/posts"}],"about":[{"href":"https:\/\/www.bretzel-liquide.com\/blog\/wp-json\/wp\/v2\/types\/post"}],"author":[{"embeddable":true,"href":"https:\/\/www.bretzel-liquide.com\/blog\/wp-json\/wp\/v2\/users\/1"}],"replies":[{"embeddable":true,"href":"https:\/\/www.bretzel-liquide.com\/blog\/wp-json\/wp\/v2\/comments?post=2394"}],"version-history":[{"count":2,"href":"https:\/\/www.bretzel-liquide.com\/blog\/wp-json\/wp\/v2\/posts\/2394\/revisions"}],"predecessor-version":[{"id":2398,"href":"https:\/\/www.bretzel-liquide.com\/blog\/wp-json\/wp\/v2\/posts\/2394\/revisions\/2398"}],"wp:attachment":[{"href":"https:\/\/www.bretzel-liquide.com\/blog\/wp-json\/wp\/v2\/media?parent=2394"}],"wp:term":[{"taxonomy":"category","embeddable":true,"href":"https:\/\/www.bretzel-liquide.com\/blog\/wp-json\/wp\/v2\/categories?post=2394"},{"taxonomy":"post_tag","embeddable":true,"href":"https:\/\/www.bretzel-liquide.com\/blog\/wp-json\/wp\/v2\/tags?post=2394"}],"curies":[{"name":"wp","href":"https:\/\/api.w.org\/{rel}","templated":true}]}}