{"id":3117,"date":"2022-05-06T07:32:33","date_gmt":"2022-05-06T05:32:33","guid":{"rendered":"https:\/\/www.bretzel-liquide.com\/blog\/?p=3117"},"modified":"2022-05-06T07:34:33","modified_gmt":"2022-05-06T05:34:33","slug":"mon-amie-pierrot","status":"publish","type":"post","link":"https:\/\/www.bretzel-liquide.com\/blog\/2022\/05\/06\/mon-amie-pierrot\/","title":{"rendered":"mon amie Pierrot"},"content":{"rendered":"\n<figure class=\"wp-block-image size-full\"><a href=\"https:\/\/www.bretzel-liquide.com\/blog\/wp-content\/uploads\/2022\/05\/Vincent-Peters-mon-amie-Pierrot.jpg\"><img loading=\"lazy\" decoding=\"async\" width=\"651\" height=\"800\" src=\"https:\/\/www.bretzel-liquide.com\/blog\/wp-content\/uploads\/2022\/05\/Vincent-Peters-mon-amie-Pierrot.jpg\" alt=\"mon amie Pierrot\" class=\"wp-image-3118\" srcset=\"https:\/\/www.bretzel-liquide.com\/blog\/wp-content\/uploads\/2022\/05\/Vincent-Peters-mon-amie-Pierrot.jpg 651w, https:\/\/www.bretzel-liquide.com\/blog\/wp-content\/uploads\/2022\/05\/Vincent-Peters-mon-amie-Pierrot-244x300.jpg 244w\" sizes=\"auto, (max-width: 651px) 100vw, 651px\" \/><\/a><figcaption>mon amie Pierrot<\/figcaption><\/figure>\n\n\n\n<p>mon amie Pierrot &#8211; Vincent Peters<\/p>\n\n\n\n<p>Au clair de la Lune <br>Mon ami Pierrot <br>Pr\u00eate-moi ta plume <br>Pour \u00e9crire un mot <\/p>\n\n\n\n<p><strong>&#8211; Quels sont les photographes qui vous ont influenc\u00e9\u00a0?<\/strong><br>VP :\u00a0Je me sens plus proche des chefs op\u00e9rateurs &#8211; et de l&rsquo;univers du cin\u00e9ma en g\u00e9n\u00e9ral &#8211; que des photographes. J&rsquo;ai beaucoup regard\u00e9 les images de\u00a0<em>Time &amp; Life<\/em>\u00a0et j&rsquo;aime vraiment des photographes comme Richard Avedon, Bruce Davidson, ou Elmut Newton. Mais le travail de quelqu&rsquo;un comme Greg Toland (directeur de la photo entre 1926 et 1948, notamment sur\u00a0<em>Citizen Kane<\/em>), ou de Gordon Willis, dans les ann\u00e9es 70, chef op\u00e9rateur sur\u00a0<em>Le Parrain<\/em>\u00a0par exemple, ou\u00a0<em>Manhattan<\/em>, de Woody Allen, me parle davantage &#8211;\u00a0<em>Manhattan<\/em>\u00a0\u00e9tant, \u00e0 mes yeux, l&rsquo;un des plus beaux films en noir et blanc du cin\u00e9ma.<br>\u00a0<br><strong>&#8211; Vous n&rsquo;\u00eates pas pass\u00e9 par une \u00e9cole de photo ?<\/strong><br>VP :\u00a0Non. \u00c0 17 ans, je me suis fait virer du lyc\u00e9e, en Allemagne. Ma m\u00e8re est donc all\u00e9e m&rsquo;inscrire \u00e0 l&rsquo;\u00e9cole de Beaux-Arts o\u00f9 elle-m\u00eame avait fait ses \u00e9tudes. Par le circuit scolaire normal il fallait 50 points pour \u00eatre admis. Hors scolarit\u00e9, il fallait passer \u00ab\u00a0le test du talent\u00a0\u00bb fix\u00e9 \u00e0 100 points. J&rsquo;ai pass\u00e9 le test. J&rsquo;ai obtenu 99 points. Ma m\u00e8re a insist\u00e9 pour que je sois admis quand m\u00eame, mais le message qu&rsquo;on voulait me faire passer \u00e9tait\u00a0 : \u00ab\u00a0c&rsquo;est bien, mais tu es encore un peu trop jeune pour entrer dans cette \u00e9cole. Il faudra revenir dans quelques ann\u00e9es, quand tu auras m\u00fbri\u00a0\u00bb.<br>Alors en attendant, j&rsquo;ai d\u00e9cid\u00e9 de faire un stage comme assistant de photographe. Le soir de la premi\u00e8re journ\u00e9e de stage &#8211; je me souviens tr\u00e8s bien, on \u00e9tait arr\u00eat\u00e9s \u00e0 un feu rouge &#8211; j&rsquo;ai dit : \u00ab\u00a0Je veux \u00eatre photographe\u00a0\u00bb. Je revois tout. Le feu rouge, la voiture, le photographe\u2026<br>Depuis, rien n&rsquo;a vraiment chang\u00e9. Je ne savais pas trop quoi faire de ma vie, et tout \u00e0 coup, c&rsquo;\u00e9tait \u00e9vident. Je suis devenu photographe. Je me suis achet\u00e9 un appareil photo, un Mamiya RZ, et c&rsquo;est toujours le m\u00eame que j&rsquo;utilise aujourd&rsquo;hui, je shoote toujours en films. Et puis finalement, \u00e0 l&rsquo;\u00e9poque, le photographe m&rsquo;a vir\u00e9 parce que je n&rsquo;y connaissais vraiment rien et que ce n&rsquo;est pas un m\u00e9tier si facile, mais il me restait encore pas mal de temps avant de pouvoir int\u00e9grer l&rsquo;\u00e9cole des Beaux-Arts. Ma m\u00e8re m&rsquo;a donn\u00e9 1000 Deutsche Marks pour aller \u00e0 New-York et essayer de devenir assistant photographe l\u00e0-bas. source : <a href=\"https:\/\/www.processusphoto.com\/interview-40\" target=\"_blank\" rel=\"noreferrer noopener\">processusphoto.com<\/a> <\/p>\n","protected":false},"excerpt":{"rendered":"<p>mon amie Pierrot &#8211; Vincent Peters Au clair de la Lune Mon ami Pierrot Pr\u00eate-moi ta plume Pour \u00e9crire un mot &#8211; Quels sont les photographes qui vous ont influenc\u00e9\u00a0?VP :\u00a0Je me sens plus proche des chefs op\u00e9rateurs &#8211; et de l&rsquo;univers du cin\u00e9ma en g\u00e9n\u00e9ral &#8211; que des photographes. J&rsquo;ai beaucoup regard\u00e9 les images [&hellip;]<\/p>\n","protected":false},"author":1,"featured_media":0,"comment_status":"open","ping_status":"open","sticky":false,"template":"","format":"image","meta":{"footnotes":""},"categories":[9],"tags":[26,40,4],"class_list":["post-3117","post","type-post","status-publish","format-image","hentry","category-ma-brette-zele-tophe","tag-chanson","tag-enfant","tag-photo","post_format-post-format-image"],"yoast_head":"<!-- This site is optimized with the Yoast SEO plugin v27.4 - https:\/\/yoast.com\/product\/yoast-seo-wordpress\/ -->\n<title>mon amie Pierrot - \u00e0 l&#039;ombre d&#039;un paradoxe en fleur<\/title>\n<meta name=\"description\" content=\"mon amie Pierrot - Vincent Peters : Je me sens plus proche des chefs op\u00e9rateurs - et de l&#039;univers du cin\u00e9ma en g\u00e9n\u00e9ral - que des photographes.\" \/>\n<meta name=\"robots\" content=\"index, follow, max-snippet:-1, max-image-preview:large, max-video-preview:-1\" \/>\n<link rel=\"canonical\" href=\"https:\/\/www.bretzel-liquide.com\/blog\/2022\/05\/06\/mon-amie-pierrot\/\" \/>\n<meta property=\"og:locale\" content=\"fr_FR\" \/>\n<meta property=\"og:type\" content=\"article\" \/>\n<meta property=\"og:title\" content=\"mon amie Pierrot - \u00e0 l&#039;ombre d&#039;un paradoxe en fleur\" \/>\n<meta property=\"og:description\" content=\"mon amie Pierrot - Vincent Peters : Je me sens plus proche des chefs op\u00e9rateurs - et de l&#039;univers du cin\u00e9ma en g\u00e9n\u00e9ral - que des photographes.\" \/>\n<meta property=\"og:url\" content=\"https:\/\/www.bretzel-liquide.com\/blog\/2022\/05\/06\/mon-amie-pierrot\/\" \/>\n<meta property=\"og:site_name\" content=\"\u00e0 l&#039;ombre d&#039;un paradoxe en fleur\" \/>\n<meta property=\"article:published_time\" content=\"2022-05-06T05:32:33+00:00\" \/>\n<meta property=\"article:modified_time\" content=\"2022-05-06T05:34:33+00:00\" \/>\n<meta property=\"og:image\" content=\"https:\/\/www.bretzel-liquide.com\/blog\/wp-content\/uploads\/2022\/05\/Vincent-Peters-mon-amie-Pierrot.jpg\" \/>\n<meta name=\"author\" content=\"Yves Brette\" \/>\n<meta name=\"twitter:card\" content=\"summary_large_image\" \/>\n<meta name=\"twitter:label1\" content=\"\u00c9crit par\" \/>\n\t<meta name=\"twitter:data1\" content=\"Yves Brette\" \/>\n\t<meta name=\"twitter:label2\" content=\"Dur\u00e9e de lecture estim\u00e9e\" \/>\n\t<meta name=\"twitter:data2\" content=\"3 minutes\" \/>\n<script type=\"application\/ld+json\" class=\"yoast-schema-graph\">{\"@context\":\"https:\\\/\\\/schema.org\",\"@graph\":[{\"@type\":\"Article\",\"@id\":\"https:\\\/\\\/www.bretzel-liquide.com\\\/blog\\\/2022\\\/05\\\/06\\\/mon-amie-pierrot\\\/#article\",\"isPartOf\":{\"@id\":\"https:\\\/\\\/www.bretzel-liquide.com\\\/blog\\\/2022\\\/05\\\/06\\\/mon-amie-pierrot\\\/\"},\"author\":{\"name\":\"Yves Brette\",\"@id\":\"https:\\\/\\\/www.bretzel-liquide.com\\\/blog\\\/#\\\/schema\\\/person\\\/16b498860410bff000499934f159633d\"},\"headline\":\"mon amie Pierrot\",\"datePublished\":\"2022-05-06T05:32:33+00:00\",\"dateModified\":\"2022-05-06T05:34:33+00:00\",\"mainEntityOfPage\":{\"@id\":\"https:\\\/\\\/www.bretzel-liquide.com\\\/blog\\\/2022\\\/05\\\/06\\\/mon-amie-pierrot\\\/\"},\"wordCount\":454,\"commentCount\":1,\"publisher\":{\"@id\":\"https:\\\/\\\/www.bretzel-liquide.com\\\/blog\\\/#\\\/schema\\\/person\\\/16b498860410bff000499934f159633d\"},\"image\":{\"@id\":\"https:\\\/\\\/www.bretzel-liquide.com\\\/blog\\\/2022\\\/05\\\/06\\\/mon-amie-pierrot\\\/#primaryimage\"},\"thumbnailUrl\":\"https:\\\/\\\/www.bretzel-liquide.com\\\/blog\\\/wp-content\\\/uploads\\\/2022\\\/05\\\/Vincent-Peters-mon-amie-Pierrot.jpg\",\"keywords\":[\"chanson\",\"enfant\",\"photo\"],\"articleSection\":[\"Ma (brette) Z\u00e8le Tophe !\"],\"inLanguage\":\"fr-FR\",\"potentialAction\":[{\"@type\":\"CommentAction\",\"name\":\"Comment\",\"target\":[\"https:\\\/\\\/www.bretzel-liquide.com\\\/blog\\\/2022\\\/05\\\/06\\\/mon-amie-pierrot\\\/#respond\"]}]},{\"@type\":\"WebPage\",\"@id\":\"https:\\\/\\\/www.bretzel-liquide.com\\\/blog\\\/2022\\\/05\\\/06\\\/mon-amie-pierrot\\\/\",\"url\":\"https:\\\/\\\/www.bretzel-liquide.com\\\/blog\\\/2022\\\/05\\\/06\\\/mon-amie-pierrot\\\/\",\"name\":\"mon amie Pierrot - \u00e0 l&#039;ombre d&#039;un paradoxe en fleur\",\"isPartOf\":{\"@id\":\"https:\\\/\\\/www.bretzel-liquide.com\\\/blog\\\/#website\"},\"primaryImageOfPage\":{\"@id\":\"https:\\\/\\\/www.bretzel-liquide.com\\\/blog\\\/2022\\\/05\\\/06\\\/mon-amie-pierrot\\\/#primaryimage\"},\"image\":{\"@id\":\"https:\\\/\\\/www.bretzel-liquide.com\\\/blog\\\/2022\\\/05\\\/06\\\/mon-amie-pierrot\\\/#primaryimage\"},\"thumbnailUrl\":\"https:\\\/\\\/www.bretzel-liquide.com\\\/blog\\\/wp-content\\\/uploads\\\/2022\\\/05\\\/Vincent-Peters-mon-amie-Pierrot.jpg\",\"datePublished\":\"2022-05-06T05:32:33+00:00\",\"dateModified\":\"2022-05-06T05:34:33+00:00\",\"description\":\"mon amie Pierrot - Vincent Peters : Je me sens plus proche des chefs op\u00e9rateurs - et de l'univers du cin\u00e9ma en g\u00e9n\u00e9ral - que des photographes.\",\"breadcrumb\":{\"@id\":\"https:\\\/\\\/www.bretzel-liquide.com\\\/blog\\\/2022\\\/05\\\/06\\\/mon-amie-pierrot\\\/#breadcrumb\"},\"inLanguage\":\"fr-FR\",\"potentialAction\":[{\"@type\":\"ReadAction\",\"target\":[\"https:\\\/\\\/www.bretzel-liquide.com\\\/blog\\\/2022\\\/05\\\/06\\\/mon-amie-pierrot\\\/\"]}]},{\"@type\":\"ImageObject\",\"inLanguage\":\"fr-FR\",\"@id\":\"https:\\\/\\\/www.bretzel-liquide.com\\\/blog\\\/2022\\\/05\\\/06\\\/mon-amie-pierrot\\\/#primaryimage\",\"url\":\"https:\\\/\\\/www.bretzel-liquide.com\\\/blog\\\/wp-content\\\/uploads\\\/2022\\\/05\\\/Vincent-Peters-mon-amie-Pierrot.jpg\",\"contentUrl\":\"https:\\\/\\\/www.bretzel-liquide.com\\\/blog\\\/wp-content\\\/uploads\\\/2022\\\/05\\\/Vincent-Peters-mon-amie-Pierrot.jpg\",\"width\":651,\"height\":800},{\"@type\":\"BreadcrumbList\",\"@id\":\"https:\\\/\\\/www.bretzel-liquide.com\\\/blog\\\/2022\\\/05\\\/06\\\/mon-amie-pierrot\\\/#breadcrumb\",\"itemListElement\":[{\"@type\":\"ListItem\",\"position\":1,\"name\":\"Accueil\",\"item\":\"https:\\\/\\\/www.bretzel-liquide.com\\\/blog\\\/\"},{\"@type\":\"ListItem\",\"position\":2,\"name\":\"mon amie Pierrot\"}]},{\"@type\":\"WebSite\",\"@id\":\"https:\\\/\\\/www.bretzel-liquide.com\\\/blog\\\/#website\",\"url\":\"https:\\\/\\\/www.bretzel-liquide.com\\\/blog\\\/\",\"name\":\"\u00e0 l&#039;ombre d&#039;un paradoxe en fleur\",\"description\":\"la face nord du bretzel liquide : humour absurde, images \u00e9tranges, microblogging\",\"publisher\":{\"@id\":\"https:\\\/\\\/www.bretzel-liquide.com\\\/blog\\\/#\\\/schema\\\/person\\\/16b498860410bff000499934f159633d\"},\"potentialAction\":[{\"@type\":\"SearchAction\",\"target\":{\"@type\":\"EntryPoint\",\"urlTemplate\":\"https:\\\/\\\/www.bretzel-liquide.com\\\/blog\\\/?s={search_term_string}\"},\"query-input\":{\"@type\":\"PropertyValueSpecification\",\"valueRequired\":true,\"valueName\":\"search_term_string\"}}],\"inLanguage\":\"fr-FR\"},{\"@type\":[\"Person\",\"Organization\"],\"@id\":\"https:\\\/\\\/www.bretzel-liquide.com\\\/blog\\\/#\\\/schema\\\/person\\\/16b498860410bff000499934f159633d\",\"name\":\"Yves Brette\",\"image\":{\"@type\":\"ImageObject\",\"inLanguage\":\"fr-FR\",\"@id\":\"https:\\\/\\\/www.bretzel-liquide.com\\\/blog\\\/wp-content\\\/uploads\\\/2022\\\/01\\\/headerchien.jpg\",\"url\":\"https:\\\/\\\/www.bretzel-liquide.com\\\/blog\\\/wp-content\\\/uploads\\\/2022\\\/01\\\/headerchien.jpg\",\"contentUrl\":\"https:\\\/\\\/www.bretzel-liquide.com\\\/blog\\\/wp-content\\\/uploads\\\/2022\\\/01\\\/headerchien.jpg\",\"width\":150,\"height\":147,\"caption\":\"Yves Brette\"},\"logo\":{\"@id\":\"https:\\\/\\\/www.bretzel-liquide.com\\\/blog\\\/wp-content\\\/uploads\\\/2022\\\/01\\\/headerchien.jpg\"},\"sameAs\":[\"http:\\\/\\\/www.bretzel-liquide.com\\\/blog\"],\"url\":\"https:\\\/\\\/www.bretzel-liquide.com\\\/blog\\\/author\\\/yves\\\/\"}]}<\/script>\n<!-- \/ Yoast SEO plugin. -->","yoast_head_json":{"title":"mon amie Pierrot - \u00e0 l&#039;ombre d&#039;un paradoxe en fleur","description":"mon amie Pierrot - Vincent Peters : Je me sens plus proche des chefs op\u00e9rateurs - et de l'univers du cin\u00e9ma en g\u00e9n\u00e9ral - que des photographes.","robots":{"index":"index","follow":"follow","max-snippet":"max-snippet:-1","max-image-preview":"max-image-preview:large","max-video-preview":"max-video-preview:-1"},"canonical":"https:\/\/www.bretzel-liquide.com\/blog\/2022\/05\/06\/mon-amie-pierrot\/","og_locale":"fr_FR","og_type":"article","og_title":"mon amie Pierrot - \u00e0 l&#039;ombre d&#039;un paradoxe en fleur","og_description":"mon amie Pierrot - Vincent Peters : Je me sens plus proche des chefs op\u00e9rateurs - et de l'univers du cin\u00e9ma en g\u00e9n\u00e9ral - que des photographes.","og_url":"https:\/\/www.bretzel-liquide.com\/blog\/2022\/05\/06\/mon-amie-pierrot\/","og_site_name":"\u00e0 l&#039;ombre d&#039;un paradoxe en fleur","article_published_time":"2022-05-06T05:32:33+00:00","article_modified_time":"2022-05-06T05:34:33+00:00","og_image":[{"url":"https:\/\/www.bretzel-liquide.com\/blog\/wp-content\/uploads\/2022\/05\/Vincent-Peters-mon-amie-Pierrot.jpg","type":"","width":"","height":""}],"author":"Yves Brette","twitter_card":"summary_large_image","twitter_misc":{"\u00c9crit par":"Yves Brette","Dur\u00e9e de lecture estim\u00e9e":"3 minutes"},"schema":{"@context":"https:\/\/schema.org","@graph":[{"@type":"Article","@id":"https:\/\/www.bretzel-liquide.com\/blog\/2022\/05\/06\/mon-amie-pierrot\/#article","isPartOf":{"@id":"https:\/\/www.bretzel-liquide.com\/blog\/2022\/05\/06\/mon-amie-pierrot\/"},"author":{"name":"Yves Brette","@id":"https:\/\/www.bretzel-liquide.com\/blog\/#\/schema\/person\/16b498860410bff000499934f159633d"},"headline":"mon amie Pierrot","datePublished":"2022-05-06T05:32:33+00:00","dateModified":"2022-05-06T05:34:33+00:00","mainEntityOfPage":{"@id":"https:\/\/www.bretzel-liquide.com\/blog\/2022\/05\/06\/mon-amie-pierrot\/"},"wordCount":454,"commentCount":1,"publisher":{"@id":"https:\/\/www.bretzel-liquide.com\/blog\/#\/schema\/person\/16b498860410bff000499934f159633d"},"image":{"@id":"https:\/\/www.bretzel-liquide.com\/blog\/2022\/05\/06\/mon-amie-pierrot\/#primaryimage"},"thumbnailUrl":"https:\/\/www.bretzel-liquide.com\/blog\/wp-content\/uploads\/2022\/05\/Vincent-Peters-mon-amie-Pierrot.jpg","keywords":["chanson","enfant","photo"],"articleSection":["Ma (brette) Z\u00e8le Tophe !"],"inLanguage":"fr-FR","potentialAction":[{"@type":"CommentAction","name":"Comment","target":["https:\/\/www.bretzel-liquide.com\/blog\/2022\/05\/06\/mon-amie-pierrot\/#respond"]}]},{"@type":"WebPage","@id":"https:\/\/www.bretzel-liquide.com\/blog\/2022\/05\/06\/mon-amie-pierrot\/","url":"https:\/\/www.bretzel-liquide.com\/blog\/2022\/05\/06\/mon-amie-pierrot\/","name":"mon amie Pierrot - \u00e0 l&#039;ombre d&#039;un paradoxe en fleur","isPartOf":{"@id":"https:\/\/www.bretzel-liquide.com\/blog\/#website"},"primaryImageOfPage":{"@id":"https:\/\/www.bretzel-liquide.com\/blog\/2022\/05\/06\/mon-amie-pierrot\/#primaryimage"},"image":{"@id":"https:\/\/www.bretzel-liquide.com\/blog\/2022\/05\/06\/mon-amie-pierrot\/#primaryimage"},"thumbnailUrl":"https:\/\/www.bretzel-liquide.com\/blog\/wp-content\/uploads\/2022\/05\/Vincent-Peters-mon-amie-Pierrot.jpg","datePublished":"2022-05-06T05:32:33+00:00","dateModified":"2022-05-06T05:34:33+00:00","description":"mon amie Pierrot - Vincent Peters : Je me sens plus proche des chefs op\u00e9rateurs - et de l'univers du cin\u00e9ma en g\u00e9n\u00e9ral - que des photographes.","breadcrumb":{"@id":"https:\/\/www.bretzel-liquide.com\/blog\/2022\/05\/06\/mon-amie-pierrot\/#breadcrumb"},"inLanguage":"fr-FR","potentialAction":[{"@type":"ReadAction","target":["https:\/\/www.bretzel-liquide.com\/blog\/2022\/05\/06\/mon-amie-pierrot\/"]}]},{"@type":"ImageObject","inLanguage":"fr-FR","@id":"https:\/\/www.bretzel-liquide.com\/blog\/2022\/05\/06\/mon-amie-pierrot\/#primaryimage","url":"https:\/\/www.bretzel-liquide.com\/blog\/wp-content\/uploads\/2022\/05\/Vincent-Peters-mon-amie-Pierrot.jpg","contentUrl":"https:\/\/www.bretzel-liquide.com\/blog\/wp-content\/uploads\/2022\/05\/Vincent-Peters-mon-amie-Pierrot.jpg","width":651,"height":800},{"@type":"BreadcrumbList","@id":"https:\/\/www.bretzel-liquide.com\/blog\/2022\/05\/06\/mon-amie-pierrot\/#breadcrumb","itemListElement":[{"@type":"ListItem","position":1,"name":"Accueil","item":"https:\/\/www.bretzel-liquide.com\/blog\/"},{"@type":"ListItem","position":2,"name":"mon amie Pierrot"}]},{"@type":"WebSite","@id":"https:\/\/www.bretzel-liquide.com\/blog\/#website","url":"https:\/\/www.bretzel-liquide.com\/blog\/","name":"\u00e0 l&#039;ombre d&#039;un paradoxe en fleur","description":"la face nord du bretzel liquide : humour absurde, images \u00e9tranges, microblogging","publisher":{"@id":"https:\/\/www.bretzel-liquide.com\/blog\/#\/schema\/person\/16b498860410bff000499934f159633d"},"potentialAction":[{"@type":"SearchAction","target":{"@type":"EntryPoint","urlTemplate":"https:\/\/www.bretzel-liquide.com\/blog\/?s={search_term_string}"},"query-input":{"@type":"PropertyValueSpecification","valueRequired":true,"valueName":"search_term_string"}}],"inLanguage":"fr-FR"},{"@type":["Person","Organization"],"@id":"https:\/\/www.bretzel-liquide.com\/blog\/#\/schema\/person\/16b498860410bff000499934f159633d","name":"Yves Brette","image":{"@type":"ImageObject","inLanguage":"fr-FR","@id":"https:\/\/www.bretzel-liquide.com\/blog\/wp-content\/uploads\/2022\/01\/headerchien.jpg","url":"https:\/\/www.bretzel-liquide.com\/blog\/wp-content\/uploads\/2022\/01\/headerchien.jpg","contentUrl":"https:\/\/www.bretzel-liquide.com\/blog\/wp-content\/uploads\/2022\/01\/headerchien.jpg","width":150,"height":147,"caption":"Yves Brette"},"logo":{"@id":"https:\/\/www.bretzel-liquide.com\/blog\/wp-content\/uploads\/2022\/01\/headerchien.jpg"},"sameAs":["http:\/\/www.bretzel-liquide.com\/blog"],"url":"https:\/\/www.bretzel-liquide.com\/blog\/author\/yves\/"}]}},"_links":{"self":[{"href":"https:\/\/www.bretzel-liquide.com\/blog\/wp-json\/wp\/v2\/posts\/3117","targetHints":{"allow":["GET"]}}],"collection":[{"href":"https:\/\/www.bretzel-liquide.com\/blog\/wp-json\/wp\/v2\/posts"}],"about":[{"href":"https:\/\/www.bretzel-liquide.com\/blog\/wp-json\/wp\/v2\/types\/post"}],"author":[{"embeddable":true,"href":"https:\/\/www.bretzel-liquide.com\/blog\/wp-json\/wp\/v2\/users\/1"}],"replies":[{"embeddable":true,"href":"https:\/\/www.bretzel-liquide.com\/blog\/wp-json\/wp\/v2\/comments?post=3117"}],"version-history":[{"count":3,"href":"https:\/\/www.bretzel-liquide.com\/blog\/wp-json\/wp\/v2\/posts\/3117\/revisions"}],"predecessor-version":[{"id":3123,"href":"https:\/\/www.bretzel-liquide.com\/blog\/wp-json\/wp\/v2\/posts\/3117\/revisions\/3123"}],"wp:attachment":[{"href":"https:\/\/www.bretzel-liquide.com\/blog\/wp-json\/wp\/v2\/media?parent=3117"}],"wp:term":[{"taxonomy":"category","embeddable":true,"href":"https:\/\/www.bretzel-liquide.com\/blog\/wp-json\/wp\/v2\/categories?post=3117"},{"taxonomy":"post_tag","embeddable":true,"href":"https:\/\/www.bretzel-liquide.com\/blog\/wp-json\/wp\/v2\/tags?post=3117"}],"curies":[{"name":"wp","href":"https:\/\/api.w.org\/{rel}","templated":true}]}}