{"id":3230,"date":"2022-05-09T08:04:27","date_gmt":"2022-05-09T06:04:27","guid":{"rendered":"https:\/\/www.bretzel-liquide.com\/blog\/?p=3230"},"modified":"2022-05-09T08:05:36","modified_gmt":"2022-05-09T06:05:36","slug":"maman-est-en-haut","status":"publish","type":"post","link":"https:\/\/www.bretzel-liquide.com\/blog\/2022\/05\/09\/maman-est-en-haut\/","title":{"rendered":"maman est en haut"},"content":{"rendered":"\n<figure class=\"wp-block-image size-large\"><a href=\"https:\/\/www.bretzel-liquide.com\/blog\/wp-content\/uploads\/2022\/05\/Gustav-Klimt-Kunsthistorisches-Museum-Maria-Theresien-Platz-1010-Wien-aufgenommen-am-23.-August-2018-vous-avez-des-questions.jpg\"><img loading=\"lazy\" decoding=\"async\" width=\"683\" height=\"1024\" src=\"https:\/\/www.bretzel-liquide.com\/blog\/wp-content\/uploads\/2022\/05\/Gustav-Klimt-Kunsthistorisches-Museum-Maria-Theresien-Platz-1010-Wien-aufgenommen-am-23.-August-2018-vous-avez-des-questions-683x1024.jpg\" alt=\"maman est en haut\" class=\"wp-image-3231\" srcset=\"https:\/\/www.bretzel-liquide.com\/blog\/wp-content\/uploads\/2022\/05\/Gustav-Klimt-Kunsthistorisches-Museum-Maria-Theresien-Platz-1010-Wien-aufgenommen-am-23.-August-2018-vous-avez-des-questions-683x1024.jpg 683w, https:\/\/www.bretzel-liquide.com\/blog\/wp-content\/uploads\/2022\/05\/Gustav-Klimt-Kunsthistorisches-Museum-Maria-Theresien-Platz-1010-Wien-aufgenommen-am-23.-August-2018-vous-avez-des-questions-200x300.jpg 200w, https:\/\/www.bretzel-liquide.com\/blog\/wp-content\/uploads\/2022\/05\/Gustav-Klimt-Kunsthistorisches-Museum-Maria-Theresien-Platz-1010-Wien-aufgenommen-am-23.-August-2018-vous-avez-des-questions-768x1152.jpg 768w, https:\/\/www.bretzel-liquide.com\/blog\/wp-content\/uploads\/2022\/05\/Gustav-Klimt-Kunsthistorisches-Museum-Maria-Theresien-Platz-1010-Wien-aufgenommen-am-23.-August-2018-vous-avez-des-questions-1024x1536.jpg 1024w, https:\/\/www.bretzel-liquide.com\/blog\/wp-content\/uploads\/2022\/05\/Gustav-Klimt-Kunsthistorisches-Museum-Maria-Theresien-Platz-1010-Wien-aufgenommen-am-23.-August-2018-vous-avez-des-questions.jpg 1067w\" sizes=\"auto, (max-width: 683px) 100vw, 683px\" \/><\/a><figcaption>maman est en haut<\/figcaption><\/figure>\n\n\n\n<p>maman est en haut, qui tient les linteaux &#8211; Gustav Klimt, Kunsthistorisches Museum, Maria Theresien-Platz, 1010 Wien \/ Vienne<\/p>\n","protected":false},"excerpt":{"rendered":"<p>maman est en haut, qui tient les linteaux &#8211; Gustav Klimt, Kunsthistorisches Museum, Maria Theresien-Platz, 1010 Wien \/ Vienne<\/p>\n","protected":false},"author":1,"featured_media":0,"comment_status":"open","ping_status":"open","sticky":false,"template":"","format":"image","meta":{"footnotes":""},"categories":[54],"tags":[26,40,626,85,46],"class_list":["post-3230","post","type-post","status-publish","format-image","hentry","category-art-liquide","tag-chanson","tag-enfant","tag-gustav-klimt","tag-mere","tag-peinture","post_format-post-format-image"],"yoast_head":"<!-- This site is optimized with the Yoast SEO plugin v27.4 - https:\/\/yoast.com\/product\/yoast-seo-wordpress\/ -->\n<title>maman est en haut - \u00e0 l&#039;ombre d&#039;un paradoxe en fleur<\/title>\n<meta name=\"description\" content=\"maman est en haut, qui tient les linteaux - Gustav Klimt Kunsthistorisches Museum, Maria Theresien-Platz, 1010 Wien\" \/>\n<meta name=\"robots\" content=\"index, follow, max-snippet:-1, max-image-preview:large, max-video-preview:-1\" \/>\n<link rel=\"canonical\" href=\"https:\/\/www.bretzel-liquide.com\/blog\/2022\/05\/09\/maman-est-en-haut\/\" \/>\n<meta property=\"og:locale\" content=\"fr_FR\" \/>\n<meta property=\"og:type\" content=\"article\" \/>\n<meta property=\"og:title\" content=\"maman est en haut - \u00e0 l&#039;ombre d&#039;un paradoxe en fleur\" \/>\n<meta property=\"og:description\" content=\"maman est en haut, qui tient les linteaux - Gustav Klimt Kunsthistorisches Museum, Maria Theresien-Platz, 1010 Wien\" \/>\n<meta property=\"og:url\" content=\"https:\/\/www.bretzel-liquide.com\/blog\/2022\/05\/09\/maman-est-en-haut\/\" \/>\n<meta property=\"og:site_name\" content=\"\u00e0 l&#039;ombre d&#039;un paradoxe en fleur\" \/>\n<meta property=\"article:published_time\" content=\"2022-05-09T06:04:27+00:00\" \/>\n<meta property=\"article:modified_time\" content=\"2022-05-09T06:05:36+00:00\" \/>\n<meta property=\"og:image\" content=\"https:\/\/www.bretzel-liquide.com\/blog\/wp-content\/uploads\/2022\/05\/Gustav-Klimt-Kunsthistorisches-Museum-Maria-Theresien-Platz-1010-Wien-aufgenommen-am-23.-August-2018-vous-avez-des-questions-683x1024.jpg\" \/>\n<meta name=\"author\" content=\"Yves Brette\" \/>\n<meta name=\"twitter:card\" content=\"summary_large_image\" \/>\n<meta name=\"twitter:label1\" content=\"\u00c9crit par\" \/>\n\t<meta name=\"twitter:data1\" content=\"Yves Brette\" \/>\n\t<meta name=\"twitter:label2\" content=\"Dur\u00e9e de lecture estim\u00e9e\" \/>\n\t<meta name=\"twitter:data2\" content=\"1 minute\" \/>\n<script type=\"application\/ld+json\" class=\"yoast-schema-graph\">{\"@context\":\"https:\\\/\\\/schema.org\",\"@graph\":[{\"@type\":\"Article\",\"@id\":\"https:\\\/\\\/www.bretzel-liquide.com\\\/blog\\\/2022\\\/05\\\/09\\\/maman-est-en-haut\\\/#article\",\"isPartOf\":{\"@id\":\"https:\\\/\\\/www.bretzel-liquide.com\\\/blog\\\/2022\\\/05\\\/09\\\/maman-est-en-haut\\\/\"},\"author\":{\"name\":\"Yves Brette\",\"@id\":\"https:\\\/\\\/www.bretzel-liquide.com\\\/blog\\\/#\\\/schema\\\/person\\\/16b498860410bff000499934f159633d\"},\"headline\":\"maman est en haut\",\"datePublished\":\"2022-05-09T06:04:27+00:00\",\"dateModified\":\"2022-05-09T06:05:36+00:00\",\"mainEntityOfPage\":{\"@id\":\"https:\\\/\\\/www.bretzel-liquide.com\\\/blog\\\/2022\\\/05\\\/09\\\/maman-est-en-haut\\\/\"},\"wordCount\":25,\"commentCount\":0,\"publisher\":{\"@id\":\"https:\\\/\\\/www.bretzel-liquide.com\\\/blog\\\/#\\\/schema\\\/person\\\/16b498860410bff000499934f159633d\"},\"image\":{\"@id\":\"https:\\\/\\\/www.bretzel-liquide.com\\\/blog\\\/2022\\\/05\\\/09\\\/maman-est-en-haut\\\/#primaryimage\"},\"thumbnailUrl\":\"https:\\\/\\\/www.bretzel-liquide.com\\\/blog\\\/wp-content\\\/uploads\\\/2022\\\/05\\\/Gustav-Klimt-Kunsthistorisches-Museum-Maria-Theresien-Platz-1010-Wien-aufgenommen-am-23.-August-2018-vous-avez-des-questions-683x1024.jpg\",\"keywords\":[\"chanson\",\"enfant\",\"Gustav Klimt\",\"m\u00e8re\",\"peinture\"],\"articleSection\":[\"art liquide\"],\"inLanguage\":\"fr-FR\",\"potentialAction\":[{\"@type\":\"CommentAction\",\"name\":\"Comment\",\"target\":[\"https:\\\/\\\/www.bretzel-liquide.com\\\/blog\\\/2022\\\/05\\\/09\\\/maman-est-en-haut\\\/#respond\"]}]},{\"@type\":\"WebPage\",\"@id\":\"https:\\\/\\\/www.bretzel-liquide.com\\\/blog\\\/2022\\\/05\\\/09\\\/maman-est-en-haut\\\/\",\"url\":\"https:\\\/\\\/www.bretzel-liquide.com\\\/blog\\\/2022\\\/05\\\/09\\\/maman-est-en-haut\\\/\",\"name\":\"maman est en haut - \u00e0 l&#039;ombre d&#039;un paradoxe en fleur\",\"isPartOf\":{\"@id\":\"https:\\\/\\\/www.bretzel-liquide.com\\\/blog\\\/#website\"},\"primaryImageOfPage\":{\"@id\":\"https:\\\/\\\/www.bretzel-liquide.com\\\/blog\\\/2022\\\/05\\\/09\\\/maman-est-en-haut\\\/#primaryimage\"},\"image\":{\"@id\":\"https:\\\/\\\/www.bretzel-liquide.com\\\/blog\\\/2022\\\/05\\\/09\\\/maman-est-en-haut\\\/#primaryimage\"},\"thumbnailUrl\":\"https:\\\/\\\/www.bretzel-liquide.com\\\/blog\\\/wp-content\\\/uploads\\\/2022\\\/05\\\/Gustav-Klimt-Kunsthistorisches-Museum-Maria-Theresien-Platz-1010-Wien-aufgenommen-am-23.-August-2018-vous-avez-des-questions-683x1024.jpg\",\"datePublished\":\"2022-05-09T06:04:27+00:00\",\"dateModified\":\"2022-05-09T06:05:36+00:00\",\"description\":\"maman est en haut, qui tient les linteaux - Gustav Klimt Kunsthistorisches Museum, Maria Theresien-Platz, 1010 Wien\",\"breadcrumb\":{\"@id\":\"https:\\\/\\\/www.bretzel-liquide.com\\\/blog\\\/2022\\\/05\\\/09\\\/maman-est-en-haut\\\/#breadcrumb\"},\"inLanguage\":\"fr-FR\",\"potentialAction\":[{\"@type\":\"ReadAction\",\"target\":[\"https:\\\/\\\/www.bretzel-liquide.com\\\/blog\\\/2022\\\/05\\\/09\\\/maman-est-en-haut\\\/\"]}]},{\"@type\":\"ImageObject\",\"inLanguage\":\"fr-FR\",\"@id\":\"https:\\\/\\\/www.bretzel-liquide.com\\\/blog\\\/2022\\\/05\\\/09\\\/maman-est-en-haut\\\/#primaryimage\",\"url\":\"https:\\\/\\\/www.bretzel-liquide.com\\\/blog\\\/wp-content\\\/uploads\\\/2022\\\/05\\\/Gustav-Klimt-Kunsthistorisches-Museum-Maria-Theresien-Platz-1010-Wien-aufgenommen-am-23.-August-2018-vous-avez-des-questions.jpg\",\"contentUrl\":\"https:\\\/\\\/www.bretzel-liquide.com\\\/blog\\\/wp-content\\\/uploads\\\/2022\\\/05\\\/Gustav-Klimt-Kunsthistorisches-Museum-Maria-Theresien-Platz-1010-Wien-aufgenommen-am-23.-August-2018-vous-avez-des-questions.jpg\",\"width\":1067,\"height\":1600},{\"@type\":\"BreadcrumbList\",\"@id\":\"https:\\\/\\\/www.bretzel-liquide.com\\\/blog\\\/2022\\\/05\\\/09\\\/maman-est-en-haut\\\/#breadcrumb\",\"itemListElement\":[{\"@type\":\"ListItem\",\"position\":1,\"name\":\"Accueil\",\"item\":\"https:\\\/\\\/www.bretzel-liquide.com\\\/blog\\\/\"},{\"@type\":\"ListItem\",\"position\":2,\"name\":\"maman est en haut\"}]},{\"@type\":\"WebSite\",\"@id\":\"https:\\\/\\\/www.bretzel-liquide.com\\\/blog\\\/#website\",\"url\":\"https:\\\/\\\/www.bretzel-liquide.com\\\/blog\\\/\",\"name\":\"\u00e0 l&#039;ombre d&#039;un paradoxe en fleur\",\"description\":\"la face nord du bretzel liquide : humour absurde, images \u00e9tranges, microblogging\",\"publisher\":{\"@id\":\"https:\\\/\\\/www.bretzel-liquide.com\\\/blog\\\/#\\\/schema\\\/person\\\/16b498860410bff000499934f159633d\"},\"potentialAction\":[{\"@type\":\"SearchAction\",\"target\":{\"@type\":\"EntryPoint\",\"urlTemplate\":\"https:\\\/\\\/www.bretzel-liquide.com\\\/blog\\\/?s={search_term_string}\"},\"query-input\":{\"@type\":\"PropertyValueSpecification\",\"valueRequired\":true,\"valueName\":\"search_term_string\"}}],\"inLanguage\":\"fr-FR\"},{\"@type\":[\"Person\",\"Organization\"],\"@id\":\"https:\\\/\\\/www.bretzel-liquide.com\\\/blog\\\/#\\\/schema\\\/person\\\/16b498860410bff000499934f159633d\",\"name\":\"Yves Brette\",\"image\":{\"@type\":\"ImageObject\",\"inLanguage\":\"fr-FR\",\"@id\":\"https:\\\/\\\/www.bretzel-liquide.com\\\/blog\\\/wp-content\\\/uploads\\\/2022\\\/01\\\/headerchien.jpg\",\"url\":\"https:\\\/\\\/www.bretzel-liquide.com\\\/blog\\\/wp-content\\\/uploads\\\/2022\\\/01\\\/headerchien.jpg\",\"contentUrl\":\"https:\\\/\\\/www.bretzel-liquide.com\\\/blog\\\/wp-content\\\/uploads\\\/2022\\\/01\\\/headerchien.jpg\",\"width\":150,\"height\":147,\"caption\":\"Yves Brette\"},\"logo\":{\"@id\":\"https:\\\/\\\/www.bretzel-liquide.com\\\/blog\\\/wp-content\\\/uploads\\\/2022\\\/01\\\/headerchien.jpg\"},\"sameAs\":[\"http:\\\/\\\/www.bretzel-liquide.com\\\/blog\"],\"url\":\"https:\\\/\\\/www.bretzel-liquide.com\\\/blog\\\/author\\\/yves\\\/\"}]}<\/script>\n<!-- \/ Yoast SEO plugin. -->","yoast_head_json":{"title":"maman est en haut - \u00e0 l&#039;ombre d&#039;un paradoxe en fleur","description":"maman est en haut, qui tient les linteaux - Gustav Klimt Kunsthistorisches Museum, Maria Theresien-Platz, 1010 Wien","robots":{"index":"index","follow":"follow","max-snippet":"max-snippet:-1","max-image-preview":"max-image-preview:large","max-video-preview":"max-video-preview:-1"},"canonical":"https:\/\/www.bretzel-liquide.com\/blog\/2022\/05\/09\/maman-est-en-haut\/","og_locale":"fr_FR","og_type":"article","og_title":"maman est en haut - \u00e0 l&#039;ombre d&#039;un paradoxe en fleur","og_description":"maman est en haut, qui tient les linteaux - Gustav Klimt Kunsthistorisches Museum, Maria Theresien-Platz, 1010 Wien","og_url":"https:\/\/www.bretzel-liquide.com\/blog\/2022\/05\/09\/maman-est-en-haut\/","og_site_name":"\u00e0 l&#039;ombre d&#039;un paradoxe en fleur","article_published_time":"2022-05-09T06:04:27+00:00","article_modified_time":"2022-05-09T06:05:36+00:00","og_image":[{"url":"https:\/\/www.bretzel-liquide.com\/blog\/wp-content\/uploads\/2022\/05\/Gustav-Klimt-Kunsthistorisches-Museum-Maria-Theresien-Platz-1010-Wien-aufgenommen-am-23.-August-2018-vous-avez-des-questions-683x1024.jpg","type":"","width":"","height":""}],"author":"Yves Brette","twitter_card":"summary_large_image","twitter_misc":{"\u00c9crit par":"Yves Brette","Dur\u00e9e de lecture estim\u00e9e":"1 minute"},"schema":{"@context":"https:\/\/schema.org","@graph":[{"@type":"Article","@id":"https:\/\/www.bretzel-liquide.com\/blog\/2022\/05\/09\/maman-est-en-haut\/#article","isPartOf":{"@id":"https:\/\/www.bretzel-liquide.com\/blog\/2022\/05\/09\/maman-est-en-haut\/"},"author":{"name":"Yves Brette","@id":"https:\/\/www.bretzel-liquide.com\/blog\/#\/schema\/person\/16b498860410bff000499934f159633d"},"headline":"maman est en haut","datePublished":"2022-05-09T06:04:27+00:00","dateModified":"2022-05-09T06:05:36+00:00","mainEntityOfPage":{"@id":"https:\/\/www.bretzel-liquide.com\/blog\/2022\/05\/09\/maman-est-en-haut\/"},"wordCount":25,"commentCount":0,"publisher":{"@id":"https:\/\/www.bretzel-liquide.com\/blog\/#\/schema\/person\/16b498860410bff000499934f159633d"},"image":{"@id":"https:\/\/www.bretzel-liquide.com\/blog\/2022\/05\/09\/maman-est-en-haut\/#primaryimage"},"thumbnailUrl":"https:\/\/www.bretzel-liquide.com\/blog\/wp-content\/uploads\/2022\/05\/Gustav-Klimt-Kunsthistorisches-Museum-Maria-Theresien-Platz-1010-Wien-aufgenommen-am-23.-August-2018-vous-avez-des-questions-683x1024.jpg","keywords":["chanson","enfant","Gustav Klimt","m\u00e8re","peinture"],"articleSection":["art liquide"],"inLanguage":"fr-FR","potentialAction":[{"@type":"CommentAction","name":"Comment","target":["https:\/\/www.bretzel-liquide.com\/blog\/2022\/05\/09\/maman-est-en-haut\/#respond"]}]},{"@type":"WebPage","@id":"https:\/\/www.bretzel-liquide.com\/blog\/2022\/05\/09\/maman-est-en-haut\/","url":"https:\/\/www.bretzel-liquide.com\/blog\/2022\/05\/09\/maman-est-en-haut\/","name":"maman est en haut - \u00e0 l&#039;ombre d&#039;un paradoxe en fleur","isPartOf":{"@id":"https:\/\/www.bretzel-liquide.com\/blog\/#website"},"primaryImageOfPage":{"@id":"https:\/\/www.bretzel-liquide.com\/blog\/2022\/05\/09\/maman-est-en-haut\/#primaryimage"},"image":{"@id":"https:\/\/www.bretzel-liquide.com\/blog\/2022\/05\/09\/maman-est-en-haut\/#primaryimage"},"thumbnailUrl":"https:\/\/www.bretzel-liquide.com\/blog\/wp-content\/uploads\/2022\/05\/Gustav-Klimt-Kunsthistorisches-Museum-Maria-Theresien-Platz-1010-Wien-aufgenommen-am-23.-August-2018-vous-avez-des-questions-683x1024.jpg","datePublished":"2022-05-09T06:04:27+00:00","dateModified":"2022-05-09T06:05:36+00:00","description":"maman est en haut, qui tient les linteaux - Gustav Klimt Kunsthistorisches Museum, Maria Theresien-Platz, 1010 Wien","breadcrumb":{"@id":"https:\/\/www.bretzel-liquide.com\/blog\/2022\/05\/09\/maman-est-en-haut\/#breadcrumb"},"inLanguage":"fr-FR","potentialAction":[{"@type":"ReadAction","target":["https:\/\/www.bretzel-liquide.com\/blog\/2022\/05\/09\/maman-est-en-haut\/"]}]},{"@type":"ImageObject","inLanguage":"fr-FR","@id":"https:\/\/www.bretzel-liquide.com\/blog\/2022\/05\/09\/maman-est-en-haut\/#primaryimage","url":"https:\/\/www.bretzel-liquide.com\/blog\/wp-content\/uploads\/2022\/05\/Gustav-Klimt-Kunsthistorisches-Museum-Maria-Theresien-Platz-1010-Wien-aufgenommen-am-23.-August-2018-vous-avez-des-questions.jpg","contentUrl":"https:\/\/www.bretzel-liquide.com\/blog\/wp-content\/uploads\/2022\/05\/Gustav-Klimt-Kunsthistorisches-Museum-Maria-Theresien-Platz-1010-Wien-aufgenommen-am-23.-August-2018-vous-avez-des-questions.jpg","width":1067,"height":1600},{"@type":"BreadcrumbList","@id":"https:\/\/www.bretzel-liquide.com\/blog\/2022\/05\/09\/maman-est-en-haut\/#breadcrumb","itemListElement":[{"@type":"ListItem","position":1,"name":"Accueil","item":"https:\/\/www.bretzel-liquide.com\/blog\/"},{"@type":"ListItem","position":2,"name":"maman est en haut"}]},{"@type":"WebSite","@id":"https:\/\/www.bretzel-liquide.com\/blog\/#website","url":"https:\/\/www.bretzel-liquide.com\/blog\/","name":"\u00e0 l&#039;ombre d&#039;un paradoxe en fleur","description":"la face nord du bretzel liquide : humour absurde, images \u00e9tranges, microblogging","publisher":{"@id":"https:\/\/www.bretzel-liquide.com\/blog\/#\/schema\/person\/16b498860410bff000499934f159633d"},"potentialAction":[{"@type":"SearchAction","target":{"@type":"EntryPoint","urlTemplate":"https:\/\/www.bretzel-liquide.com\/blog\/?s={search_term_string}"},"query-input":{"@type":"PropertyValueSpecification","valueRequired":true,"valueName":"search_term_string"}}],"inLanguage":"fr-FR"},{"@type":["Person","Organization"],"@id":"https:\/\/www.bretzel-liquide.com\/blog\/#\/schema\/person\/16b498860410bff000499934f159633d","name":"Yves Brette","image":{"@type":"ImageObject","inLanguage":"fr-FR","@id":"https:\/\/www.bretzel-liquide.com\/blog\/wp-content\/uploads\/2022\/01\/headerchien.jpg","url":"https:\/\/www.bretzel-liquide.com\/blog\/wp-content\/uploads\/2022\/01\/headerchien.jpg","contentUrl":"https:\/\/www.bretzel-liquide.com\/blog\/wp-content\/uploads\/2022\/01\/headerchien.jpg","width":150,"height":147,"caption":"Yves Brette"},"logo":{"@id":"https:\/\/www.bretzel-liquide.com\/blog\/wp-content\/uploads\/2022\/01\/headerchien.jpg"},"sameAs":["http:\/\/www.bretzel-liquide.com\/blog"],"url":"https:\/\/www.bretzel-liquide.com\/blog\/author\/yves\/"}]}},"_links":{"self":[{"href":"https:\/\/www.bretzel-liquide.com\/blog\/wp-json\/wp\/v2\/posts\/3230","targetHints":{"allow":["GET"]}}],"collection":[{"href":"https:\/\/www.bretzel-liquide.com\/blog\/wp-json\/wp\/v2\/posts"}],"about":[{"href":"https:\/\/www.bretzel-liquide.com\/blog\/wp-json\/wp\/v2\/types\/post"}],"author":[{"embeddable":true,"href":"https:\/\/www.bretzel-liquide.com\/blog\/wp-json\/wp\/v2\/users\/1"}],"replies":[{"embeddable":true,"href":"https:\/\/www.bretzel-liquide.com\/blog\/wp-json\/wp\/v2\/comments?post=3230"}],"version-history":[{"count":2,"href":"https:\/\/www.bretzel-liquide.com\/blog\/wp-json\/wp\/v2\/posts\/3230\/revisions"}],"predecessor-version":[{"id":3233,"href":"https:\/\/www.bretzel-liquide.com\/blog\/wp-json\/wp\/v2\/posts\/3230\/revisions\/3233"}],"wp:attachment":[{"href":"https:\/\/www.bretzel-liquide.com\/blog\/wp-json\/wp\/v2\/media?parent=3230"}],"wp:term":[{"taxonomy":"category","embeddable":true,"href":"https:\/\/www.bretzel-liquide.com\/blog\/wp-json\/wp\/v2\/categories?post=3230"},{"taxonomy":"post_tag","embeddable":true,"href":"https:\/\/www.bretzel-liquide.com\/blog\/wp-json\/wp\/v2\/tags?post=3230"}],"curies":[{"name":"wp","href":"https:\/\/api.w.org\/{rel}","templated":true}]}}