{"id":4328,"date":"2022-06-10T07:38:11","date_gmt":"2022-06-10T05:38:11","guid":{"rendered":"https:\/\/www.bretzel-liquide.com\/blog\/?p=4328"},"modified":"2026-03-17T11:20:32","modified_gmt":"2026-03-17T10:20:32","slug":"les-jeunes-filles-en-fleurs","status":"publish","type":"post","link":"https:\/\/www.bretzel-liquide.com\/blog\/2022\/06\/10\/les-jeunes-filles-en-fleurs\/","title":{"rendered":"les jeunes filles en fleurs"},"content":{"rendered":"\n<figure class=\"wp-block-image size-large\"><a href=\"https:\/\/www.bretzel-liquide.com\/blog\/wp-content\/uploads\/2022\/06\/Anna-Ajtner-les-jeunes-filles-en-fleurs.jpg\"><img loading=\"lazy\" decoding=\"async\" width=\"1024\" height=\"1024\" src=\"https:\/\/www.bretzel-liquide.com\/blog\/wp-content\/uploads\/2022\/06\/Anna-Ajtner-les-jeunes-filles-en-fleurs-1024x1024.jpg\" alt=\"les jeunes filles en fleurs\" class=\"wp-image-4329\" srcset=\"https:\/\/www.bretzel-liquide.com\/blog\/wp-content\/uploads\/2022\/06\/Anna-Ajtner-les-jeunes-filles-en-fleurs-1024x1024.jpg 1024w, https:\/\/www.bretzel-liquide.com\/blog\/wp-content\/uploads\/2022\/06\/Anna-Ajtner-les-jeunes-filles-en-fleurs-300x300.jpg 300w, https:\/\/www.bretzel-liquide.com\/blog\/wp-content\/uploads\/2022\/06\/Anna-Ajtner-les-jeunes-filles-en-fleurs-150x150.jpg 150w, https:\/\/www.bretzel-liquide.com\/blog\/wp-content\/uploads\/2022\/06\/Anna-Ajtner-les-jeunes-filles-en-fleurs-768x768.jpg 768w, https:\/\/www.bretzel-liquide.com\/blog\/wp-content\/uploads\/2022\/06\/Anna-Ajtner-les-jeunes-filles-en-fleurs.jpg 1200w\" sizes=\"auto, (max-width: 1024px) 100vw, 1024px\" \/><\/a><figcaption class=\"wp-element-caption\">les jeunes filles en fleurs<\/figcaption><\/figure>\n\n\n\n<p>les jeunes filles en fleurs &#8211; <a href=\"https:\/\/www.facebook.com\/profile.php?id=100063620888049\" target=\"_blank\" rel=\"noreferrer noopener\">Anna Ajtner<\/a><\/p>\n\n\n\n<blockquote class=\"wp-block-quote is-layout-flow wp-block-quote-is-layout-flow\">\n<p>Ma\u00a0m\u00e8re, quand il fut question d\u2019avoir pour la premi\u00e8re fois M. de Norpois \u00e0 d\u00eener, ayant exprim\u00e9 le regret que le Professeur Cottard f\u00fbt en voyage et qu\u2019elle-m\u00eame e\u00fbt enti\u00e8rement cess\u00e9 de fr\u00e9quenter Swann, car l\u2019un et l\u2019autre eussent sans doute int\u00e9ress\u00e9 l\u2019ancien ambassadeur, mon p\u00e8re r\u00e9pondit qu\u2019un convive \u00e9minent, un savant illustre, comme Cottard, ne pouvait jamais mal faire dans un d\u00eener, mais que Swann, avec son ostentation, avec sa mani\u00e8re de crier sur les toits ses moindres relations, \u00e9tait un vulgaire esbroufeur que le Marquis de Norpois e\u00fbt sans doute trouv\u00e9, selon son expression, \u00ab\u00a0puant\u00a0\u00bb.<\/p>\n<cite>texte int\u00e9gral sur : <br>Marcel Proust<br>\u00c0 la recherche du temps perdu&nbsp;(1919)<br><small><a href=\"https:\/\/fr.wikisource.org\/wiki\/%C3%80_l%E2%80%99ombre_des_jeunes_filles_en_fleurs\" target=\"_blank\" rel=\"noreferrer noopener\">\u00c0 l\u2019ombre<\/a><\/small><br>Gallimard,&nbsp;1919. <\/cite><\/blockquote>\n\n\n\n<p>autres publications bretzel liquide tagu\u00e9es <a href=\"https:\/\/www.yves.brette.biz\/?q=Anna+Ajtner&amp;q-submit=ok\">Anna Ajtner<\/a><\/p>\n","protected":false},"excerpt":{"rendered":"<p>les jeunes filles en fleurs &#8211; Anna Ajtner Ma\u00a0m\u00e8re, quand il fut question d\u2019avoir pour la premi\u00e8re fois M. de Norpois \u00e0 d\u00eener, ayant exprim\u00e9 le regret que le Professeur Cottard f\u00fbt en voyage et qu\u2019elle-m\u00eame e\u00fbt enti\u00e8rement cess\u00e9 de fr\u00e9quenter Swann, car l\u2019un et l\u2019autre eussent sans doute int\u00e9ress\u00e9 l\u2019ancien ambassadeur, mon p\u00e8re r\u00e9pondit [&hellip;]<\/p>\n","protected":false},"author":1,"featured_media":0,"comment_status":"open","ping_status":"open","sticky":false,"template":"","format":"standard","meta":{"footnotes":""},"categories":[24],"tags":[788,151,254,789,4],"class_list":["post-4328","post","type-post","status-publish","format-standard","hentry","category-laura-des-paquerettes","tag-anna-ajtner","tag-fleur","tag-litterature","tag-marcel-proust","tag-photo"],"yoast_head":"<!-- This site is optimized with the Yoast SEO plugin v27.5 - https:\/\/yoast.com\/product\/yoast-seo-wordpress\/ -->\n<title>les jeunes filles en fleurs - \u00e0 l&#039;ombre d&#039;un paradoxe en fleur<\/title>\n<meta name=\"description\" content=\"les jeunes filles en fleurs - Anna Ajtner \/ Marcel Proust, \u00c0 la recherche du temps perdu\u00a0(1919) Ma\u00a0m\u00e8re, quand il fut question\" \/>\n<meta name=\"robots\" content=\"index, follow, max-snippet:-1, max-image-preview:large, max-video-preview:-1\" \/>\n<link rel=\"canonical\" href=\"https:\/\/www.bretzel-liquide.com\/blog\/2022\/06\/10\/les-jeunes-filles-en-fleurs\/\" \/>\n<meta property=\"og:locale\" content=\"fr_FR\" \/>\n<meta property=\"og:type\" content=\"article\" \/>\n<meta property=\"og:title\" content=\"les jeunes filles en fleurs - \u00e0 l&#039;ombre d&#039;un paradoxe en fleur\" \/>\n<meta property=\"og:description\" content=\"les jeunes filles en fleurs - Anna Ajtner \/ Marcel Proust, \u00c0 la recherche du temps perdu\u00a0(1919) Ma\u00a0m\u00e8re, quand il fut question\" \/>\n<meta property=\"og:url\" content=\"https:\/\/www.bretzel-liquide.com\/blog\/2022\/06\/10\/les-jeunes-filles-en-fleurs\/\" \/>\n<meta property=\"og:site_name\" content=\"\u00e0 l&#039;ombre d&#039;un paradoxe en fleur\" \/>\n<meta property=\"article:published_time\" content=\"2022-06-10T05:38:11+00:00\" \/>\n<meta property=\"article:modified_time\" content=\"2026-03-17T10:20:32+00:00\" \/>\n<meta property=\"og:image\" content=\"https:\/\/www.bretzel-liquide.com\/blog\/wp-content\/uploads\/2022\/06\/Anna-Ajtner-les-jeunes-filles-en-fleurs.jpg\" \/>\n\t<meta property=\"og:image:width\" content=\"1200\" \/>\n\t<meta property=\"og:image:height\" content=\"1200\" \/>\n\t<meta property=\"og:image:type\" content=\"image\/jpeg\" \/>\n<meta name=\"author\" content=\"Yves Brette\" \/>\n<meta name=\"twitter:card\" content=\"summary_large_image\" \/>\n<meta name=\"twitter:label1\" content=\"\u00c9crit par\" \/>\n\t<meta name=\"twitter:data1\" content=\"Yves Brette\" \/>\n\t<meta name=\"twitter:label2\" content=\"Dur\u00e9e de lecture estim\u00e9e\" \/>\n\t<meta name=\"twitter:data2\" content=\"1 minute\" \/>\n<script type=\"application\/ld+json\" class=\"yoast-schema-graph\">{\"@context\":\"https:\\\/\\\/schema.org\",\"@graph\":[{\"@type\":\"Article\",\"@id\":\"https:\\\/\\\/www.bretzel-liquide.com\\\/blog\\\/2022\\\/06\\\/10\\\/les-jeunes-filles-en-fleurs\\\/#article\",\"isPartOf\":{\"@id\":\"https:\\\/\\\/www.bretzel-liquide.com\\\/blog\\\/2022\\\/06\\\/10\\\/les-jeunes-filles-en-fleurs\\\/\"},\"author\":{\"name\":\"Yves Brette\",\"@id\":\"https:\\\/\\\/www.bretzel-liquide.com\\\/blog\\\/#\\\/schema\\\/person\\\/16b498860410bff000499934f159633d\"},\"headline\":\"les jeunes filles en fleurs\",\"datePublished\":\"2022-06-10T05:38:11+00:00\",\"dateModified\":\"2026-03-17T10:20:32+00:00\",\"mainEntityOfPage\":{\"@id\":\"https:\\\/\\\/www.bretzel-liquide.com\\\/blog\\\/2022\\\/06\\\/10\\\/les-jeunes-filles-en-fleurs\\\/\"},\"wordCount\":159,\"commentCount\":0,\"publisher\":{\"@id\":\"https:\\\/\\\/www.bretzel-liquide.com\\\/blog\\\/#\\\/schema\\\/person\\\/16b498860410bff000499934f159633d\"},\"image\":{\"@id\":\"https:\\\/\\\/www.bretzel-liquide.com\\\/blog\\\/2022\\\/06\\\/10\\\/les-jeunes-filles-en-fleurs\\\/#primaryimage\"},\"thumbnailUrl\":\"https:\\\/\\\/www.bretzel-liquide.com\\\/blog\\\/wp-content\\\/uploads\\\/2022\\\/06\\\/Anna-Ajtner-les-jeunes-filles-en-fleurs-1024x1024.jpg\",\"keywords\":[\"Anna Ajtner\",\"fleur\",\"litt\u00e9rature\",\"Marcel Proust\",\"photo\"],\"articleSection\":[\"l'aura des p\u00e2querettes\"],\"inLanguage\":\"fr-FR\",\"potentialAction\":[{\"@type\":\"CommentAction\",\"name\":\"Comment\",\"target\":[\"https:\\\/\\\/www.bretzel-liquide.com\\\/blog\\\/2022\\\/06\\\/10\\\/les-jeunes-filles-en-fleurs\\\/#respond\"]}]},{\"@type\":\"WebPage\",\"@id\":\"https:\\\/\\\/www.bretzel-liquide.com\\\/blog\\\/2022\\\/06\\\/10\\\/les-jeunes-filles-en-fleurs\\\/\",\"url\":\"https:\\\/\\\/www.bretzel-liquide.com\\\/blog\\\/2022\\\/06\\\/10\\\/les-jeunes-filles-en-fleurs\\\/\",\"name\":\"les jeunes filles en fleurs - \u00e0 l&#039;ombre d&#039;un paradoxe en fleur\",\"isPartOf\":{\"@id\":\"https:\\\/\\\/www.bretzel-liquide.com\\\/blog\\\/#website\"},\"primaryImageOfPage\":{\"@id\":\"https:\\\/\\\/www.bretzel-liquide.com\\\/blog\\\/2022\\\/06\\\/10\\\/les-jeunes-filles-en-fleurs\\\/#primaryimage\"},\"image\":{\"@id\":\"https:\\\/\\\/www.bretzel-liquide.com\\\/blog\\\/2022\\\/06\\\/10\\\/les-jeunes-filles-en-fleurs\\\/#primaryimage\"},\"thumbnailUrl\":\"https:\\\/\\\/www.bretzel-liquide.com\\\/blog\\\/wp-content\\\/uploads\\\/2022\\\/06\\\/Anna-Ajtner-les-jeunes-filles-en-fleurs-1024x1024.jpg\",\"datePublished\":\"2022-06-10T05:38:11+00:00\",\"dateModified\":\"2026-03-17T10:20:32+00:00\",\"description\":\"les jeunes filles en fleurs - Anna Ajtner \\\/ Marcel Proust, \u00c0 la recherche du temps perdu\u00a0(1919) Ma\u00a0m\u00e8re, quand il fut question\",\"breadcrumb\":{\"@id\":\"https:\\\/\\\/www.bretzel-liquide.com\\\/blog\\\/2022\\\/06\\\/10\\\/les-jeunes-filles-en-fleurs\\\/#breadcrumb\"},\"inLanguage\":\"fr-FR\",\"potentialAction\":[{\"@type\":\"ReadAction\",\"target\":[\"https:\\\/\\\/www.bretzel-liquide.com\\\/blog\\\/2022\\\/06\\\/10\\\/les-jeunes-filles-en-fleurs\\\/\"]}]},{\"@type\":\"ImageObject\",\"inLanguage\":\"fr-FR\",\"@id\":\"https:\\\/\\\/www.bretzel-liquide.com\\\/blog\\\/2022\\\/06\\\/10\\\/les-jeunes-filles-en-fleurs\\\/#primaryimage\",\"url\":\"https:\\\/\\\/www.bretzel-liquide.com\\\/blog\\\/wp-content\\\/uploads\\\/2022\\\/06\\\/Anna-Ajtner-les-jeunes-filles-en-fleurs.jpg\",\"contentUrl\":\"https:\\\/\\\/www.bretzel-liquide.com\\\/blog\\\/wp-content\\\/uploads\\\/2022\\\/06\\\/Anna-Ajtner-les-jeunes-filles-en-fleurs.jpg\",\"width\":1200,\"height\":1200},{\"@type\":\"BreadcrumbList\",\"@id\":\"https:\\\/\\\/www.bretzel-liquide.com\\\/blog\\\/2022\\\/06\\\/10\\\/les-jeunes-filles-en-fleurs\\\/#breadcrumb\",\"itemListElement\":[{\"@type\":\"ListItem\",\"position\":1,\"name\":\"Accueil\",\"item\":\"https:\\\/\\\/www.bretzel-liquide.com\\\/blog\\\/\"},{\"@type\":\"ListItem\",\"position\":2,\"name\":\"les jeunes filles en fleurs\"}]},{\"@type\":\"WebSite\",\"@id\":\"https:\\\/\\\/www.bretzel-liquide.com\\\/blog\\\/#website\",\"url\":\"https:\\\/\\\/www.bretzel-liquide.com\\\/blog\\\/\",\"name\":\"\u00e0 l&#039;ombre d&#039;un paradoxe en fleur\",\"description\":\"la face nord du bretzel liquide : humour absurde, images \u00e9tranges, microblogging\",\"publisher\":{\"@id\":\"https:\\\/\\\/www.bretzel-liquide.com\\\/blog\\\/#\\\/schema\\\/person\\\/16b498860410bff000499934f159633d\"},\"potentialAction\":[{\"@type\":\"SearchAction\",\"target\":{\"@type\":\"EntryPoint\",\"urlTemplate\":\"https:\\\/\\\/www.bretzel-liquide.com\\\/blog\\\/?s={search_term_string}\"},\"query-input\":{\"@type\":\"PropertyValueSpecification\",\"valueRequired\":true,\"valueName\":\"search_term_string\"}}],\"inLanguage\":\"fr-FR\"},{\"@type\":[\"Person\",\"Organization\"],\"@id\":\"https:\\\/\\\/www.bretzel-liquide.com\\\/blog\\\/#\\\/schema\\\/person\\\/16b498860410bff000499934f159633d\",\"name\":\"Yves Brette\",\"image\":{\"@type\":\"ImageObject\",\"inLanguage\":\"fr-FR\",\"@id\":\"https:\\\/\\\/www.bretzel-liquide.com\\\/blog\\\/wp-content\\\/uploads\\\/2022\\\/01\\\/headerchien.jpg\",\"url\":\"https:\\\/\\\/www.bretzel-liquide.com\\\/blog\\\/wp-content\\\/uploads\\\/2022\\\/01\\\/headerchien.jpg\",\"contentUrl\":\"https:\\\/\\\/www.bretzel-liquide.com\\\/blog\\\/wp-content\\\/uploads\\\/2022\\\/01\\\/headerchien.jpg\",\"width\":150,\"height\":147,\"caption\":\"Yves Brette\"},\"logo\":{\"@id\":\"https:\\\/\\\/www.bretzel-liquide.com\\\/blog\\\/wp-content\\\/uploads\\\/2022\\\/01\\\/headerchien.jpg\"},\"sameAs\":[\"http:\\\/\\\/www.bretzel-liquide.com\\\/blog\"],\"url\":\"https:\\\/\\\/www.bretzel-liquide.com\\\/blog\\\/author\\\/yves\\\/\"}]}<\/script>\n<!-- \/ Yoast SEO plugin. -->","yoast_head_json":{"title":"les jeunes filles en fleurs - \u00e0 l&#039;ombre d&#039;un paradoxe en fleur","description":"les jeunes filles en fleurs - Anna Ajtner \/ Marcel Proust, \u00c0 la recherche du temps perdu\u00a0(1919) Ma\u00a0m\u00e8re, quand il fut question","robots":{"index":"index","follow":"follow","max-snippet":"max-snippet:-1","max-image-preview":"max-image-preview:large","max-video-preview":"max-video-preview:-1"},"canonical":"https:\/\/www.bretzel-liquide.com\/blog\/2022\/06\/10\/les-jeunes-filles-en-fleurs\/","og_locale":"fr_FR","og_type":"article","og_title":"les jeunes filles en fleurs - \u00e0 l&#039;ombre d&#039;un paradoxe en fleur","og_description":"les jeunes filles en fleurs - Anna Ajtner \/ Marcel Proust, \u00c0 la recherche du temps perdu\u00a0(1919) Ma\u00a0m\u00e8re, quand il fut question","og_url":"https:\/\/www.bretzel-liquide.com\/blog\/2022\/06\/10\/les-jeunes-filles-en-fleurs\/","og_site_name":"\u00e0 l&#039;ombre d&#039;un paradoxe en fleur","article_published_time":"2022-06-10T05:38:11+00:00","article_modified_time":"2026-03-17T10:20:32+00:00","og_image":[{"width":1200,"height":1200,"url":"https:\/\/www.bretzel-liquide.com\/blog\/wp-content\/uploads\/2022\/06\/Anna-Ajtner-les-jeunes-filles-en-fleurs.jpg","type":"image\/jpeg"}],"author":"Yves Brette","twitter_card":"summary_large_image","twitter_misc":{"\u00c9crit par":"Yves Brette","Dur\u00e9e de lecture estim\u00e9e":"1 minute"},"schema":{"@context":"https:\/\/schema.org","@graph":[{"@type":"Article","@id":"https:\/\/www.bretzel-liquide.com\/blog\/2022\/06\/10\/les-jeunes-filles-en-fleurs\/#article","isPartOf":{"@id":"https:\/\/www.bretzel-liquide.com\/blog\/2022\/06\/10\/les-jeunes-filles-en-fleurs\/"},"author":{"name":"Yves Brette","@id":"https:\/\/www.bretzel-liquide.com\/blog\/#\/schema\/person\/16b498860410bff000499934f159633d"},"headline":"les jeunes filles en fleurs","datePublished":"2022-06-10T05:38:11+00:00","dateModified":"2026-03-17T10:20:32+00:00","mainEntityOfPage":{"@id":"https:\/\/www.bretzel-liquide.com\/blog\/2022\/06\/10\/les-jeunes-filles-en-fleurs\/"},"wordCount":159,"commentCount":0,"publisher":{"@id":"https:\/\/www.bretzel-liquide.com\/blog\/#\/schema\/person\/16b498860410bff000499934f159633d"},"image":{"@id":"https:\/\/www.bretzel-liquide.com\/blog\/2022\/06\/10\/les-jeunes-filles-en-fleurs\/#primaryimage"},"thumbnailUrl":"https:\/\/www.bretzel-liquide.com\/blog\/wp-content\/uploads\/2022\/06\/Anna-Ajtner-les-jeunes-filles-en-fleurs-1024x1024.jpg","keywords":["Anna Ajtner","fleur","litt\u00e9rature","Marcel Proust","photo"],"articleSection":["l'aura des p\u00e2querettes"],"inLanguage":"fr-FR","potentialAction":[{"@type":"CommentAction","name":"Comment","target":["https:\/\/www.bretzel-liquide.com\/blog\/2022\/06\/10\/les-jeunes-filles-en-fleurs\/#respond"]}]},{"@type":"WebPage","@id":"https:\/\/www.bretzel-liquide.com\/blog\/2022\/06\/10\/les-jeunes-filles-en-fleurs\/","url":"https:\/\/www.bretzel-liquide.com\/blog\/2022\/06\/10\/les-jeunes-filles-en-fleurs\/","name":"les jeunes filles en fleurs - \u00e0 l&#039;ombre d&#039;un paradoxe en fleur","isPartOf":{"@id":"https:\/\/www.bretzel-liquide.com\/blog\/#website"},"primaryImageOfPage":{"@id":"https:\/\/www.bretzel-liquide.com\/blog\/2022\/06\/10\/les-jeunes-filles-en-fleurs\/#primaryimage"},"image":{"@id":"https:\/\/www.bretzel-liquide.com\/blog\/2022\/06\/10\/les-jeunes-filles-en-fleurs\/#primaryimage"},"thumbnailUrl":"https:\/\/www.bretzel-liquide.com\/blog\/wp-content\/uploads\/2022\/06\/Anna-Ajtner-les-jeunes-filles-en-fleurs-1024x1024.jpg","datePublished":"2022-06-10T05:38:11+00:00","dateModified":"2026-03-17T10:20:32+00:00","description":"les jeunes filles en fleurs - Anna Ajtner \/ Marcel Proust, \u00c0 la recherche du temps perdu\u00a0(1919) Ma\u00a0m\u00e8re, quand il fut question","breadcrumb":{"@id":"https:\/\/www.bretzel-liquide.com\/blog\/2022\/06\/10\/les-jeunes-filles-en-fleurs\/#breadcrumb"},"inLanguage":"fr-FR","potentialAction":[{"@type":"ReadAction","target":["https:\/\/www.bretzel-liquide.com\/blog\/2022\/06\/10\/les-jeunes-filles-en-fleurs\/"]}]},{"@type":"ImageObject","inLanguage":"fr-FR","@id":"https:\/\/www.bretzel-liquide.com\/blog\/2022\/06\/10\/les-jeunes-filles-en-fleurs\/#primaryimage","url":"https:\/\/www.bretzel-liquide.com\/blog\/wp-content\/uploads\/2022\/06\/Anna-Ajtner-les-jeunes-filles-en-fleurs.jpg","contentUrl":"https:\/\/www.bretzel-liquide.com\/blog\/wp-content\/uploads\/2022\/06\/Anna-Ajtner-les-jeunes-filles-en-fleurs.jpg","width":1200,"height":1200},{"@type":"BreadcrumbList","@id":"https:\/\/www.bretzel-liquide.com\/blog\/2022\/06\/10\/les-jeunes-filles-en-fleurs\/#breadcrumb","itemListElement":[{"@type":"ListItem","position":1,"name":"Accueil","item":"https:\/\/www.bretzel-liquide.com\/blog\/"},{"@type":"ListItem","position":2,"name":"les jeunes filles en fleurs"}]},{"@type":"WebSite","@id":"https:\/\/www.bretzel-liquide.com\/blog\/#website","url":"https:\/\/www.bretzel-liquide.com\/blog\/","name":"\u00e0 l&#039;ombre d&#039;un paradoxe en fleur","description":"la face nord du bretzel liquide : humour absurde, images \u00e9tranges, microblogging","publisher":{"@id":"https:\/\/www.bretzel-liquide.com\/blog\/#\/schema\/person\/16b498860410bff000499934f159633d"},"potentialAction":[{"@type":"SearchAction","target":{"@type":"EntryPoint","urlTemplate":"https:\/\/www.bretzel-liquide.com\/blog\/?s={search_term_string}"},"query-input":{"@type":"PropertyValueSpecification","valueRequired":true,"valueName":"search_term_string"}}],"inLanguage":"fr-FR"},{"@type":["Person","Organization"],"@id":"https:\/\/www.bretzel-liquide.com\/blog\/#\/schema\/person\/16b498860410bff000499934f159633d","name":"Yves Brette","image":{"@type":"ImageObject","inLanguage":"fr-FR","@id":"https:\/\/www.bretzel-liquide.com\/blog\/wp-content\/uploads\/2022\/01\/headerchien.jpg","url":"https:\/\/www.bretzel-liquide.com\/blog\/wp-content\/uploads\/2022\/01\/headerchien.jpg","contentUrl":"https:\/\/www.bretzel-liquide.com\/blog\/wp-content\/uploads\/2022\/01\/headerchien.jpg","width":150,"height":147,"caption":"Yves Brette"},"logo":{"@id":"https:\/\/www.bretzel-liquide.com\/blog\/wp-content\/uploads\/2022\/01\/headerchien.jpg"},"sameAs":["http:\/\/www.bretzel-liquide.com\/blog"],"url":"https:\/\/www.bretzel-liquide.com\/blog\/author\/yves\/"}]}},"_links":{"self":[{"href":"https:\/\/www.bretzel-liquide.com\/blog\/wp-json\/wp\/v2\/posts\/4328","targetHints":{"allow":["GET"]}}],"collection":[{"href":"https:\/\/www.bretzel-liquide.com\/blog\/wp-json\/wp\/v2\/posts"}],"about":[{"href":"https:\/\/www.bretzel-liquide.com\/blog\/wp-json\/wp\/v2\/types\/post"}],"author":[{"embeddable":true,"href":"https:\/\/www.bretzel-liquide.com\/blog\/wp-json\/wp\/v2\/users\/1"}],"replies":[{"embeddable":true,"href":"https:\/\/www.bretzel-liquide.com\/blog\/wp-json\/wp\/v2\/comments?post=4328"}],"version-history":[{"count":3,"href":"https:\/\/www.bretzel-liquide.com\/blog\/wp-json\/wp\/v2\/posts\/4328\/revisions"}],"predecessor-version":[{"id":18894,"href":"https:\/\/www.bretzel-liquide.com\/blog\/wp-json\/wp\/v2\/posts\/4328\/revisions\/18894"}],"wp:attachment":[{"href":"https:\/\/www.bretzel-liquide.com\/blog\/wp-json\/wp\/v2\/media?parent=4328"}],"wp:term":[{"taxonomy":"category","embeddable":true,"href":"https:\/\/www.bretzel-liquide.com\/blog\/wp-json\/wp\/v2\/categories?post=4328"},{"taxonomy":"post_tag","embeddable":true,"href":"https:\/\/www.bretzel-liquide.com\/blog\/wp-json\/wp\/v2\/tags?post=4328"}],"curies":[{"name":"wp","href":"https:\/\/api.w.org\/{rel}","templated":true}]}}