{"id":4527,"date":"2022-06-14T08:40:35","date_gmt":"2022-06-14T06:40:35","guid":{"rendered":"https:\/\/www.bretzel-liquide.com\/blog\/?p=4527"},"modified":"2022-06-14T08:40:36","modified_gmt":"2022-06-14T06:40:36","slug":"quand-jetais-petit-la-television-etait-un-objet-de-convoitise","status":"publish","type":"post","link":"https:\/\/www.bretzel-liquide.com\/blog\/2022\/06\/14\/quand-jetais-petit-la-television-etait-un-objet-de-convoitise\/","title":{"rendered":"quand j&rsquo;\u00e9tais petit la t\u00e9l\u00e9vision \u00e9tait un objet de convoitise"},"content":{"rendered":"\n<figure class=\"wp-block-image size-full\"><a href=\"https:\/\/www.bretzel-liquide.com\/blog\/wp-content\/uploads\/2022\/06\/quand-jetais-jeune-la-television-etait-un-objet-de-convoitise-erotisme.gif\"><img loading=\"lazy\" decoding=\"async\" width=\"500\" height=\"737\" src=\"https:\/\/www.bretzel-liquide.com\/blog\/wp-content\/uploads\/2022\/06\/quand-jetais-jeune-la-television-etait-un-objet-de-convoitise-erotisme.gif\" alt=\"\" class=\"wp-image-4528\"\/><\/a><figcaption>quand j&rsquo;\u00e9tais petit la t\u00e9l\u00e9vision \u00e9tait un objet de convoitise<\/figcaption><\/figure>\n\n\n\n<p>quand j&rsquo;\u00e9tais petit la t\u00e9l\u00e9vision \u00e9tait un objet de convoitise<\/p>\n\n\n\n<p>Comment le gif est devenu ringard (par Gr\u00e9gor Brandy)<\/p>\n\n\n\n<p>Omnipr\u00e9sente sur Internet, l\u2019image anim\u00e9e n\u2019est presque plus utilis\u00e9e par les jeunes et est d\u00e9sormais associ\u00e9e aux \u00ab&nbsp;boomers&nbsp;\u00bb, raconte le site am\u00e9ricain \u00ab&nbsp;Vice&nbsp;\u00bb.<\/p>\n\n\n\n<p><em>\u00ab&nbsp;Chaque fois que je vois quelqu\u2019un poster un&nbsp;<\/em>reaction gif<em>, je sais imm\u00e9diatement que cette personne a plus de 33&nbsp;ans.&nbsp;\u00bb<\/em>&nbsp;<a href=\"https:\/\/twitter.com\/jennygzhang\/status\/1377331908258897921\" target=\"_blank\" rel=\"noreferrer noopener\">La petite phrase est dr\u00f4le, mais cruelle<\/a>&nbsp;et avait d\u00e9clench\u00e9 l\u2019ire de milliers de personnes sur Twitter il y a quelques mois.<\/p>\n\n\n\n<p>Pourtant, il va falloir s\u2019y r\u00e9soudre.\u00a0Apr\u00e8s l\u2019\u00e9moji qui pleure de rire, c\u2019est au tour d\u2019un autre embl\u00e8me des ann\u00e9es 2010 d\u2019\u00eatre ringardis\u00e9.\u00a0<em>\u00ab\u00a0D\u00e9sol\u00e9, les gifs sont d\u00e9sormais pour les boomeurs\u00a0\u00bb<\/em>,\u00a0<a href=\"https:\/\/www.vice.com\/en\/article\/z3nzb4\/gifs-are-for-boomers-now\" target=\"_blank\" rel=\"noreferrer noopener\">affirme\u00a0<em>Vice<\/em><\/a>, dans un article consacr\u00e9 \u00e0 la perte de prestige de ce format d\u2019image anim\u00e9e (qu\u2019on prononce \u00ab\u00a0jif\u00a0\u00bb), n\u00e9 dans les ann\u00e9es 1980 et revenu sur le devant de la sc\u00e8ne au d\u00e9but des ann\u00e9es 2010 \u2013\u00a0c\u2019\u00e9tait d\u2019ailleurs le mot de l\u2019ann\u00e9e en\u00a02012\u00a0pour les lexicographes des dictionnaires d\u2019Oxford University Press. source : <a href=\"https:\/\/www.lemonde.fr\/big-browser\/article\/2022\/01\/20\/comment-les-gifs-ont-ete-ringardises_6110306_4832693.html\" target=\"_blank\" rel=\"noreferrer noopener\">Le Monde<\/a><\/p>\n\n\n\n<p>tag : ORTF<\/p>\n","protected":false},"excerpt":{"rendered":"<p>quand j&rsquo;\u00e9tais petit la t\u00e9l\u00e9vision \u00e9tait un objet de convoitise Comment le gif est devenu ringard (par Gr\u00e9gor Brandy) Omnipr\u00e9sente sur Internet, l\u2019image anim\u00e9e n\u2019est presque plus utilis\u00e9e par les jeunes et est d\u00e9sormais associ\u00e9e aux \u00ab&nbsp;boomers&nbsp;\u00bb, raconte le site am\u00e9ricain \u00ab&nbsp;Vice&nbsp;\u00bb. \u00ab&nbsp;Chaque fois que je vois quelqu\u2019un poster un&nbsp;reaction gif, je sais imm\u00e9diatement que [&hellip;]<\/p>\n","protected":false},"author":1,"featured_media":0,"comment_status":"open","ping_status":"open","sticky":false,"template":"","format":"standard","meta":{"footnotes":""},"categories":[94,101,524],"tags":[109,40,22,20,47,163,21],"class_list":["post-4527","post","type-post","status-publish","format-standard","hentry","category-brette-ciel-liquide","category-gif-animes-avez-vous-donc-une-ame","category-ma-vie-est-basee-sur-une-histoire-vraie","tag-autoderision","tag-enfant","tag-erotisme","tag-nostalgie","tag-oeil","tag-tele","tag-vieux"],"yoast_head":"<!-- This site is optimized with the Yoast SEO plugin v27.5 - https:\/\/yoast.com\/product\/yoast-seo-wordpress\/ -->\n<title>quand j&#039;\u00e9tais petit la t\u00e9l\u00e9vision \u00e9tait un objet de convoitise - \u00e0 l&#039;ombre d&#039;un paradoxe en fleur<\/title>\n<meta name=\"description\" content=\"quand j&#039;\u00e9tais petit la t\u00e9l\u00e9vision \u00e9tait un objet de convoitise. le gif est devenu ringard, l\u2019image anim\u00e9e est d\u00e9sormais associ\u00e9e aux boomers\" \/>\n<meta name=\"robots\" content=\"index, follow, max-snippet:-1, max-image-preview:large, max-video-preview:-1\" \/>\n<link rel=\"canonical\" href=\"https:\/\/www.bretzel-liquide.com\/blog\/2022\/06\/14\/quand-jetais-petit-la-television-etait-un-objet-de-convoitise\/\" \/>\n<meta property=\"og:locale\" content=\"fr_FR\" \/>\n<meta property=\"og:type\" content=\"article\" \/>\n<meta property=\"og:title\" content=\"quand j&#039;\u00e9tais petit la t\u00e9l\u00e9vision \u00e9tait un objet de convoitise - \u00e0 l&#039;ombre d&#039;un paradoxe en fleur\" \/>\n<meta property=\"og:description\" content=\"quand j&#039;\u00e9tais petit la t\u00e9l\u00e9vision \u00e9tait un objet de convoitise. le gif est devenu ringard, l\u2019image anim\u00e9e est d\u00e9sormais associ\u00e9e aux boomers\" \/>\n<meta property=\"og:url\" content=\"https:\/\/www.bretzel-liquide.com\/blog\/2022\/06\/14\/quand-jetais-petit-la-television-etait-un-objet-de-convoitise\/\" \/>\n<meta property=\"og:site_name\" content=\"\u00e0 l&#039;ombre d&#039;un paradoxe en fleur\" \/>\n<meta property=\"article:published_time\" content=\"2022-06-14T06:40:35+00:00\" \/>\n<meta property=\"article:modified_time\" content=\"2022-06-14T06:40:36+00:00\" \/>\n<meta property=\"og:image\" content=\"https:\/\/www.bretzel-liquide.com\/blog\/wp-content\/uploads\/2022\/06\/quand-jetais-jeune-la-television-etait-un-objet-de-convoitise-erotisme.gif\" \/>\n<meta name=\"author\" content=\"Yves Brette\" \/>\n<meta name=\"twitter:card\" content=\"summary_large_image\" \/>\n<meta name=\"twitter:label1\" content=\"\u00c9crit par\" \/>\n\t<meta name=\"twitter:data1\" content=\"Yves Brette\" \/>\n\t<meta name=\"twitter:label2\" content=\"Dur\u00e9e de lecture estim\u00e9e\" \/>\n\t<meta name=\"twitter:data2\" content=\"2 minutes\" \/>\n<script type=\"application\/ld+json\" class=\"yoast-schema-graph\">{\"@context\":\"https:\\\/\\\/schema.org\",\"@graph\":[{\"@type\":\"Article\",\"@id\":\"https:\\\/\\\/www.bretzel-liquide.com\\\/blog\\\/2022\\\/06\\\/14\\\/quand-jetais-petit-la-television-etait-un-objet-de-convoitise\\\/#article\",\"isPartOf\":{\"@id\":\"https:\\\/\\\/www.bretzel-liquide.com\\\/blog\\\/2022\\\/06\\\/14\\\/quand-jetais-petit-la-television-etait-un-objet-de-convoitise\\\/\"},\"author\":{\"name\":\"Yves Brette\",\"@id\":\"https:\\\/\\\/www.bretzel-liquide.com\\\/blog\\\/#\\\/schema\\\/person\\\/16b498860410bff000499934f159633d\"},\"headline\":\"quand j&rsquo;\u00e9tais petit la t\u00e9l\u00e9vision \u00e9tait un objet de convoitise\",\"datePublished\":\"2022-06-14T06:40:35+00:00\",\"dateModified\":\"2022-06-14T06:40:36+00:00\",\"mainEntityOfPage\":{\"@id\":\"https:\\\/\\\/www.bretzel-liquide.com\\\/blog\\\/2022\\\/06\\\/14\\\/quand-jetais-petit-la-television-etait-un-objet-de-convoitise\\\/\"},\"wordCount\":244,\"commentCount\":1,\"publisher\":{\"@id\":\"https:\\\/\\\/www.bretzel-liquide.com\\\/blog\\\/#\\\/schema\\\/person\\\/16b498860410bff000499934f159633d\"},\"image\":{\"@id\":\"https:\\\/\\\/www.bretzel-liquide.com\\\/blog\\\/2022\\\/06\\\/14\\\/quand-jetais-petit-la-television-etait-un-objet-de-convoitise\\\/#primaryimage\"},\"thumbnailUrl\":\"https:\\\/\\\/www.bretzel-liquide.com\\\/blog\\\/wp-content\\\/uploads\\\/2022\\\/06\\\/quand-jetais-jeune-la-television-etait-un-objet-de-convoitise-erotisme.gif\",\"keywords\":[\"autod\u00e9rision\",\"enfant\",\"\u00e9rotisme\",\"nostalgie\",\"oeil\",\"t\u00e9l\u00e9\",\"vieux\"],\"articleSection\":[\"Brette Ciel Liquide\",\"gif anim\u00e9s avez-vous donc une \u00e2me\",\"ma vie est bas\u00e9e sur une histoire vraie\"],\"inLanguage\":\"fr-FR\",\"potentialAction\":[{\"@type\":\"CommentAction\",\"name\":\"Comment\",\"target\":[\"https:\\\/\\\/www.bretzel-liquide.com\\\/blog\\\/2022\\\/06\\\/14\\\/quand-jetais-petit-la-television-etait-un-objet-de-convoitise\\\/#respond\"]}]},{\"@type\":\"WebPage\",\"@id\":\"https:\\\/\\\/www.bretzel-liquide.com\\\/blog\\\/2022\\\/06\\\/14\\\/quand-jetais-petit-la-television-etait-un-objet-de-convoitise\\\/\",\"url\":\"https:\\\/\\\/www.bretzel-liquide.com\\\/blog\\\/2022\\\/06\\\/14\\\/quand-jetais-petit-la-television-etait-un-objet-de-convoitise\\\/\",\"name\":\"quand j'\u00e9tais petit la t\u00e9l\u00e9vision \u00e9tait un objet de convoitise - \u00e0 l&#039;ombre d&#039;un paradoxe en fleur\",\"isPartOf\":{\"@id\":\"https:\\\/\\\/www.bretzel-liquide.com\\\/blog\\\/#website\"},\"primaryImageOfPage\":{\"@id\":\"https:\\\/\\\/www.bretzel-liquide.com\\\/blog\\\/2022\\\/06\\\/14\\\/quand-jetais-petit-la-television-etait-un-objet-de-convoitise\\\/#primaryimage\"},\"image\":{\"@id\":\"https:\\\/\\\/www.bretzel-liquide.com\\\/blog\\\/2022\\\/06\\\/14\\\/quand-jetais-petit-la-television-etait-un-objet-de-convoitise\\\/#primaryimage\"},\"thumbnailUrl\":\"https:\\\/\\\/www.bretzel-liquide.com\\\/blog\\\/wp-content\\\/uploads\\\/2022\\\/06\\\/quand-jetais-jeune-la-television-etait-un-objet-de-convoitise-erotisme.gif\",\"datePublished\":\"2022-06-14T06:40:35+00:00\",\"dateModified\":\"2022-06-14T06:40:36+00:00\",\"description\":\"quand j'\u00e9tais petit la t\u00e9l\u00e9vision \u00e9tait un objet de convoitise. le gif est devenu ringard, l\u2019image anim\u00e9e est d\u00e9sormais associ\u00e9e aux boomers\",\"breadcrumb\":{\"@id\":\"https:\\\/\\\/www.bretzel-liquide.com\\\/blog\\\/2022\\\/06\\\/14\\\/quand-jetais-petit-la-television-etait-un-objet-de-convoitise\\\/#breadcrumb\"},\"inLanguage\":\"fr-FR\",\"potentialAction\":[{\"@type\":\"ReadAction\",\"target\":[\"https:\\\/\\\/www.bretzel-liquide.com\\\/blog\\\/2022\\\/06\\\/14\\\/quand-jetais-petit-la-television-etait-un-objet-de-convoitise\\\/\"]}]},{\"@type\":\"ImageObject\",\"inLanguage\":\"fr-FR\",\"@id\":\"https:\\\/\\\/www.bretzel-liquide.com\\\/blog\\\/2022\\\/06\\\/14\\\/quand-jetais-petit-la-television-etait-un-objet-de-convoitise\\\/#primaryimage\",\"url\":\"https:\\\/\\\/www.bretzel-liquide.com\\\/blog\\\/wp-content\\\/uploads\\\/2022\\\/06\\\/quand-jetais-jeune-la-television-etait-un-objet-de-convoitise-erotisme.gif\",\"contentUrl\":\"https:\\\/\\\/www.bretzel-liquide.com\\\/blog\\\/wp-content\\\/uploads\\\/2022\\\/06\\\/quand-jetais-jeune-la-television-etait-un-objet-de-convoitise-erotisme.gif\"},{\"@type\":\"BreadcrumbList\",\"@id\":\"https:\\\/\\\/www.bretzel-liquide.com\\\/blog\\\/2022\\\/06\\\/14\\\/quand-jetais-petit-la-television-etait-un-objet-de-convoitise\\\/#breadcrumb\",\"itemListElement\":[{\"@type\":\"ListItem\",\"position\":1,\"name\":\"Accueil\",\"item\":\"https:\\\/\\\/www.bretzel-liquide.com\\\/blog\\\/\"},{\"@type\":\"ListItem\",\"position\":2,\"name\":\"quand j&rsquo;\u00e9tais petit la t\u00e9l\u00e9vision \u00e9tait un objet de convoitise\"}]},{\"@type\":\"WebSite\",\"@id\":\"https:\\\/\\\/www.bretzel-liquide.com\\\/blog\\\/#website\",\"url\":\"https:\\\/\\\/www.bretzel-liquide.com\\\/blog\\\/\",\"name\":\"\u00e0 l&#039;ombre d&#039;un paradoxe en fleur\",\"description\":\"la face nord du bretzel liquide : humour absurde, images \u00e9tranges, microblogging\",\"publisher\":{\"@id\":\"https:\\\/\\\/www.bretzel-liquide.com\\\/blog\\\/#\\\/schema\\\/person\\\/16b498860410bff000499934f159633d\"},\"potentialAction\":[{\"@type\":\"SearchAction\",\"target\":{\"@type\":\"EntryPoint\",\"urlTemplate\":\"https:\\\/\\\/www.bretzel-liquide.com\\\/blog\\\/?s={search_term_string}\"},\"query-input\":{\"@type\":\"PropertyValueSpecification\",\"valueRequired\":true,\"valueName\":\"search_term_string\"}}],\"inLanguage\":\"fr-FR\"},{\"@type\":[\"Person\",\"Organization\"],\"@id\":\"https:\\\/\\\/www.bretzel-liquide.com\\\/blog\\\/#\\\/schema\\\/person\\\/16b498860410bff000499934f159633d\",\"name\":\"Yves Brette\",\"image\":{\"@type\":\"ImageObject\",\"inLanguage\":\"fr-FR\",\"@id\":\"https:\\\/\\\/www.bretzel-liquide.com\\\/blog\\\/wp-content\\\/uploads\\\/2022\\\/01\\\/headerchien.jpg\",\"url\":\"https:\\\/\\\/www.bretzel-liquide.com\\\/blog\\\/wp-content\\\/uploads\\\/2022\\\/01\\\/headerchien.jpg\",\"contentUrl\":\"https:\\\/\\\/www.bretzel-liquide.com\\\/blog\\\/wp-content\\\/uploads\\\/2022\\\/01\\\/headerchien.jpg\",\"width\":150,\"height\":147,\"caption\":\"Yves Brette\"},\"logo\":{\"@id\":\"https:\\\/\\\/www.bretzel-liquide.com\\\/blog\\\/wp-content\\\/uploads\\\/2022\\\/01\\\/headerchien.jpg\"},\"sameAs\":[\"http:\\\/\\\/www.bretzel-liquide.com\\\/blog\"],\"url\":\"https:\\\/\\\/www.bretzel-liquide.com\\\/blog\\\/author\\\/yves\\\/\"}]}<\/script>\n<!-- \/ Yoast SEO plugin. -->","yoast_head_json":{"title":"quand j'\u00e9tais petit la t\u00e9l\u00e9vision \u00e9tait un objet de convoitise - \u00e0 l&#039;ombre d&#039;un paradoxe en fleur","description":"quand j'\u00e9tais petit la t\u00e9l\u00e9vision \u00e9tait un objet de convoitise. le gif est devenu ringard, l\u2019image anim\u00e9e est d\u00e9sormais associ\u00e9e aux boomers","robots":{"index":"index","follow":"follow","max-snippet":"max-snippet:-1","max-image-preview":"max-image-preview:large","max-video-preview":"max-video-preview:-1"},"canonical":"https:\/\/www.bretzel-liquide.com\/blog\/2022\/06\/14\/quand-jetais-petit-la-television-etait-un-objet-de-convoitise\/","og_locale":"fr_FR","og_type":"article","og_title":"quand j'\u00e9tais petit la t\u00e9l\u00e9vision \u00e9tait un objet de convoitise - \u00e0 l&#039;ombre d&#039;un paradoxe en fleur","og_description":"quand j'\u00e9tais petit la t\u00e9l\u00e9vision \u00e9tait un objet de convoitise. le gif est devenu ringard, l\u2019image anim\u00e9e est d\u00e9sormais associ\u00e9e aux boomers","og_url":"https:\/\/www.bretzel-liquide.com\/blog\/2022\/06\/14\/quand-jetais-petit-la-television-etait-un-objet-de-convoitise\/","og_site_name":"\u00e0 l&#039;ombre d&#039;un paradoxe en fleur","article_published_time":"2022-06-14T06:40:35+00:00","article_modified_time":"2022-06-14T06:40:36+00:00","og_image":[{"url":"https:\/\/www.bretzel-liquide.com\/blog\/wp-content\/uploads\/2022\/06\/quand-jetais-jeune-la-television-etait-un-objet-de-convoitise-erotisme.gif","type":"","width":"","height":""}],"author":"Yves Brette","twitter_card":"summary_large_image","twitter_misc":{"\u00c9crit par":"Yves Brette","Dur\u00e9e de lecture estim\u00e9e":"2 minutes"},"schema":{"@context":"https:\/\/schema.org","@graph":[{"@type":"Article","@id":"https:\/\/www.bretzel-liquide.com\/blog\/2022\/06\/14\/quand-jetais-petit-la-television-etait-un-objet-de-convoitise\/#article","isPartOf":{"@id":"https:\/\/www.bretzel-liquide.com\/blog\/2022\/06\/14\/quand-jetais-petit-la-television-etait-un-objet-de-convoitise\/"},"author":{"name":"Yves Brette","@id":"https:\/\/www.bretzel-liquide.com\/blog\/#\/schema\/person\/16b498860410bff000499934f159633d"},"headline":"quand j&rsquo;\u00e9tais petit la t\u00e9l\u00e9vision \u00e9tait un objet de convoitise","datePublished":"2022-06-14T06:40:35+00:00","dateModified":"2022-06-14T06:40:36+00:00","mainEntityOfPage":{"@id":"https:\/\/www.bretzel-liquide.com\/blog\/2022\/06\/14\/quand-jetais-petit-la-television-etait-un-objet-de-convoitise\/"},"wordCount":244,"commentCount":1,"publisher":{"@id":"https:\/\/www.bretzel-liquide.com\/blog\/#\/schema\/person\/16b498860410bff000499934f159633d"},"image":{"@id":"https:\/\/www.bretzel-liquide.com\/blog\/2022\/06\/14\/quand-jetais-petit-la-television-etait-un-objet-de-convoitise\/#primaryimage"},"thumbnailUrl":"https:\/\/www.bretzel-liquide.com\/blog\/wp-content\/uploads\/2022\/06\/quand-jetais-jeune-la-television-etait-un-objet-de-convoitise-erotisme.gif","keywords":["autod\u00e9rision","enfant","\u00e9rotisme","nostalgie","oeil","t\u00e9l\u00e9","vieux"],"articleSection":["Brette Ciel Liquide","gif anim\u00e9s avez-vous donc une \u00e2me","ma vie est bas\u00e9e sur une histoire vraie"],"inLanguage":"fr-FR","potentialAction":[{"@type":"CommentAction","name":"Comment","target":["https:\/\/www.bretzel-liquide.com\/blog\/2022\/06\/14\/quand-jetais-petit-la-television-etait-un-objet-de-convoitise\/#respond"]}]},{"@type":"WebPage","@id":"https:\/\/www.bretzel-liquide.com\/blog\/2022\/06\/14\/quand-jetais-petit-la-television-etait-un-objet-de-convoitise\/","url":"https:\/\/www.bretzel-liquide.com\/blog\/2022\/06\/14\/quand-jetais-petit-la-television-etait-un-objet-de-convoitise\/","name":"quand j'\u00e9tais petit la t\u00e9l\u00e9vision \u00e9tait un objet de convoitise - \u00e0 l&#039;ombre d&#039;un paradoxe en fleur","isPartOf":{"@id":"https:\/\/www.bretzel-liquide.com\/blog\/#website"},"primaryImageOfPage":{"@id":"https:\/\/www.bretzel-liquide.com\/blog\/2022\/06\/14\/quand-jetais-petit-la-television-etait-un-objet-de-convoitise\/#primaryimage"},"image":{"@id":"https:\/\/www.bretzel-liquide.com\/blog\/2022\/06\/14\/quand-jetais-petit-la-television-etait-un-objet-de-convoitise\/#primaryimage"},"thumbnailUrl":"https:\/\/www.bretzel-liquide.com\/blog\/wp-content\/uploads\/2022\/06\/quand-jetais-jeune-la-television-etait-un-objet-de-convoitise-erotisme.gif","datePublished":"2022-06-14T06:40:35+00:00","dateModified":"2022-06-14T06:40:36+00:00","description":"quand j'\u00e9tais petit la t\u00e9l\u00e9vision \u00e9tait un objet de convoitise. le gif est devenu ringard, l\u2019image anim\u00e9e est d\u00e9sormais associ\u00e9e aux boomers","breadcrumb":{"@id":"https:\/\/www.bretzel-liquide.com\/blog\/2022\/06\/14\/quand-jetais-petit-la-television-etait-un-objet-de-convoitise\/#breadcrumb"},"inLanguage":"fr-FR","potentialAction":[{"@type":"ReadAction","target":["https:\/\/www.bretzel-liquide.com\/blog\/2022\/06\/14\/quand-jetais-petit-la-television-etait-un-objet-de-convoitise\/"]}]},{"@type":"ImageObject","inLanguage":"fr-FR","@id":"https:\/\/www.bretzel-liquide.com\/blog\/2022\/06\/14\/quand-jetais-petit-la-television-etait-un-objet-de-convoitise\/#primaryimage","url":"https:\/\/www.bretzel-liquide.com\/blog\/wp-content\/uploads\/2022\/06\/quand-jetais-jeune-la-television-etait-un-objet-de-convoitise-erotisme.gif","contentUrl":"https:\/\/www.bretzel-liquide.com\/blog\/wp-content\/uploads\/2022\/06\/quand-jetais-jeune-la-television-etait-un-objet-de-convoitise-erotisme.gif"},{"@type":"BreadcrumbList","@id":"https:\/\/www.bretzel-liquide.com\/blog\/2022\/06\/14\/quand-jetais-petit-la-television-etait-un-objet-de-convoitise\/#breadcrumb","itemListElement":[{"@type":"ListItem","position":1,"name":"Accueil","item":"https:\/\/www.bretzel-liquide.com\/blog\/"},{"@type":"ListItem","position":2,"name":"quand j&rsquo;\u00e9tais petit la t\u00e9l\u00e9vision \u00e9tait un objet de convoitise"}]},{"@type":"WebSite","@id":"https:\/\/www.bretzel-liquide.com\/blog\/#website","url":"https:\/\/www.bretzel-liquide.com\/blog\/","name":"\u00e0 l&#039;ombre d&#039;un paradoxe en fleur","description":"la face nord du bretzel liquide : humour absurde, images \u00e9tranges, microblogging","publisher":{"@id":"https:\/\/www.bretzel-liquide.com\/blog\/#\/schema\/person\/16b498860410bff000499934f159633d"},"potentialAction":[{"@type":"SearchAction","target":{"@type":"EntryPoint","urlTemplate":"https:\/\/www.bretzel-liquide.com\/blog\/?s={search_term_string}"},"query-input":{"@type":"PropertyValueSpecification","valueRequired":true,"valueName":"search_term_string"}}],"inLanguage":"fr-FR"},{"@type":["Person","Organization"],"@id":"https:\/\/www.bretzel-liquide.com\/blog\/#\/schema\/person\/16b498860410bff000499934f159633d","name":"Yves Brette","image":{"@type":"ImageObject","inLanguage":"fr-FR","@id":"https:\/\/www.bretzel-liquide.com\/blog\/wp-content\/uploads\/2022\/01\/headerchien.jpg","url":"https:\/\/www.bretzel-liquide.com\/blog\/wp-content\/uploads\/2022\/01\/headerchien.jpg","contentUrl":"https:\/\/www.bretzel-liquide.com\/blog\/wp-content\/uploads\/2022\/01\/headerchien.jpg","width":150,"height":147,"caption":"Yves Brette"},"logo":{"@id":"https:\/\/www.bretzel-liquide.com\/blog\/wp-content\/uploads\/2022\/01\/headerchien.jpg"},"sameAs":["http:\/\/www.bretzel-liquide.com\/blog"],"url":"https:\/\/www.bretzel-liquide.com\/blog\/author\/yves\/"}]}},"_links":{"self":[{"href":"https:\/\/www.bretzel-liquide.com\/blog\/wp-json\/wp\/v2\/posts\/4527","targetHints":{"allow":["GET"]}}],"collection":[{"href":"https:\/\/www.bretzel-liquide.com\/blog\/wp-json\/wp\/v2\/posts"}],"about":[{"href":"https:\/\/www.bretzel-liquide.com\/blog\/wp-json\/wp\/v2\/types\/post"}],"author":[{"embeddable":true,"href":"https:\/\/www.bretzel-liquide.com\/blog\/wp-json\/wp\/v2\/users\/1"}],"replies":[{"embeddable":true,"href":"https:\/\/www.bretzel-liquide.com\/blog\/wp-json\/wp\/v2\/comments?post=4527"}],"version-history":[{"count":1,"href":"https:\/\/www.bretzel-liquide.com\/blog\/wp-json\/wp\/v2\/posts\/4527\/revisions"}],"predecessor-version":[{"id":4529,"href":"https:\/\/www.bretzel-liquide.com\/blog\/wp-json\/wp\/v2\/posts\/4527\/revisions\/4529"}],"wp:attachment":[{"href":"https:\/\/www.bretzel-liquide.com\/blog\/wp-json\/wp\/v2\/media?parent=4527"}],"wp:term":[{"taxonomy":"category","embeddable":true,"href":"https:\/\/www.bretzel-liquide.com\/blog\/wp-json\/wp\/v2\/categories?post=4527"},{"taxonomy":"post_tag","embeddable":true,"href":"https:\/\/www.bretzel-liquide.com\/blog\/wp-json\/wp\/v2\/tags?post=4527"}],"curies":[{"name":"wp","href":"https:\/\/api.w.org\/{rel}","templated":true}]}}