{"id":4658,"date":"2022-06-18T07:31:06","date_gmt":"2022-06-18T05:31:06","guid":{"rendered":"https:\/\/www.bretzel-liquide.com\/blog\/?p=4658"},"modified":"2022-06-18T07:31:06","modified_gmt":"2022-06-18T05:31:06","slug":"je-crois-que-je-vais-rester-encore-un-peu-au-frais","status":"publish","type":"post","link":"https:\/\/www.bretzel-liquide.com\/blog\/2022\/06\/18\/je-crois-que-je-vais-rester-encore-un-peu-au-frais\/","title":{"rendered":"je crois que je vais rester encore un peu au frais"},"content":{"rendered":"\n<figure class=\"wp-block-image size-large\"><a href=\"https:\/\/www.bretzel-liquide.com\/blog\/wp-content\/uploads\/2022\/06\/Man-Ray-Marcel-Proust-on-his-deathbed-1922-lit-de-mort-scaled.jpg\"><img loading=\"lazy\" decoding=\"async\" width=\"1024\" height=\"751\" src=\"https:\/\/www.bretzel-liquide.com\/blog\/wp-content\/uploads\/2022\/06\/Man-Ray-Marcel-Proust-on-his-deathbed-1922-lit-de-mort-1024x751.jpg\" alt=\"je crois que je vais rester encore un peu au frais\" class=\"wp-image-4659\" srcset=\"https:\/\/www.bretzel-liquide.com\/blog\/wp-content\/uploads\/2022\/06\/Man-Ray-Marcel-Proust-on-his-deathbed-1922-lit-de-mort-1024x751.jpg 1024w, https:\/\/www.bretzel-liquide.com\/blog\/wp-content\/uploads\/2022\/06\/Man-Ray-Marcel-Proust-on-his-deathbed-1922-lit-de-mort-300x220.jpg 300w, https:\/\/www.bretzel-liquide.com\/blog\/wp-content\/uploads\/2022\/06\/Man-Ray-Marcel-Proust-on-his-deathbed-1922-lit-de-mort-768x563.jpg 768w, https:\/\/www.bretzel-liquide.com\/blog\/wp-content\/uploads\/2022\/06\/Man-Ray-Marcel-Proust-on-his-deathbed-1922-lit-de-mort-1536x1127.jpg 1536w, https:\/\/www.bretzel-liquide.com\/blog\/wp-content\/uploads\/2022\/06\/Man-Ray-Marcel-Proust-on-his-deathbed-1922-lit-de-mort-2048x1502.jpg 2048w, https:\/\/www.bretzel-liquide.com\/blog\/wp-content\/uploads\/2022\/06\/Man-Ray-Marcel-Proust-on-his-deathbed-1922-lit-de-mort-1200x880.jpg 1200w, https:\/\/www.bretzel-liquide.com\/blog\/wp-content\/uploads\/2022\/06\/Man-Ray-Marcel-Proust-on-his-deathbed-1922-lit-de-mort-1980x1452.jpg 1980w\" sizes=\"auto, (max-width: 1024px) 100vw, 1024px\" \/><\/a><figcaption>je crois que je vais rester encore un peu au frais<\/figcaption><\/figure>\n\n\n\n<p>je crois que je vais rester encore un peu au frais &#8211; Man Ray, Marcel Proust on his deathbed, 1922<\/p>\n\n\n\n<p>Man Rayphotographe dada\u00efste et surr\u00e9aliste (1890-1976)<\/p>\n\n\n\n<p>Man Ray, de son vrai nom Emmanuel Rudnitsky, na\u00eet en 1890 \u00e0 Philadelphie. Ses parents travaillent dans la confection, lui, d\u00e9cide d&rsquo;\u00e9tudier l\u2019architecture puis la peinture et la photographie. D\u00e8s 1912, il fr\u00e9quente l\u2019avant-garde artistique new yorkaise et rencontre en 1915 Marcel Duchamp qui devient son compagnon de route dans le mouvement Dada. Ne voyant pas d\u2019avenir pour les dada\u00efstes en Am\u00e9rique, il part \u00e0 Paris en 1921 o\u00f9 il fr\u00e9quente les artistes surr\u00e9alistes.<\/p>\n\n\n\n<p>Man Ray se consacre de plus en plus \u00e0 la photographie, ses photos de mode ainsi que ses portraits de c\u00e9l\u00e9brit\u00e9s sont reconnus et il collabore \u00e0 de nombreuses revues. Innovant sans cesse dans la technique pour faire advenir des images surr\u00e9alistes, il remet au go\u00fbt du jour le proc\u00e9d\u00e9 d&rsquo;effet sp\u00e9cial de solarisation des silhouettes. Il meurt \u00e0 Paris le 18 novembre 1976. source : <a href=\"https:\/\/www.radiofrance.fr\/personnes\/man-ray\" target=\"_blank\" rel=\"noreferrer noopener\">radiofrance.fr<\/a><\/p>\n\n\n\n<p>tag : lit de mort, canicule<\/p>\n","protected":false},"excerpt":{"rendered":"<p>je crois que je vais rester encore un peu au frais &#8211; Man Ray, Marcel Proust on his deathbed, 1922 Man Rayphotographe dada\u00efste et surr\u00e9aliste (1890-1976) Man Ray, de son vrai nom Emmanuel Rudnitsky, na\u00eet en 1890 \u00e0 Philadelphie. Ses parents travaillent dans la confection, lui, d\u00e9cide d&rsquo;\u00e9tudier l\u2019architecture puis la peinture et la photographie. [&hellip;]<\/p>\n","protected":false},"author":1,"featured_media":0,"comment_status":"open","ping_status":"open","sticky":false,"template":"","format":"standard","meta":{"footnotes":""},"categories":[136,9],"tags":[658,842,789,64,4,103,27,21],"class_list":["post-4658","post","type-post","status-publish","format-standard","hentry","category-de-lautre-cote-du-mouroir","category-ma-brette-zele-tophe","tag-canicule","tag-man-ray","tag-marcel-proust","tag-mort","tag-photo","tag-sante-publique","tag-surrealisme","tag-vieux"],"yoast_head":"<!-- This site is optimized with the Yoast SEO plugin v27.5 - https:\/\/yoast.com\/product\/yoast-seo-wordpress\/ -->\n<title>je crois que je vais rester encore un peu au frais - \u00e0 l&#039;ombre d&#039;un paradoxe en fleur<\/title>\n<meta name=\"description\" content=\"je crois que je vais rester encore un peu au frais\" \/>\n<meta name=\"robots\" content=\"index, follow, max-snippet:-1, max-image-preview:large, max-video-preview:-1\" \/>\n<link rel=\"canonical\" href=\"https:\/\/www.bretzel-liquide.com\/blog\/2022\/06\/18\/je-crois-que-je-vais-rester-encore-un-peu-au-frais\/\" \/>\n<meta property=\"og:locale\" content=\"fr_FR\" \/>\n<meta property=\"og:type\" content=\"article\" \/>\n<meta property=\"og:title\" content=\"je crois que je vais rester encore un peu au frais - \u00e0 l&#039;ombre d&#039;un paradoxe en fleur\" \/>\n<meta property=\"og:description\" content=\"je crois que je vais rester encore un peu au frais\" \/>\n<meta property=\"og:url\" content=\"https:\/\/www.bretzel-liquide.com\/blog\/2022\/06\/18\/je-crois-que-je-vais-rester-encore-un-peu-au-frais\/\" \/>\n<meta property=\"og:site_name\" content=\"\u00e0 l&#039;ombre d&#039;un paradoxe en fleur\" \/>\n<meta property=\"article:published_time\" content=\"2022-06-18T05:31:06+00:00\" \/>\n<meta property=\"og:image\" content=\"https:\/\/www.bretzel-liquide.com\/blog\/wp-content\/uploads\/2022\/06\/Man-Ray-Marcel-Proust-on-his-deathbed-1922-lit-de-mort-1024x751.jpg\" \/>\n<meta name=\"author\" content=\"Yves Brette\" \/>\n<meta name=\"twitter:card\" content=\"summary_large_image\" \/>\n<meta name=\"twitter:label1\" content=\"\u00c9crit par\" \/>\n\t<meta name=\"twitter:data1\" content=\"Yves Brette\" \/>\n\t<meta name=\"twitter:label2\" content=\"Dur\u00e9e de lecture estim\u00e9e\" \/>\n\t<meta name=\"twitter:data2\" content=\"2 minutes\" \/>\n<script type=\"application\/ld+json\" class=\"yoast-schema-graph\">{\"@context\":\"https:\\\/\\\/schema.org\",\"@graph\":[{\"@type\":\"Article\",\"@id\":\"https:\\\/\\\/www.bretzel-liquide.com\\\/blog\\\/2022\\\/06\\\/18\\\/je-crois-que-je-vais-rester-encore-un-peu-au-frais\\\/#article\",\"isPartOf\":{\"@id\":\"https:\\\/\\\/www.bretzel-liquide.com\\\/blog\\\/2022\\\/06\\\/18\\\/je-crois-que-je-vais-rester-encore-un-peu-au-frais\\\/\"},\"author\":{\"name\":\"Yves Brette\",\"@id\":\"https:\\\/\\\/www.bretzel-liquide.com\\\/blog\\\/#\\\/schema\\\/person\\\/16b498860410bff000499934f159633d\"},\"headline\":\"je crois que je vais rester encore un peu au frais\",\"datePublished\":\"2022-06-18T05:31:06+00:00\",\"mainEntityOfPage\":{\"@id\":\"https:\\\/\\\/www.bretzel-liquide.com\\\/blog\\\/2022\\\/06\\\/18\\\/je-crois-que-je-vais-rester-encore-un-peu-au-frais\\\/\"},\"wordCount\":204,\"commentCount\":0,\"publisher\":{\"@id\":\"https:\\\/\\\/www.bretzel-liquide.com\\\/blog\\\/#\\\/schema\\\/person\\\/16b498860410bff000499934f159633d\"},\"image\":{\"@id\":\"https:\\\/\\\/www.bretzel-liquide.com\\\/blog\\\/2022\\\/06\\\/18\\\/je-crois-que-je-vais-rester-encore-un-peu-au-frais\\\/#primaryimage\"},\"thumbnailUrl\":\"https:\\\/\\\/www.bretzel-liquide.com\\\/blog\\\/wp-content\\\/uploads\\\/2022\\\/06\\\/Man-Ray-Marcel-Proust-on-his-deathbed-1922-lit-de-mort-1024x751.jpg\",\"keywords\":[\"canicule\",\"Man Ray\",\"Marcel Proust\",\"mort\",\"photo\",\"sant\u00e9 publique\",\"surr\u00e9alisme\",\"vieux\"],\"articleSection\":[\"de l'autre c\u00f4t\u00e9 du mouroir\",\"Ma (brette) Z\u00e8le Tophe !\"],\"inLanguage\":\"fr-FR\",\"potentialAction\":[{\"@type\":\"CommentAction\",\"name\":\"Comment\",\"target\":[\"https:\\\/\\\/www.bretzel-liquide.com\\\/blog\\\/2022\\\/06\\\/18\\\/je-crois-que-je-vais-rester-encore-un-peu-au-frais\\\/#respond\"]}]},{\"@type\":\"WebPage\",\"@id\":\"https:\\\/\\\/www.bretzel-liquide.com\\\/blog\\\/2022\\\/06\\\/18\\\/je-crois-que-je-vais-rester-encore-un-peu-au-frais\\\/\",\"url\":\"https:\\\/\\\/www.bretzel-liquide.com\\\/blog\\\/2022\\\/06\\\/18\\\/je-crois-que-je-vais-rester-encore-un-peu-au-frais\\\/\",\"name\":\"je crois que je vais rester encore un peu au frais - \u00e0 l&#039;ombre d&#039;un paradoxe en fleur\",\"isPartOf\":{\"@id\":\"https:\\\/\\\/www.bretzel-liquide.com\\\/blog\\\/#website\"},\"primaryImageOfPage\":{\"@id\":\"https:\\\/\\\/www.bretzel-liquide.com\\\/blog\\\/2022\\\/06\\\/18\\\/je-crois-que-je-vais-rester-encore-un-peu-au-frais\\\/#primaryimage\"},\"image\":{\"@id\":\"https:\\\/\\\/www.bretzel-liquide.com\\\/blog\\\/2022\\\/06\\\/18\\\/je-crois-que-je-vais-rester-encore-un-peu-au-frais\\\/#primaryimage\"},\"thumbnailUrl\":\"https:\\\/\\\/www.bretzel-liquide.com\\\/blog\\\/wp-content\\\/uploads\\\/2022\\\/06\\\/Man-Ray-Marcel-Proust-on-his-deathbed-1922-lit-de-mort-1024x751.jpg\",\"datePublished\":\"2022-06-18T05:31:06+00:00\",\"description\":\"je crois que je vais rester encore un peu au frais\",\"breadcrumb\":{\"@id\":\"https:\\\/\\\/www.bretzel-liquide.com\\\/blog\\\/2022\\\/06\\\/18\\\/je-crois-que-je-vais-rester-encore-un-peu-au-frais\\\/#breadcrumb\"},\"inLanguage\":\"fr-FR\",\"potentialAction\":[{\"@type\":\"ReadAction\",\"target\":[\"https:\\\/\\\/www.bretzel-liquide.com\\\/blog\\\/2022\\\/06\\\/18\\\/je-crois-que-je-vais-rester-encore-un-peu-au-frais\\\/\"]}]},{\"@type\":\"ImageObject\",\"inLanguage\":\"fr-FR\",\"@id\":\"https:\\\/\\\/www.bretzel-liquide.com\\\/blog\\\/2022\\\/06\\\/18\\\/je-crois-que-je-vais-rester-encore-un-peu-au-frais\\\/#primaryimage\",\"url\":\"https:\\\/\\\/www.bretzel-liquide.com\\\/blog\\\/wp-content\\\/uploads\\\/2022\\\/06\\\/Man-Ray-Marcel-Proust-on-his-deathbed-1922-lit-de-mort-1024x751.jpg\",\"contentUrl\":\"https:\\\/\\\/www.bretzel-liquide.com\\\/blog\\\/wp-content\\\/uploads\\\/2022\\\/06\\\/Man-Ray-Marcel-Proust-on-his-deathbed-1922-lit-de-mort-1024x751.jpg\"},{\"@type\":\"BreadcrumbList\",\"@id\":\"https:\\\/\\\/www.bretzel-liquide.com\\\/blog\\\/2022\\\/06\\\/18\\\/je-crois-que-je-vais-rester-encore-un-peu-au-frais\\\/#breadcrumb\",\"itemListElement\":[{\"@type\":\"ListItem\",\"position\":1,\"name\":\"Accueil\",\"item\":\"https:\\\/\\\/www.bretzel-liquide.com\\\/blog\\\/\"},{\"@type\":\"ListItem\",\"position\":2,\"name\":\"je crois que je vais rester encore un peu au frais\"}]},{\"@type\":\"WebSite\",\"@id\":\"https:\\\/\\\/www.bretzel-liquide.com\\\/blog\\\/#website\",\"url\":\"https:\\\/\\\/www.bretzel-liquide.com\\\/blog\\\/\",\"name\":\"\u00e0 l&#039;ombre d&#039;un paradoxe en fleur\",\"description\":\"la face nord du bretzel liquide : humour absurde, images \u00e9tranges, microblogging\",\"publisher\":{\"@id\":\"https:\\\/\\\/www.bretzel-liquide.com\\\/blog\\\/#\\\/schema\\\/person\\\/16b498860410bff000499934f159633d\"},\"potentialAction\":[{\"@type\":\"SearchAction\",\"target\":{\"@type\":\"EntryPoint\",\"urlTemplate\":\"https:\\\/\\\/www.bretzel-liquide.com\\\/blog\\\/?s={search_term_string}\"},\"query-input\":{\"@type\":\"PropertyValueSpecification\",\"valueRequired\":true,\"valueName\":\"search_term_string\"}}],\"inLanguage\":\"fr-FR\"},{\"@type\":[\"Person\",\"Organization\"],\"@id\":\"https:\\\/\\\/www.bretzel-liquide.com\\\/blog\\\/#\\\/schema\\\/person\\\/16b498860410bff000499934f159633d\",\"name\":\"Yves Brette\",\"image\":{\"@type\":\"ImageObject\",\"inLanguage\":\"fr-FR\",\"@id\":\"https:\\\/\\\/www.bretzel-liquide.com\\\/blog\\\/wp-content\\\/uploads\\\/2022\\\/01\\\/headerchien.jpg\",\"url\":\"https:\\\/\\\/www.bretzel-liquide.com\\\/blog\\\/wp-content\\\/uploads\\\/2022\\\/01\\\/headerchien.jpg\",\"contentUrl\":\"https:\\\/\\\/www.bretzel-liquide.com\\\/blog\\\/wp-content\\\/uploads\\\/2022\\\/01\\\/headerchien.jpg\",\"width\":150,\"height\":147,\"caption\":\"Yves Brette\"},\"logo\":{\"@id\":\"https:\\\/\\\/www.bretzel-liquide.com\\\/blog\\\/wp-content\\\/uploads\\\/2022\\\/01\\\/headerchien.jpg\"},\"sameAs\":[\"http:\\\/\\\/www.bretzel-liquide.com\\\/blog\"],\"url\":\"https:\\\/\\\/www.bretzel-liquide.com\\\/blog\\\/author\\\/yves\\\/\"}]}<\/script>\n<!-- \/ Yoast SEO plugin. -->","yoast_head_json":{"title":"je crois que je vais rester encore un peu au frais - \u00e0 l&#039;ombre d&#039;un paradoxe en fleur","description":"je crois que je vais rester encore un peu au frais","robots":{"index":"index","follow":"follow","max-snippet":"max-snippet:-1","max-image-preview":"max-image-preview:large","max-video-preview":"max-video-preview:-1"},"canonical":"https:\/\/www.bretzel-liquide.com\/blog\/2022\/06\/18\/je-crois-que-je-vais-rester-encore-un-peu-au-frais\/","og_locale":"fr_FR","og_type":"article","og_title":"je crois que je vais rester encore un peu au frais - \u00e0 l&#039;ombre d&#039;un paradoxe en fleur","og_description":"je crois que je vais rester encore un peu au frais","og_url":"https:\/\/www.bretzel-liquide.com\/blog\/2022\/06\/18\/je-crois-que-je-vais-rester-encore-un-peu-au-frais\/","og_site_name":"\u00e0 l&#039;ombre d&#039;un paradoxe en fleur","article_published_time":"2022-06-18T05:31:06+00:00","og_image":[{"url":"https:\/\/www.bretzel-liquide.com\/blog\/wp-content\/uploads\/2022\/06\/Man-Ray-Marcel-Proust-on-his-deathbed-1922-lit-de-mort-1024x751.jpg","type":"","width":"","height":""}],"author":"Yves Brette","twitter_card":"summary_large_image","twitter_misc":{"\u00c9crit par":"Yves Brette","Dur\u00e9e de lecture estim\u00e9e":"2 minutes"},"schema":{"@context":"https:\/\/schema.org","@graph":[{"@type":"Article","@id":"https:\/\/www.bretzel-liquide.com\/blog\/2022\/06\/18\/je-crois-que-je-vais-rester-encore-un-peu-au-frais\/#article","isPartOf":{"@id":"https:\/\/www.bretzel-liquide.com\/blog\/2022\/06\/18\/je-crois-que-je-vais-rester-encore-un-peu-au-frais\/"},"author":{"name":"Yves Brette","@id":"https:\/\/www.bretzel-liquide.com\/blog\/#\/schema\/person\/16b498860410bff000499934f159633d"},"headline":"je crois que je vais rester encore un peu au frais","datePublished":"2022-06-18T05:31:06+00:00","mainEntityOfPage":{"@id":"https:\/\/www.bretzel-liquide.com\/blog\/2022\/06\/18\/je-crois-que-je-vais-rester-encore-un-peu-au-frais\/"},"wordCount":204,"commentCount":0,"publisher":{"@id":"https:\/\/www.bretzel-liquide.com\/blog\/#\/schema\/person\/16b498860410bff000499934f159633d"},"image":{"@id":"https:\/\/www.bretzel-liquide.com\/blog\/2022\/06\/18\/je-crois-que-je-vais-rester-encore-un-peu-au-frais\/#primaryimage"},"thumbnailUrl":"https:\/\/www.bretzel-liquide.com\/blog\/wp-content\/uploads\/2022\/06\/Man-Ray-Marcel-Proust-on-his-deathbed-1922-lit-de-mort-1024x751.jpg","keywords":["canicule","Man Ray","Marcel Proust","mort","photo","sant\u00e9 publique","surr\u00e9alisme","vieux"],"articleSection":["de l'autre c\u00f4t\u00e9 du mouroir","Ma (brette) Z\u00e8le Tophe !"],"inLanguage":"fr-FR","potentialAction":[{"@type":"CommentAction","name":"Comment","target":["https:\/\/www.bretzel-liquide.com\/blog\/2022\/06\/18\/je-crois-que-je-vais-rester-encore-un-peu-au-frais\/#respond"]}]},{"@type":"WebPage","@id":"https:\/\/www.bretzel-liquide.com\/blog\/2022\/06\/18\/je-crois-que-je-vais-rester-encore-un-peu-au-frais\/","url":"https:\/\/www.bretzel-liquide.com\/blog\/2022\/06\/18\/je-crois-que-je-vais-rester-encore-un-peu-au-frais\/","name":"je crois que je vais rester encore un peu au frais - \u00e0 l&#039;ombre d&#039;un paradoxe en fleur","isPartOf":{"@id":"https:\/\/www.bretzel-liquide.com\/blog\/#website"},"primaryImageOfPage":{"@id":"https:\/\/www.bretzel-liquide.com\/blog\/2022\/06\/18\/je-crois-que-je-vais-rester-encore-un-peu-au-frais\/#primaryimage"},"image":{"@id":"https:\/\/www.bretzel-liquide.com\/blog\/2022\/06\/18\/je-crois-que-je-vais-rester-encore-un-peu-au-frais\/#primaryimage"},"thumbnailUrl":"https:\/\/www.bretzel-liquide.com\/blog\/wp-content\/uploads\/2022\/06\/Man-Ray-Marcel-Proust-on-his-deathbed-1922-lit-de-mort-1024x751.jpg","datePublished":"2022-06-18T05:31:06+00:00","description":"je crois que je vais rester encore un peu au frais","breadcrumb":{"@id":"https:\/\/www.bretzel-liquide.com\/blog\/2022\/06\/18\/je-crois-que-je-vais-rester-encore-un-peu-au-frais\/#breadcrumb"},"inLanguage":"fr-FR","potentialAction":[{"@type":"ReadAction","target":["https:\/\/www.bretzel-liquide.com\/blog\/2022\/06\/18\/je-crois-que-je-vais-rester-encore-un-peu-au-frais\/"]}]},{"@type":"ImageObject","inLanguage":"fr-FR","@id":"https:\/\/www.bretzel-liquide.com\/blog\/2022\/06\/18\/je-crois-que-je-vais-rester-encore-un-peu-au-frais\/#primaryimage","url":"https:\/\/www.bretzel-liquide.com\/blog\/wp-content\/uploads\/2022\/06\/Man-Ray-Marcel-Proust-on-his-deathbed-1922-lit-de-mort-1024x751.jpg","contentUrl":"https:\/\/www.bretzel-liquide.com\/blog\/wp-content\/uploads\/2022\/06\/Man-Ray-Marcel-Proust-on-his-deathbed-1922-lit-de-mort-1024x751.jpg"},{"@type":"BreadcrumbList","@id":"https:\/\/www.bretzel-liquide.com\/blog\/2022\/06\/18\/je-crois-que-je-vais-rester-encore-un-peu-au-frais\/#breadcrumb","itemListElement":[{"@type":"ListItem","position":1,"name":"Accueil","item":"https:\/\/www.bretzel-liquide.com\/blog\/"},{"@type":"ListItem","position":2,"name":"je crois que je vais rester encore un peu au frais"}]},{"@type":"WebSite","@id":"https:\/\/www.bretzel-liquide.com\/blog\/#website","url":"https:\/\/www.bretzel-liquide.com\/blog\/","name":"\u00e0 l&#039;ombre d&#039;un paradoxe en fleur","description":"la face nord du bretzel liquide : humour absurde, images \u00e9tranges, microblogging","publisher":{"@id":"https:\/\/www.bretzel-liquide.com\/blog\/#\/schema\/person\/16b498860410bff000499934f159633d"},"potentialAction":[{"@type":"SearchAction","target":{"@type":"EntryPoint","urlTemplate":"https:\/\/www.bretzel-liquide.com\/blog\/?s={search_term_string}"},"query-input":{"@type":"PropertyValueSpecification","valueRequired":true,"valueName":"search_term_string"}}],"inLanguage":"fr-FR"},{"@type":["Person","Organization"],"@id":"https:\/\/www.bretzel-liquide.com\/blog\/#\/schema\/person\/16b498860410bff000499934f159633d","name":"Yves Brette","image":{"@type":"ImageObject","inLanguage":"fr-FR","@id":"https:\/\/www.bretzel-liquide.com\/blog\/wp-content\/uploads\/2022\/01\/headerchien.jpg","url":"https:\/\/www.bretzel-liquide.com\/blog\/wp-content\/uploads\/2022\/01\/headerchien.jpg","contentUrl":"https:\/\/www.bretzel-liquide.com\/blog\/wp-content\/uploads\/2022\/01\/headerchien.jpg","width":150,"height":147,"caption":"Yves Brette"},"logo":{"@id":"https:\/\/www.bretzel-liquide.com\/blog\/wp-content\/uploads\/2022\/01\/headerchien.jpg"},"sameAs":["http:\/\/www.bretzel-liquide.com\/blog"],"url":"https:\/\/www.bretzel-liquide.com\/blog\/author\/yves\/"}]}},"_links":{"self":[{"href":"https:\/\/www.bretzel-liquide.com\/blog\/wp-json\/wp\/v2\/posts\/4658","targetHints":{"allow":["GET"]}}],"collection":[{"href":"https:\/\/www.bretzel-liquide.com\/blog\/wp-json\/wp\/v2\/posts"}],"about":[{"href":"https:\/\/www.bretzel-liquide.com\/blog\/wp-json\/wp\/v2\/types\/post"}],"author":[{"embeddable":true,"href":"https:\/\/www.bretzel-liquide.com\/blog\/wp-json\/wp\/v2\/users\/1"}],"replies":[{"embeddable":true,"href":"https:\/\/www.bretzel-liquide.com\/blog\/wp-json\/wp\/v2\/comments?post=4658"}],"version-history":[{"count":1,"href":"https:\/\/www.bretzel-liquide.com\/blog\/wp-json\/wp\/v2\/posts\/4658\/revisions"}],"predecessor-version":[{"id":4660,"href":"https:\/\/www.bretzel-liquide.com\/blog\/wp-json\/wp\/v2\/posts\/4658\/revisions\/4660"}],"wp:attachment":[{"href":"https:\/\/www.bretzel-liquide.com\/blog\/wp-json\/wp\/v2\/media?parent=4658"}],"wp:term":[{"taxonomy":"category","embeddable":true,"href":"https:\/\/www.bretzel-liquide.com\/blog\/wp-json\/wp\/v2\/categories?post=4658"},{"taxonomy":"post_tag","embeddable":true,"href":"https:\/\/www.bretzel-liquide.com\/blog\/wp-json\/wp\/v2\/tags?post=4658"}],"curies":[{"name":"wp","href":"https:\/\/api.w.org\/{rel}","templated":true}]}}