{"id":6133,"date":"2022-07-28T07:49:46","date_gmt":"2022-07-28T05:49:46","guid":{"rendered":"https:\/\/www.bretzel-liquide.com\/blog\/?p=6133"},"modified":"2022-07-28T07:49:46","modified_gmt":"2022-07-28T05:49:46","slug":"se-detruire-dit-elle","status":"publish","type":"post","link":"https:\/\/www.bretzel-liquide.com\/blog\/2022\/07\/28\/se-detruire-dit-elle\/","title":{"rendered":"se d\u00e9truire &#8211; dit-elle"},"content":{"rendered":"\n<figure class=\"wp-block-image size-large\"><a href=\"https:\/\/www.bretzel-liquide.com\/blog\/wp-content\/uploads\/2022\/07\/comportements-autodestructeurs-le-doux-parfum-de-la-decadence-se-detruire-dit-elle.jpg\"><img loading=\"lazy\" decoding=\"async\" width=\"815\" height=\"1024\" src=\"https:\/\/www.bretzel-liquide.com\/blog\/wp-content\/uploads\/2022\/07\/comportements-autodestructeurs-le-doux-parfum-de-la-decadence-se-detruire-dit-elle-815x1024.jpg\" alt=\"se d\u00e9truire - dit-elle\" class=\"wp-image-6134\" srcset=\"https:\/\/www.bretzel-liquide.com\/blog\/wp-content\/uploads\/2022\/07\/comportements-autodestructeurs-le-doux-parfum-de-la-decadence-se-detruire-dit-elle-815x1024.jpg 815w, https:\/\/www.bretzel-liquide.com\/blog\/wp-content\/uploads\/2022\/07\/comportements-autodestructeurs-le-doux-parfum-de-la-decadence-se-detruire-dit-elle-239x300.jpg 239w, https:\/\/www.bretzel-liquide.com\/blog\/wp-content\/uploads\/2022\/07\/comportements-autodestructeurs-le-doux-parfum-de-la-decadence-se-detruire-dit-elle-768x965.jpg 768w, https:\/\/www.bretzel-liquide.com\/blog\/wp-content\/uploads\/2022\/07\/comportements-autodestructeurs-le-doux-parfum-de-la-decadence-se-detruire-dit-elle-1200x1507.jpg 1200w, https:\/\/www.bretzel-liquide.com\/blog\/wp-content\/uploads\/2022\/07\/comportements-autodestructeurs-le-doux-parfum-de-la-decadence-se-detruire-dit-elle.jpg 1222w\" sizes=\"auto, (max-width: 815px) 100vw, 815px\" \/><\/a><figcaption>se d\u00e9truire &#8211; dit-elle<\/figcaption><\/figure>\n\n\n\n<p>se d\u00e9truire &#8211; dit-elle &#8212; Marguerite Duras, 1969<\/p>\n\n\n\n<blockquote class=\"wp-block-quote is-layout-flow wp-block-quote-is-layout-flow\"><p>\u00ab\u00a0Il s&rsquo;agit d&rsquo;un quatuor. L&rsquo;h\u00e9ro\u00efne, Elizabeth Alione, enfonc\u00e9e dans une profonde m\u00e9lancolie qu&rsquo;elle tra\u00eene dans les couloirs, le parc et la salle \u00e0 manger d&rsquo;un h\u00f4tel, faible, alanguie, ouverte, Alissa, dure, belle, f\u00e9roce, sensuelle, affranchie des convenances. Deux femmes en apparence si loin l&rsquo;une de l&rsquo;autre. Max Thor et Stein, deux intellectuels, voyeurs, chasseurs, destructeurs. Chacun se noie dans le d\u00e9sir de l&rsquo;autre. Max Thor dans celui de Stein, Elizabeth dans celui d&rsquo;Alissa. Les deux hommes, amants d&rsquo;Alissa, sont tous deux \u00e9pris d&rsquo;Elizabeth, leur nouvelle proie.\u00a0<em>se d\u00e9truire, dit-elle<\/em>\u00a0c\u00e9l\u00e8bre le culte du n\u00e9ant sur fond de voyeurisme. Tout est d\u00e9crit sur fond d&rsquo;absence. Un brouillard enveloppe les personnages qui se d\u00e9battent maladroitement pour continuer \u00e0 vivre. Duras le dit elle-m\u00eame\u00a0: \u00ab\u00a0J&rsquo;ai voulu montrer un monde plus tard, apr\u00e8s Freud, un monde qui aurait perdu le sommeil\u00a0\u00bb.\u00a0\u00bb<\/p><cite><a href=\"https:\/\/fr.wikipedia.org\/wiki\/Laure_Adler\" target=\"_blank\" rel=\"noreferrer noopener\">Laure Adler<\/a>,\u00a0Marguerite Duras <a href=\"https:\/\/fr.wikipedia.org\/wiki\/D%C3%A9truire,_dit-elle_(film)\" target=\"_blank\" rel=\"noreferrer noopener\">Wikipedia<\/a><\/cite><\/blockquote>\n\n\n\n<p>tags : comportements autodestructeurs, le doux parfum de la d\u00e9cadence, la tentation du gouffre<\/p>\n","protected":false},"excerpt":{"rendered":"<p>se d\u00e9truire &#8211; dit-elle &#8212; Marguerite Duras, 1969 \u00ab\u00a0Il s&rsquo;agit d&rsquo;un quatuor. L&rsquo;h\u00e9ro\u00efne, Elizabeth Alione, enfonc\u00e9e dans une profonde m\u00e9lancolie qu&rsquo;elle tra\u00eene dans les couloirs, le parc et la salle \u00e0 manger d&rsquo;un h\u00f4tel, faible, alanguie, ouverte, Alissa, dure, belle, f\u00e9roce, sensuelle, affranchie des convenances. Deux femmes en apparence si loin l&rsquo;une de l&rsquo;autre. Max [&hellip;]<\/p>\n","protected":false},"author":1,"featured_media":0,"comment_status":"open","ping_status":"open","sticky":false,"template":"","format":"standard","meta":{"footnotes":""},"categories":[243,136,239],"tags":[82,194,254,403,64],"class_list":["post-6133","post","type-post","status-publish","format-standard","hentry","category-comprendre-les-expressions-francaises","category-de-lautre-cote-du-mouroir","category-psychologie-en-partenariat-avec-spychologie-magasine","tag-culturisme","tag-illustration","tag-litterature","tag-marguerite-duras","tag-mort"],"yoast_head":"<!-- This site is optimized with the Yoast SEO plugin v27.4 - https:\/\/yoast.com\/product\/yoast-seo-wordpress\/ -->\n<title>se d\u00e9truire - dit-elle - \u00e0 l&#039;ombre d&#039;un paradoxe en fleur<\/title>\n<meta name=\"description\" content=\"se d\u00e9truire - dit-elle -- Marguerite Duras : &quot;J&#039;ai voulu montrer un monde plus tard, apr\u00e8s Freud, un monde qui aurait perdu le sommeil&quot;.\u00a0\u00bb\" \/>\n<meta name=\"robots\" content=\"index, follow, max-snippet:-1, max-image-preview:large, max-video-preview:-1\" \/>\n<link rel=\"canonical\" href=\"https:\/\/www.bretzel-liquide.com\/blog\/2022\/07\/28\/se-detruire-dit-elle\/\" \/>\n<meta property=\"og:locale\" content=\"fr_FR\" \/>\n<meta property=\"og:type\" content=\"article\" \/>\n<meta property=\"og:title\" content=\"se d\u00e9truire - dit-elle - \u00e0 l&#039;ombre d&#039;un paradoxe en fleur\" \/>\n<meta property=\"og:description\" content=\"se d\u00e9truire - dit-elle -- Marguerite Duras : &quot;J&#039;ai voulu montrer un monde plus tard, apr\u00e8s Freud, un monde qui aurait perdu le sommeil&quot;.\u00a0\u00bb\" \/>\n<meta property=\"og:url\" content=\"https:\/\/www.bretzel-liquide.com\/blog\/2022\/07\/28\/se-detruire-dit-elle\/\" \/>\n<meta property=\"og:site_name\" content=\"\u00e0 l&#039;ombre d&#039;un paradoxe en fleur\" \/>\n<meta property=\"article:published_time\" content=\"2022-07-28T05:49:46+00:00\" \/>\n<meta property=\"og:image\" content=\"https:\/\/www.bretzel-liquide.com\/blog\/wp-content\/uploads\/2022\/07\/comportements-autodestructeurs-le-doux-parfum-de-la-decadence-se-detruire-dit-elle-815x1024.jpg\" \/>\n<meta name=\"author\" content=\"Yves Brette\" \/>\n<meta name=\"twitter:card\" content=\"summary_large_image\" \/>\n<meta name=\"twitter:label1\" content=\"\u00c9crit par\" \/>\n\t<meta name=\"twitter:data1\" content=\"Yves Brette\" \/>\n\t<meta name=\"twitter:label2\" content=\"Dur\u00e9e de lecture estim\u00e9e\" \/>\n\t<meta name=\"twitter:data2\" content=\"1 minute\" \/>\n<script type=\"application\/ld+json\" class=\"yoast-schema-graph\">{\"@context\":\"https:\\\/\\\/schema.org\",\"@graph\":[{\"@type\":\"Article\",\"@id\":\"https:\\\/\\\/www.bretzel-liquide.com\\\/blog\\\/2022\\\/07\\\/28\\\/se-detruire-dit-elle\\\/#article\",\"isPartOf\":{\"@id\":\"https:\\\/\\\/www.bretzel-liquide.com\\\/blog\\\/2022\\\/07\\\/28\\\/se-detruire-dit-elle\\\/\"},\"author\":{\"name\":\"Yves Brette\",\"@id\":\"https:\\\/\\\/www.bretzel-liquide.com\\\/blog\\\/#\\\/schema\\\/person\\\/16b498860410bff000499934f159633d\"},\"headline\":\"se d\u00e9truire &#8211; dit-elle\",\"datePublished\":\"2022-07-28T05:49:46+00:00\",\"mainEntityOfPage\":{\"@id\":\"https:\\\/\\\/www.bretzel-liquide.com\\\/blog\\\/2022\\\/07\\\/28\\\/se-detruire-dit-elle\\\/\"},\"wordCount\":201,\"commentCount\":0,\"publisher\":{\"@id\":\"https:\\\/\\\/www.bretzel-liquide.com\\\/blog\\\/#\\\/schema\\\/person\\\/16b498860410bff000499934f159633d\"},\"image\":{\"@id\":\"https:\\\/\\\/www.bretzel-liquide.com\\\/blog\\\/2022\\\/07\\\/28\\\/se-detruire-dit-elle\\\/#primaryimage\"},\"thumbnailUrl\":\"https:\\\/\\\/www.bretzel-liquide.com\\\/blog\\\/wp-content\\\/uploads\\\/2022\\\/07\\\/comportements-autodestructeurs-le-doux-parfum-de-la-decadence-se-detruire-dit-elle-815x1024.jpg\",\"keywords\":[\"culturisme\",\"illustration\",\"litt\u00e9rature\",\"Marguerite Duras\",\"mort\"],\"articleSection\":[\"comprendre les expressions fran\u00e7aises\",\"de l'autre c\u00f4t\u00e9 du mouroir\",\"psychologie (en partenariat avec spychologie magasine)\"],\"inLanguage\":\"fr-FR\",\"potentialAction\":[{\"@type\":\"CommentAction\",\"name\":\"Comment\",\"target\":[\"https:\\\/\\\/www.bretzel-liquide.com\\\/blog\\\/2022\\\/07\\\/28\\\/se-detruire-dit-elle\\\/#respond\"]}]},{\"@type\":\"WebPage\",\"@id\":\"https:\\\/\\\/www.bretzel-liquide.com\\\/blog\\\/2022\\\/07\\\/28\\\/se-detruire-dit-elle\\\/\",\"url\":\"https:\\\/\\\/www.bretzel-liquide.com\\\/blog\\\/2022\\\/07\\\/28\\\/se-detruire-dit-elle\\\/\",\"name\":\"se d\u00e9truire - dit-elle - \u00e0 l&#039;ombre d&#039;un paradoxe en fleur\",\"isPartOf\":{\"@id\":\"https:\\\/\\\/www.bretzel-liquide.com\\\/blog\\\/#website\"},\"primaryImageOfPage\":{\"@id\":\"https:\\\/\\\/www.bretzel-liquide.com\\\/blog\\\/2022\\\/07\\\/28\\\/se-detruire-dit-elle\\\/#primaryimage\"},\"image\":{\"@id\":\"https:\\\/\\\/www.bretzel-liquide.com\\\/blog\\\/2022\\\/07\\\/28\\\/se-detruire-dit-elle\\\/#primaryimage\"},\"thumbnailUrl\":\"https:\\\/\\\/www.bretzel-liquide.com\\\/blog\\\/wp-content\\\/uploads\\\/2022\\\/07\\\/comportements-autodestructeurs-le-doux-parfum-de-la-decadence-se-detruire-dit-elle-815x1024.jpg\",\"datePublished\":\"2022-07-28T05:49:46+00:00\",\"description\":\"se d\u00e9truire - dit-elle -- Marguerite Duras : \\\"J'ai voulu montrer un monde plus tard, apr\u00e8s Freud, un monde qui aurait perdu le sommeil\\\".\u00a0\u00bb\",\"breadcrumb\":{\"@id\":\"https:\\\/\\\/www.bretzel-liquide.com\\\/blog\\\/2022\\\/07\\\/28\\\/se-detruire-dit-elle\\\/#breadcrumb\"},\"inLanguage\":\"fr-FR\",\"potentialAction\":[{\"@type\":\"ReadAction\",\"target\":[\"https:\\\/\\\/www.bretzel-liquide.com\\\/blog\\\/2022\\\/07\\\/28\\\/se-detruire-dit-elle\\\/\"]}]},{\"@type\":\"ImageObject\",\"inLanguage\":\"fr-FR\",\"@id\":\"https:\\\/\\\/www.bretzel-liquide.com\\\/blog\\\/2022\\\/07\\\/28\\\/se-detruire-dit-elle\\\/#primaryimage\",\"url\":\"https:\\\/\\\/www.bretzel-liquide.com\\\/blog\\\/wp-content\\\/uploads\\\/2022\\\/07\\\/comportements-autodestructeurs-le-doux-parfum-de-la-decadence-se-detruire-dit-elle.jpg\",\"contentUrl\":\"https:\\\/\\\/www.bretzel-liquide.com\\\/blog\\\/wp-content\\\/uploads\\\/2022\\\/07\\\/comportements-autodestructeurs-le-doux-parfum-de-la-decadence-se-detruire-dit-elle.jpg\",\"width\":1222,\"height\":1535},{\"@type\":\"BreadcrumbList\",\"@id\":\"https:\\\/\\\/www.bretzel-liquide.com\\\/blog\\\/2022\\\/07\\\/28\\\/se-detruire-dit-elle\\\/#breadcrumb\",\"itemListElement\":[{\"@type\":\"ListItem\",\"position\":1,\"name\":\"Accueil\",\"item\":\"https:\\\/\\\/www.bretzel-liquide.com\\\/blog\\\/\"},{\"@type\":\"ListItem\",\"position\":2,\"name\":\"se d\u00e9truire &#8211; dit-elle\"}]},{\"@type\":\"WebSite\",\"@id\":\"https:\\\/\\\/www.bretzel-liquide.com\\\/blog\\\/#website\",\"url\":\"https:\\\/\\\/www.bretzel-liquide.com\\\/blog\\\/\",\"name\":\"\u00e0 l&#039;ombre d&#039;un paradoxe en fleur\",\"description\":\"la face nord du bretzel liquide : humour absurde, images \u00e9tranges, microblogging\",\"publisher\":{\"@id\":\"https:\\\/\\\/www.bretzel-liquide.com\\\/blog\\\/#\\\/schema\\\/person\\\/16b498860410bff000499934f159633d\"},\"potentialAction\":[{\"@type\":\"SearchAction\",\"target\":{\"@type\":\"EntryPoint\",\"urlTemplate\":\"https:\\\/\\\/www.bretzel-liquide.com\\\/blog\\\/?s={search_term_string}\"},\"query-input\":{\"@type\":\"PropertyValueSpecification\",\"valueRequired\":true,\"valueName\":\"search_term_string\"}}],\"inLanguage\":\"fr-FR\"},{\"@type\":[\"Person\",\"Organization\"],\"@id\":\"https:\\\/\\\/www.bretzel-liquide.com\\\/blog\\\/#\\\/schema\\\/person\\\/16b498860410bff000499934f159633d\",\"name\":\"Yves Brette\",\"image\":{\"@type\":\"ImageObject\",\"inLanguage\":\"fr-FR\",\"@id\":\"https:\\\/\\\/www.bretzel-liquide.com\\\/blog\\\/wp-content\\\/uploads\\\/2022\\\/01\\\/headerchien.jpg\",\"url\":\"https:\\\/\\\/www.bretzel-liquide.com\\\/blog\\\/wp-content\\\/uploads\\\/2022\\\/01\\\/headerchien.jpg\",\"contentUrl\":\"https:\\\/\\\/www.bretzel-liquide.com\\\/blog\\\/wp-content\\\/uploads\\\/2022\\\/01\\\/headerchien.jpg\",\"width\":150,\"height\":147,\"caption\":\"Yves Brette\"},\"logo\":{\"@id\":\"https:\\\/\\\/www.bretzel-liquide.com\\\/blog\\\/wp-content\\\/uploads\\\/2022\\\/01\\\/headerchien.jpg\"},\"sameAs\":[\"http:\\\/\\\/www.bretzel-liquide.com\\\/blog\"],\"url\":\"https:\\\/\\\/www.bretzel-liquide.com\\\/blog\\\/author\\\/yves\\\/\"}]}<\/script>\n<!-- \/ Yoast SEO plugin. -->","yoast_head_json":{"title":"se d\u00e9truire - dit-elle - \u00e0 l&#039;ombre d&#039;un paradoxe en fleur","description":"se d\u00e9truire - dit-elle -- Marguerite Duras : \"J'ai voulu montrer un monde plus tard, apr\u00e8s Freud, un monde qui aurait perdu le sommeil\".\u00a0\u00bb","robots":{"index":"index","follow":"follow","max-snippet":"max-snippet:-1","max-image-preview":"max-image-preview:large","max-video-preview":"max-video-preview:-1"},"canonical":"https:\/\/www.bretzel-liquide.com\/blog\/2022\/07\/28\/se-detruire-dit-elle\/","og_locale":"fr_FR","og_type":"article","og_title":"se d\u00e9truire - dit-elle - \u00e0 l&#039;ombre d&#039;un paradoxe en fleur","og_description":"se d\u00e9truire - dit-elle -- Marguerite Duras : \"J'ai voulu montrer un monde plus tard, apr\u00e8s Freud, un monde qui aurait perdu le sommeil\".\u00a0\u00bb","og_url":"https:\/\/www.bretzel-liquide.com\/blog\/2022\/07\/28\/se-detruire-dit-elle\/","og_site_name":"\u00e0 l&#039;ombre d&#039;un paradoxe en fleur","article_published_time":"2022-07-28T05:49:46+00:00","og_image":[{"url":"https:\/\/www.bretzel-liquide.com\/blog\/wp-content\/uploads\/2022\/07\/comportements-autodestructeurs-le-doux-parfum-de-la-decadence-se-detruire-dit-elle-815x1024.jpg","type":"","width":"","height":""}],"author":"Yves Brette","twitter_card":"summary_large_image","twitter_misc":{"\u00c9crit par":"Yves Brette","Dur\u00e9e de lecture estim\u00e9e":"1 minute"},"schema":{"@context":"https:\/\/schema.org","@graph":[{"@type":"Article","@id":"https:\/\/www.bretzel-liquide.com\/blog\/2022\/07\/28\/se-detruire-dit-elle\/#article","isPartOf":{"@id":"https:\/\/www.bretzel-liquide.com\/blog\/2022\/07\/28\/se-detruire-dit-elle\/"},"author":{"name":"Yves Brette","@id":"https:\/\/www.bretzel-liquide.com\/blog\/#\/schema\/person\/16b498860410bff000499934f159633d"},"headline":"se d\u00e9truire &#8211; dit-elle","datePublished":"2022-07-28T05:49:46+00:00","mainEntityOfPage":{"@id":"https:\/\/www.bretzel-liquide.com\/blog\/2022\/07\/28\/se-detruire-dit-elle\/"},"wordCount":201,"commentCount":0,"publisher":{"@id":"https:\/\/www.bretzel-liquide.com\/blog\/#\/schema\/person\/16b498860410bff000499934f159633d"},"image":{"@id":"https:\/\/www.bretzel-liquide.com\/blog\/2022\/07\/28\/se-detruire-dit-elle\/#primaryimage"},"thumbnailUrl":"https:\/\/www.bretzel-liquide.com\/blog\/wp-content\/uploads\/2022\/07\/comportements-autodestructeurs-le-doux-parfum-de-la-decadence-se-detruire-dit-elle-815x1024.jpg","keywords":["culturisme","illustration","litt\u00e9rature","Marguerite Duras","mort"],"articleSection":["comprendre les expressions fran\u00e7aises","de l'autre c\u00f4t\u00e9 du mouroir","psychologie (en partenariat avec spychologie magasine)"],"inLanguage":"fr-FR","potentialAction":[{"@type":"CommentAction","name":"Comment","target":["https:\/\/www.bretzel-liquide.com\/blog\/2022\/07\/28\/se-detruire-dit-elle\/#respond"]}]},{"@type":"WebPage","@id":"https:\/\/www.bretzel-liquide.com\/blog\/2022\/07\/28\/se-detruire-dit-elle\/","url":"https:\/\/www.bretzel-liquide.com\/blog\/2022\/07\/28\/se-detruire-dit-elle\/","name":"se d\u00e9truire - dit-elle - \u00e0 l&#039;ombre d&#039;un paradoxe en fleur","isPartOf":{"@id":"https:\/\/www.bretzel-liquide.com\/blog\/#website"},"primaryImageOfPage":{"@id":"https:\/\/www.bretzel-liquide.com\/blog\/2022\/07\/28\/se-detruire-dit-elle\/#primaryimage"},"image":{"@id":"https:\/\/www.bretzel-liquide.com\/blog\/2022\/07\/28\/se-detruire-dit-elle\/#primaryimage"},"thumbnailUrl":"https:\/\/www.bretzel-liquide.com\/blog\/wp-content\/uploads\/2022\/07\/comportements-autodestructeurs-le-doux-parfum-de-la-decadence-se-detruire-dit-elle-815x1024.jpg","datePublished":"2022-07-28T05:49:46+00:00","description":"se d\u00e9truire - dit-elle -- Marguerite Duras : \"J'ai voulu montrer un monde plus tard, apr\u00e8s Freud, un monde qui aurait perdu le sommeil\".\u00a0\u00bb","breadcrumb":{"@id":"https:\/\/www.bretzel-liquide.com\/blog\/2022\/07\/28\/se-detruire-dit-elle\/#breadcrumb"},"inLanguage":"fr-FR","potentialAction":[{"@type":"ReadAction","target":["https:\/\/www.bretzel-liquide.com\/blog\/2022\/07\/28\/se-detruire-dit-elle\/"]}]},{"@type":"ImageObject","inLanguage":"fr-FR","@id":"https:\/\/www.bretzel-liquide.com\/blog\/2022\/07\/28\/se-detruire-dit-elle\/#primaryimage","url":"https:\/\/www.bretzel-liquide.com\/blog\/wp-content\/uploads\/2022\/07\/comportements-autodestructeurs-le-doux-parfum-de-la-decadence-se-detruire-dit-elle.jpg","contentUrl":"https:\/\/www.bretzel-liquide.com\/blog\/wp-content\/uploads\/2022\/07\/comportements-autodestructeurs-le-doux-parfum-de-la-decadence-se-detruire-dit-elle.jpg","width":1222,"height":1535},{"@type":"BreadcrumbList","@id":"https:\/\/www.bretzel-liquide.com\/blog\/2022\/07\/28\/se-detruire-dit-elle\/#breadcrumb","itemListElement":[{"@type":"ListItem","position":1,"name":"Accueil","item":"https:\/\/www.bretzel-liquide.com\/blog\/"},{"@type":"ListItem","position":2,"name":"se d\u00e9truire &#8211; dit-elle"}]},{"@type":"WebSite","@id":"https:\/\/www.bretzel-liquide.com\/blog\/#website","url":"https:\/\/www.bretzel-liquide.com\/blog\/","name":"\u00e0 l&#039;ombre d&#039;un paradoxe en fleur","description":"la face nord du bretzel liquide : humour absurde, images \u00e9tranges, microblogging","publisher":{"@id":"https:\/\/www.bretzel-liquide.com\/blog\/#\/schema\/person\/16b498860410bff000499934f159633d"},"potentialAction":[{"@type":"SearchAction","target":{"@type":"EntryPoint","urlTemplate":"https:\/\/www.bretzel-liquide.com\/blog\/?s={search_term_string}"},"query-input":{"@type":"PropertyValueSpecification","valueRequired":true,"valueName":"search_term_string"}}],"inLanguage":"fr-FR"},{"@type":["Person","Organization"],"@id":"https:\/\/www.bretzel-liquide.com\/blog\/#\/schema\/person\/16b498860410bff000499934f159633d","name":"Yves Brette","image":{"@type":"ImageObject","inLanguage":"fr-FR","@id":"https:\/\/www.bretzel-liquide.com\/blog\/wp-content\/uploads\/2022\/01\/headerchien.jpg","url":"https:\/\/www.bretzel-liquide.com\/blog\/wp-content\/uploads\/2022\/01\/headerchien.jpg","contentUrl":"https:\/\/www.bretzel-liquide.com\/blog\/wp-content\/uploads\/2022\/01\/headerchien.jpg","width":150,"height":147,"caption":"Yves Brette"},"logo":{"@id":"https:\/\/www.bretzel-liquide.com\/blog\/wp-content\/uploads\/2022\/01\/headerchien.jpg"},"sameAs":["http:\/\/www.bretzel-liquide.com\/blog"],"url":"https:\/\/www.bretzel-liquide.com\/blog\/author\/yves\/"}]}},"_links":{"self":[{"href":"https:\/\/www.bretzel-liquide.com\/blog\/wp-json\/wp\/v2\/posts\/6133","targetHints":{"allow":["GET"]}}],"collection":[{"href":"https:\/\/www.bretzel-liquide.com\/blog\/wp-json\/wp\/v2\/posts"}],"about":[{"href":"https:\/\/www.bretzel-liquide.com\/blog\/wp-json\/wp\/v2\/types\/post"}],"author":[{"embeddable":true,"href":"https:\/\/www.bretzel-liquide.com\/blog\/wp-json\/wp\/v2\/users\/1"}],"replies":[{"embeddable":true,"href":"https:\/\/www.bretzel-liquide.com\/blog\/wp-json\/wp\/v2\/comments?post=6133"}],"version-history":[{"count":1,"href":"https:\/\/www.bretzel-liquide.com\/blog\/wp-json\/wp\/v2\/posts\/6133\/revisions"}],"predecessor-version":[{"id":6135,"href":"https:\/\/www.bretzel-liquide.com\/blog\/wp-json\/wp\/v2\/posts\/6133\/revisions\/6135"}],"wp:attachment":[{"href":"https:\/\/www.bretzel-liquide.com\/blog\/wp-json\/wp\/v2\/media?parent=6133"}],"wp:term":[{"taxonomy":"category","embeddable":true,"href":"https:\/\/www.bretzel-liquide.com\/blog\/wp-json\/wp\/v2\/categories?post=6133"},{"taxonomy":"post_tag","embeddable":true,"href":"https:\/\/www.bretzel-liquide.com\/blog\/wp-json\/wp\/v2\/tags?post=6133"}],"curies":[{"name":"wp","href":"https:\/\/api.w.org\/{rel}","templated":true}]}}