{"id":6300,"date":"2022-08-03T15:46:32","date_gmt":"2022-08-03T13:46:32","guid":{"rendered":"https:\/\/www.bretzel-liquide.com\/blog\/?p=6300"},"modified":"2022-08-03T19:57:56","modified_gmt":"2022-08-03T17:57:56","slug":"mes-vacances-en-amerique-du-sud-avec-eric-zemmour","status":"publish","type":"post","link":"https:\/\/www.bretzel-liquide.com\/blog\/2022\/08\/03\/mes-vacances-en-amerique-du-sud-avec-eric-zemmour\/","title":{"rendered":"mes vacances en Am\u00e9rique du sud avec Eric Zemmour"},"content":{"rendered":"\n<figure class=\"wp-block-image size-full\"><a href=\"https:\/\/www.bretzel-liquide.com\/blog\/wp-content\/uploads\/2022\/08\/Hitler-mes-vacances-en-amerique-du-sud.jpeg\"><img loading=\"lazy\" decoding=\"async\" width=\"780\" height=\"960\" src=\"https:\/\/www.bretzel-liquide.com\/blog\/wp-content\/uploads\/2022\/08\/Hitler-mes-vacances-en-amerique-du-sud.jpeg\" alt=\"\" class=\"wp-image-6301\" srcset=\"https:\/\/www.bretzel-liquide.com\/blog\/wp-content\/uploads\/2022\/08\/Hitler-mes-vacances-en-amerique-du-sud.jpeg 780w, https:\/\/www.bretzel-liquide.com\/blog\/wp-content\/uploads\/2022\/08\/Hitler-mes-vacances-en-amerique-du-sud-244x300.jpeg 244w, https:\/\/www.bretzel-liquide.com\/blog\/wp-content\/uploads\/2022\/08\/Hitler-mes-vacances-en-amerique-du-sud-768x945.jpeg 768w\" sizes=\"auto, (max-width: 780px) 100vw, 780px\" \/><\/a><figcaption>mes vacances en Am\u00e9rique du sud avec Eric Zemmour<\/figcaption><\/figure>\n\n\n\n<p>mes vacances en Am\u00e9rique du sud avec Eric Zemmour<\/p>\n\n\n\n<p>Je tiens \u00e0 pr\u00e9ciser que je n&rsquo;avais certes pas l&rsquo;intention, en postant cette image trouv\u00e9e sur internet, d&rsquo;apporter un quelconque soutien aux th\u00e8ses naus\u00e9abondes du sieur Dieudonn\u00e9. Imaginer \u00c9ric Zemmour dans ce costume de sous-brette suffisait \u00e0 me faire sourire<\/p>\n","protected":false},"excerpt":{"rendered":"<p>mes vacances en Am\u00e9rique du sud avec Eric Zemmour Je tiens \u00e0 pr\u00e9ciser que je n&rsquo;avais certes pas l&rsquo;intention, en postant cette image trouv\u00e9e sur internet, d&rsquo;apporter un quelconque soutien aux th\u00e8ses naus\u00e9abondes du sieur Dieudonn\u00e9. Imaginer \u00c9ric Zemmour dans ce costume de sous-brette suffisait \u00e0 me faire sourire<\/p>\n","protected":false},"author":1,"featured_media":0,"comment_status":"open","ping_status":"open","sticky":false,"template":"","format":"standard","meta":{"footnotes":""},"categories":[66],"tags":[72,71,60,173,238],"class_list":["post-6300","post","type-post","status-publish","format-standard","hentry","category-ensemble-tout-devient-penible","tag-eric-zemmour","tag-extreme-droite","tag-image","tag-tourisme","tag-vacances"],"yoast_head":"<!-- This site is optimized with the Yoast SEO plugin v27.5 - https:\/\/yoast.com\/product\/yoast-seo-wordpress\/ -->\n<title>mes vacances en Am\u00e9rique du sud avec Eric Zemmour - \u00e0 l&#039;ombre d&#039;un paradoxe en fleur<\/title>\n<meta name=\"description\" content=\"mes vacances en Am\u00e9rique du sud avec Eric Zemmour\" \/>\n<meta name=\"robots\" content=\"index, follow, max-snippet:-1, max-image-preview:large, max-video-preview:-1\" \/>\n<link rel=\"canonical\" href=\"https:\/\/www.bretzel-liquide.com\/blog\/2022\/08\/03\/mes-vacances-en-amerique-du-sud-avec-eric-zemmour\/\" \/>\n<meta property=\"og:locale\" content=\"fr_FR\" \/>\n<meta property=\"og:type\" content=\"article\" \/>\n<meta property=\"og:title\" content=\"mes vacances en Am\u00e9rique du sud avec Eric Zemmour - \u00e0 l&#039;ombre d&#039;un paradoxe en fleur\" \/>\n<meta property=\"og:description\" content=\"mes vacances en Am\u00e9rique du sud avec Eric Zemmour\" \/>\n<meta property=\"og:url\" content=\"https:\/\/www.bretzel-liquide.com\/blog\/2022\/08\/03\/mes-vacances-en-amerique-du-sud-avec-eric-zemmour\/\" \/>\n<meta property=\"og:site_name\" content=\"\u00e0 l&#039;ombre d&#039;un paradoxe en fleur\" \/>\n<meta property=\"article:published_time\" content=\"2022-08-03T13:46:32+00:00\" \/>\n<meta property=\"article:modified_time\" content=\"2022-08-03T17:57:56+00:00\" \/>\n<meta property=\"og:image\" content=\"https:\/\/www.bretzel-liquide.com\/blog\/wp-content\/uploads\/2022\/08\/Hitler-mes-vacances-en-amerique-du-sud.jpeg\" \/>\n<meta name=\"author\" content=\"Yves Brette\" \/>\n<meta name=\"twitter:card\" content=\"summary_large_image\" \/>\n<meta name=\"twitter:label1\" content=\"\u00c9crit par\" \/>\n\t<meta name=\"twitter:data1\" content=\"Yves Brette\" \/>\n<script type=\"application\/ld+json\" class=\"yoast-schema-graph\">{\"@context\":\"https:\\\/\\\/schema.org\",\"@graph\":[{\"@type\":\"Article\",\"@id\":\"https:\\\/\\\/www.bretzel-liquide.com\\\/blog\\\/2022\\\/08\\\/03\\\/mes-vacances-en-amerique-du-sud-avec-eric-zemmour\\\/#article\",\"isPartOf\":{\"@id\":\"https:\\\/\\\/www.bretzel-liquide.com\\\/blog\\\/2022\\\/08\\\/03\\\/mes-vacances-en-amerique-du-sud-avec-eric-zemmour\\\/\"},\"author\":{\"name\":\"Yves Brette\",\"@id\":\"https:\\\/\\\/www.bretzel-liquide.com\\\/blog\\\/#\\\/schema\\\/person\\\/16b498860410bff000499934f159633d\"},\"headline\":\"mes vacances en Am\u00e9rique du sud avec Eric Zemmour\",\"datePublished\":\"2022-08-03T13:46:32+00:00\",\"dateModified\":\"2022-08-03T17:57:56+00:00\",\"mainEntityOfPage\":{\"@id\":\"https:\\\/\\\/www.bretzel-liquide.com\\\/blog\\\/2022\\\/08\\\/03\\\/mes-vacances-en-amerique-du-sud-avec-eric-zemmour\\\/\"},\"wordCount\":75,\"commentCount\":0,\"publisher\":{\"@id\":\"https:\\\/\\\/www.bretzel-liquide.com\\\/blog\\\/#\\\/schema\\\/person\\\/16b498860410bff000499934f159633d\"},\"image\":{\"@id\":\"https:\\\/\\\/www.bretzel-liquide.com\\\/blog\\\/2022\\\/08\\\/03\\\/mes-vacances-en-amerique-du-sud-avec-eric-zemmour\\\/#primaryimage\"},\"thumbnailUrl\":\"https:\\\/\\\/www.bretzel-liquide.com\\\/blog\\\/wp-content\\\/uploads\\\/2022\\\/08\\\/Hitler-mes-vacances-en-amerique-du-sud.jpeg\",\"keywords\":[\"eric zemmour\",\"extr\u00eame droite\",\"image\",\"tourisme\",\"vacances\"],\"articleSection\":[\"ensemble, tout devient p\u00e9nible\"],\"inLanguage\":\"fr-FR\",\"potentialAction\":[{\"@type\":\"CommentAction\",\"name\":\"Comment\",\"target\":[\"https:\\\/\\\/www.bretzel-liquide.com\\\/blog\\\/2022\\\/08\\\/03\\\/mes-vacances-en-amerique-du-sud-avec-eric-zemmour\\\/#respond\"]}]},{\"@type\":\"WebPage\",\"@id\":\"https:\\\/\\\/www.bretzel-liquide.com\\\/blog\\\/2022\\\/08\\\/03\\\/mes-vacances-en-amerique-du-sud-avec-eric-zemmour\\\/\",\"url\":\"https:\\\/\\\/www.bretzel-liquide.com\\\/blog\\\/2022\\\/08\\\/03\\\/mes-vacances-en-amerique-du-sud-avec-eric-zemmour\\\/\",\"name\":\"mes vacances en Am\u00e9rique du sud avec Eric Zemmour - \u00e0 l&#039;ombre d&#039;un paradoxe en fleur\",\"isPartOf\":{\"@id\":\"https:\\\/\\\/www.bretzel-liquide.com\\\/blog\\\/#website\"},\"primaryImageOfPage\":{\"@id\":\"https:\\\/\\\/www.bretzel-liquide.com\\\/blog\\\/2022\\\/08\\\/03\\\/mes-vacances-en-amerique-du-sud-avec-eric-zemmour\\\/#primaryimage\"},\"image\":{\"@id\":\"https:\\\/\\\/www.bretzel-liquide.com\\\/blog\\\/2022\\\/08\\\/03\\\/mes-vacances-en-amerique-du-sud-avec-eric-zemmour\\\/#primaryimage\"},\"thumbnailUrl\":\"https:\\\/\\\/www.bretzel-liquide.com\\\/blog\\\/wp-content\\\/uploads\\\/2022\\\/08\\\/Hitler-mes-vacances-en-amerique-du-sud.jpeg\",\"datePublished\":\"2022-08-03T13:46:32+00:00\",\"dateModified\":\"2022-08-03T17:57:56+00:00\",\"description\":\"mes vacances en Am\u00e9rique du sud avec Eric Zemmour\",\"breadcrumb\":{\"@id\":\"https:\\\/\\\/www.bretzel-liquide.com\\\/blog\\\/2022\\\/08\\\/03\\\/mes-vacances-en-amerique-du-sud-avec-eric-zemmour\\\/#breadcrumb\"},\"inLanguage\":\"fr-FR\",\"potentialAction\":[{\"@type\":\"ReadAction\",\"target\":[\"https:\\\/\\\/www.bretzel-liquide.com\\\/blog\\\/2022\\\/08\\\/03\\\/mes-vacances-en-amerique-du-sud-avec-eric-zemmour\\\/\"]}]},{\"@type\":\"ImageObject\",\"inLanguage\":\"fr-FR\",\"@id\":\"https:\\\/\\\/www.bretzel-liquide.com\\\/blog\\\/2022\\\/08\\\/03\\\/mes-vacances-en-amerique-du-sud-avec-eric-zemmour\\\/#primaryimage\",\"url\":\"https:\\\/\\\/www.bretzel-liquide.com\\\/blog\\\/wp-content\\\/uploads\\\/2022\\\/08\\\/Hitler-mes-vacances-en-amerique-du-sud.jpeg\",\"contentUrl\":\"https:\\\/\\\/www.bretzel-liquide.com\\\/blog\\\/wp-content\\\/uploads\\\/2022\\\/08\\\/Hitler-mes-vacances-en-amerique-du-sud.jpeg\",\"width\":780,\"height\":960},{\"@type\":\"BreadcrumbList\",\"@id\":\"https:\\\/\\\/www.bretzel-liquide.com\\\/blog\\\/2022\\\/08\\\/03\\\/mes-vacances-en-amerique-du-sud-avec-eric-zemmour\\\/#breadcrumb\",\"itemListElement\":[{\"@type\":\"ListItem\",\"position\":1,\"name\":\"Accueil\",\"item\":\"https:\\\/\\\/www.bretzel-liquide.com\\\/blog\\\/\"},{\"@type\":\"ListItem\",\"position\":2,\"name\":\"mes vacances en Am\u00e9rique du sud avec Eric Zemmour\"}]},{\"@type\":\"WebSite\",\"@id\":\"https:\\\/\\\/www.bretzel-liquide.com\\\/blog\\\/#website\",\"url\":\"https:\\\/\\\/www.bretzel-liquide.com\\\/blog\\\/\",\"name\":\"\u00e0 l&#039;ombre d&#039;un paradoxe en fleur\",\"description\":\"la face nord du bretzel liquide : humour absurde, images \u00e9tranges, microblogging\",\"publisher\":{\"@id\":\"https:\\\/\\\/www.bretzel-liquide.com\\\/blog\\\/#\\\/schema\\\/person\\\/16b498860410bff000499934f159633d\"},\"potentialAction\":[{\"@type\":\"SearchAction\",\"target\":{\"@type\":\"EntryPoint\",\"urlTemplate\":\"https:\\\/\\\/www.bretzel-liquide.com\\\/blog\\\/?s={search_term_string}\"},\"query-input\":{\"@type\":\"PropertyValueSpecification\",\"valueRequired\":true,\"valueName\":\"search_term_string\"}}],\"inLanguage\":\"fr-FR\"},{\"@type\":[\"Person\",\"Organization\"],\"@id\":\"https:\\\/\\\/www.bretzel-liquide.com\\\/blog\\\/#\\\/schema\\\/person\\\/16b498860410bff000499934f159633d\",\"name\":\"Yves Brette\",\"image\":{\"@type\":\"ImageObject\",\"inLanguage\":\"fr-FR\",\"@id\":\"https:\\\/\\\/www.bretzel-liquide.com\\\/blog\\\/wp-content\\\/uploads\\\/2022\\\/01\\\/headerchien.jpg\",\"url\":\"https:\\\/\\\/www.bretzel-liquide.com\\\/blog\\\/wp-content\\\/uploads\\\/2022\\\/01\\\/headerchien.jpg\",\"contentUrl\":\"https:\\\/\\\/www.bretzel-liquide.com\\\/blog\\\/wp-content\\\/uploads\\\/2022\\\/01\\\/headerchien.jpg\",\"width\":150,\"height\":147,\"caption\":\"Yves Brette\"},\"logo\":{\"@id\":\"https:\\\/\\\/www.bretzel-liquide.com\\\/blog\\\/wp-content\\\/uploads\\\/2022\\\/01\\\/headerchien.jpg\"},\"sameAs\":[\"http:\\\/\\\/www.bretzel-liquide.com\\\/blog\"],\"url\":\"https:\\\/\\\/www.bretzel-liquide.com\\\/blog\\\/author\\\/yves\\\/\"}]}<\/script>\n<!-- \/ Yoast SEO plugin. -->","yoast_head_json":{"title":"mes vacances en Am\u00e9rique du sud avec Eric Zemmour - \u00e0 l&#039;ombre d&#039;un paradoxe en fleur","description":"mes vacances en Am\u00e9rique du sud avec Eric Zemmour","robots":{"index":"index","follow":"follow","max-snippet":"max-snippet:-1","max-image-preview":"max-image-preview:large","max-video-preview":"max-video-preview:-1"},"canonical":"https:\/\/www.bretzel-liquide.com\/blog\/2022\/08\/03\/mes-vacances-en-amerique-du-sud-avec-eric-zemmour\/","og_locale":"fr_FR","og_type":"article","og_title":"mes vacances en Am\u00e9rique du sud avec Eric Zemmour - \u00e0 l&#039;ombre d&#039;un paradoxe en fleur","og_description":"mes vacances en Am\u00e9rique du sud avec Eric Zemmour","og_url":"https:\/\/www.bretzel-liquide.com\/blog\/2022\/08\/03\/mes-vacances-en-amerique-du-sud-avec-eric-zemmour\/","og_site_name":"\u00e0 l&#039;ombre d&#039;un paradoxe en fleur","article_published_time":"2022-08-03T13:46:32+00:00","article_modified_time":"2022-08-03T17:57:56+00:00","og_image":[{"url":"https:\/\/www.bretzel-liquide.com\/blog\/wp-content\/uploads\/2022\/08\/Hitler-mes-vacances-en-amerique-du-sud.jpeg","type":"","width":"","height":""}],"author":"Yves Brette","twitter_card":"summary_large_image","twitter_misc":{"\u00c9crit par":"Yves Brette"},"schema":{"@context":"https:\/\/schema.org","@graph":[{"@type":"Article","@id":"https:\/\/www.bretzel-liquide.com\/blog\/2022\/08\/03\/mes-vacances-en-amerique-du-sud-avec-eric-zemmour\/#article","isPartOf":{"@id":"https:\/\/www.bretzel-liquide.com\/blog\/2022\/08\/03\/mes-vacances-en-amerique-du-sud-avec-eric-zemmour\/"},"author":{"name":"Yves Brette","@id":"https:\/\/www.bretzel-liquide.com\/blog\/#\/schema\/person\/16b498860410bff000499934f159633d"},"headline":"mes vacances en Am\u00e9rique du sud avec Eric Zemmour","datePublished":"2022-08-03T13:46:32+00:00","dateModified":"2022-08-03T17:57:56+00:00","mainEntityOfPage":{"@id":"https:\/\/www.bretzel-liquide.com\/blog\/2022\/08\/03\/mes-vacances-en-amerique-du-sud-avec-eric-zemmour\/"},"wordCount":75,"commentCount":0,"publisher":{"@id":"https:\/\/www.bretzel-liquide.com\/blog\/#\/schema\/person\/16b498860410bff000499934f159633d"},"image":{"@id":"https:\/\/www.bretzel-liquide.com\/blog\/2022\/08\/03\/mes-vacances-en-amerique-du-sud-avec-eric-zemmour\/#primaryimage"},"thumbnailUrl":"https:\/\/www.bretzel-liquide.com\/blog\/wp-content\/uploads\/2022\/08\/Hitler-mes-vacances-en-amerique-du-sud.jpeg","keywords":["eric zemmour","extr\u00eame droite","image","tourisme","vacances"],"articleSection":["ensemble, tout devient p\u00e9nible"],"inLanguage":"fr-FR","potentialAction":[{"@type":"CommentAction","name":"Comment","target":["https:\/\/www.bretzel-liquide.com\/blog\/2022\/08\/03\/mes-vacances-en-amerique-du-sud-avec-eric-zemmour\/#respond"]}]},{"@type":"WebPage","@id":"https:\/\/www.bretzel-liquide.com\/blog\/2022\/08\/03\/mes-vacances-en-amerique-du-sud-avec-eric-zemmour\/","url":"https:\/\/www.bretzel-liquide.com\/blog\/2022\/08\/03\/mes-vacances-en-amerique-du-sud-avec-eric-zemmour\/","name":"mes vacances en Am\u00e9rique du sud avec Eric Zemmour - \u00e0 l&#039;ombre d&#039;un paradoxe en fleur","isPartOf":{"@id":"https:\/\/www.bretzel-liquide.com\/blog\/#website"},"primaryImageOfPage":{"@id":"https:\/\/www.bretzel-liquide.com\/blog\/2022\/08\/03\/mes-vacances-en-amerique-du-sud-avec-eric-zemmour\/#primaryimage"},"image":{"@id":"https:\/\/www.bretzel-liquide.com\/blog\/2022\/08\/03\/mes-vacances-en-amerique-du-sud-avec-eric-zemmour\/#primaryimage"},"thumbnailUrl":"https:\/\/www.bretzel-liquide.com\/blog\/wp-content\/uploads\/2022\/08\/Hitler-mes-vacances-en-amerique-du-sud.jpeg","datePublished":"2022-08-03T13:46:32+00:00","dateModified":"2022-08-03T17:57:56+00:00","description":"mes vacances en Am\u00e9rique du sud avec Eric Zemmour","breadcrumb":{"@id":"https:\/\/www.bretzel-liquide.com\/blog\/2022\/08\/03\/mes-vacances-en-amerique-du-sud-avec-eric-zemmour\/#breadcrumb"},"inLanguage":"fr-FR","potentialAction":[{"@type":"ReadAction","target":["https:\/\/www.bretzel-liquide.com\/blog\/2022\/08\/03\/mes-vacances-en-amerique-du-sud-avec-eric-zemmour\/"]}]},{"@type":"ImageObject","inLanguage":"fr-FR","@id":"https:\/\/www.bretzel-liquide.com\/blog\/2022\/08\/03\/mes-vacances-en-amerique-du-sud-avec-eric-zemmour\/#primaryimage","url":"https:\/\/www.bretzel-liquide.com\/blog\/wp-content\/uploads\/2022\/08\/Hitler-mes-vacances-en-amerique-du-sud.jpeg","contentUrl":"https:\/\/www.bretzel-liquide.com\/blog\/wp-content\/uploads\/2022\/08\/Hitler-mes-vacances-en-amerique-du-sud.jpeg","width":780,"height":960},{"@type":"BreadcrumbList","@id":"https:\/\/www.bretzel-liquide.com\/blog\/2022\/08\/03\/mes-vacances-en-amerique-du-sud-avec-eric-zemmour\/#breadcrumb","itemListElement":[{"@type":"ListItem","position":1,"name":"Accueil","item":"https:\/\/www.bretzel-liquide.com\/blog\/"},{"@type":"ListItem","position":2,"name":"mes vacances en Am\u00e9rique du sud avec Eric Zemmour"}]},{"@type":"WebSite","@id":"https:\/\/www.bretzel-liquide.com\/blog\/#website","url":"https:\/\/www.bretzel-liquide.com\/blog\/","name":"\u00e0 l&#039;ombre d&#039;un paradoxe en fleur","description":"la face nord du bretzel liquide : humour absurde, images \u00e9tranges, microblogging","publisher":{"@id":"https:\/\/www.bretzel-liquide.com\/blog\/#\/schema\/person\/16b498860410bff000499934f159633d"},"potentialAction":[{"@type":"SearchAction","target":{"@type":"EntryPoint","urlTemplate":"https:\/\/www.bretzel-liquide.com\/blog\/?s={search_term_string}"},"query-input":{"@type":"PropertyValueSpecification","valueRequired":true,"valueName":"search_term_string"}}],"inLanguage":"fr-FR"},{"@type":["Person","Organization"],"@id":"https:\/\/www.bretzel-liquide.com\/blog\/#\/schema\/person\/16b498860410bff000499934f159633d","name":"Yves Brette","image":{"@type":"ImageObject","inLanguage":"fr-FR","@id":"https:\/\/www.bretzel-liquide.com\/blog\/wp-content\/uploads\/2022\/01\/headerchien.jpg","url":"https:\/\/www.bretzel-liquide.com\/blog\/wp-content\/uploads\/2022\/01\/headerchien.jpg","contentUrl":"https:\/\/www.bretzel-liquide.com\/blog\/wp-content\/uploads\/2022\/01\/headerchien.jpg","width":150,"height":147,"caption":"Yves Brette"},"logo":{"@id":"https:\/\/www.bretzel-liquide.com\/blog\/wp-content\/uploads\/2022\/01\/headerchien.jpg"},"sameAs":["http:\/\/www.bretzel-liquide.com\/blog"],"url":"https:\/\/www.bretzel-liquide.com\/blog\/author\/yves\/"}]}},"_links":{"self":[{"href":"https:\/\/www.bretzel-liquide.com\/blog\/wp-json\/wp\/v2\/posts\/6300","targetHints":{"allow":["GET"]}}],"collection":[{"href":"https:\/\/www.bretzel-liquide.com\/blog\/wp-json\/wp\/v2\/posts"}],"about":[{"href":"https:\/\/www.bretzel-liquide.com\/blog\/wp-json\/wp\/v2\/types\/post"}],"author":[{"embeddable":true,"href":"https:\/\/www.bretzel-liquide.com\/blog\/wp-json\/wp\/v2\/users\/1"}],"replies":[{"embeddable":true,"href":"https:\/\/www.bretzel-liquide.com\/blog\/wp-json\/wp\/v2\/comments?post=6300"}],"version-history":[{"count":2,"href":"https:\/\/www.bretzel-liquide.com\/blog\/wp-json\/wp\/v2\/posts\/6300\/revisions"}],"predecessor-version":[{"id":6308,"href":"https:\/\/www.bretzel-liquide.com\/blog\/wp-json\/wp\/v2\/posts\/6300\/revisions\/6308"}],"wp:attachment":[{"href":"https:\/\/www.bretzel-liquide.com\/blog\/wp-json\/wp\/v2\/media?parent=6300"}],"wp:term":[{"taxonomy":"category","embeddable":true,"href":"https:\/\/www.bretzel-liquide.com\/blog\/wp-json\/wp\/v2\/categories?post=6300"},{"taxonomy":"post_tag","embeddable":true,"href":"https:\/\/www.bretzel-liquide.com\/blog\/wp-json\/wp\/v2\/tags?post=6300"}],"curies":[{"name":"wp","href":"https:\/\/api.w.org\/{rel}","templated":true}]}}