{"id":86,"date":"2022-01-28T09:18:37","date_gmt":"2022-01-28T08:18:37","guid":{"rendered":"https:\/\/www.bretzel-liquide.com\/blog\/?p=86"},"modified":"2022-01-28T09:49:48","modified_gmt":"2022-01-28T08:49:48","slug":"la-vie-de-ma-mere","status":"publish","type":"post","link":"https:\/\/www.bretzel-liquide.com\/blog\/2022\/01\/28\/la-vie-de-ma-mere\/","title":{"rendered":"la vie de ma m\u00e8re"},"content":{"rendered":"\n<figure class=\"wp-block-image size-large\"><a href=\"https:\/\/www.bretzel-liquide.com\/blog\/wp-content\/uploads\/2022\/01\/Ricky-Mujica-la-vie-de-ma-mere.jpg\" target=\"_blank\" rel=\"noopener\"><img loading=\"lazy\" decoding=\"async\" width=\"768\" height=\"1024\" src=\"https:\/\/www.bretzel-liquide.com\/blog\/wp-content\/uploads\/2022\/01\/Ricky-Mujica-la-vie-de-ma-mere-768x1024.jpg\" alt=\"Ricky Mujica la vie de ma m\u00e8re\" class=\"wp-image-87\" srcset=\"https:\/\/www.bretzel-liquide.com\/blog\/wp-content\/uploads\/2022\/01\/Ricky-Mujica-la-vie-de-ma-mere-768x1024.jpg 768w, https:\/\/www.bretzel-liquide.com\/blog\/wp-content\/uploads\/2022\/01\/Ricky-Mujica-la-vie-de-ma-mere-225x300.jpg 225w, https:\/\/www.bretzel-liquide.com\/blog\/wp-content\/uploads\/2022\/01\/Ricky-Mujica-la-vie-de-ma-mere-1152x1536.jpg 1152w, https:\/\/www.bretzel-liquide.com\/blog\/wp-content\/uploads\/2022\/01\/Ricky-Mujica-la-vie-de-ma-mere.jpg 1536w\" sizes=\"auto, (max-width: 768px) 100vw, 768px\" \/><\/a><figcaption>Ricky Mujica : la vie de ma m\u00e8re<\/figcaption><\/figure>\n\n\n\n<p>tag : charge mentale<\/p>\n\n\n\n<p>\u00ab\u00a0Utilisant un amalgame de proc\u00e9dures d\u00e9riv\u00e9es du formalisme de l&rsquo;expressionnisme abstrait du XXe si\u00e8cle, de la peinture r\u00e9tinienne de l&rsquo;impressionnisme du XIXe si\u00e8cle et de la lumi\u00e8re et de la forme objectives du baroque du XVIIe si\u00e8cle, et synth\u00e9tis\u00e9es \u00e0 travers l&rsquo;objectif pictural d&rsquo;un drame shakespearien mis en sc\u00e8ne, mon travail cherche \u00e0 d\u00e9montrer comment la vie s&rsquo;\u00e9tend au-del\u00e0 de ses propres limites subjectives et raconte souvent des histoires qui illustrent les effets de la prise de conscience culturelle au cours de la seconde moiti\u00e9 du XXe si\u00e8cle.&nbsp;Une \u00e9poque qui nous a pr\u00e9sent\u00e9 un nouvel humanisme, avec la r\u00e9volution sexuelle et avec le mouvement des femmes.<\/p>\n\n\n\n<p>Je veux dire d\u00e9construire les binaires que nous reconstruisons continuellement entre le \u00ab&nbsp;Drame&nbsp;\u00bb et l&rsquo;\u00ab&nbsp;Usuel&nbsp;\u00bb, entre le \u00ab&nbsp;Moi&nbsp;\u00bb et le \u00ab&nbsp;Collectif&nbsp;\u00bb, entre la \u00ab&nbsp;Vie&nbsp;\u00bb et la \u00ab&nbsp;Mort&nbsp;\u00bb.&nbsp;En prenant comme sujet des moments extraordinaires mais collectifs de la vie quotidienne, et en sondant le rythme qui articule le flux de moments extraordinaires qui nous sont communs \u00e0 tous, et en les impr\u00e9gnant d&rsquo;une partie de l&rsquo;esth\u00e9tique du th\u00e9\u00e2tre en direct, et en le pla\u00e7ant sur la toile en tant que sc\u00e8ne, je tente de s\u00e9duire le spectateur pour qu&rsquo;il porte un regard neuf sur la condition humaine.<\/p>\n\n\n\n<p>Je recherche la po\u00e9sie de l&rsquo;extraordinaire telle qu&rsquo;elle est ancr\u00e9e dans l&rsquo;ordinaire.&nbsp;Sont choisis et d\u00e9peints des moments familiers de notre existence collective qui n&rsquo;existent que pour ponctuer le drame humain et \u00e9clairer notre existence.<\/p>\n\n\n\n<p>\u00ab M\u00e8re \u00bb est tr\u00e8s souvent d\u00e9peinte dans ces \u00e9v\u00e9nements extraordinaires comme le h\u00e9ros, la pourvoyeuse de vie, la racine de la civilisation.&nbsp;Elle est notre conscience collective.\u00a0\u00bb<\/p>\n\n\n\n<p><a href=\"http:\/\/rickymujica.com\/home\/\" target=\"_blank\" rel=\"noreferrer noopener\">Ricardo Jos\u00e9 Mujica<\/a> \u00ab\u00a0Ricky Mujica\u00a0\u00bb<\/p>\n","protected":false},"excerpt":{"rendered":"<p>tag : charge mentale \u00ab\u00a0Utilisant un amalgame de proc\u00e9dures d\u00e9riv\u00e9es du formalisme de l&rsquo;expressionnisme abstrait du XXe si\u00e8cle, de la peinture r\u00e9tinienne de l&rsquo;impressionnisme du XIXe si\u00e8cle et de la lumi\u00e8re et de la forme objectives du baroque du XVIIe si\u00e8cle, et synth\u00e9tis\u00e9es \u00e0 travers l&rsquo;objectif pictural d&rsquo;un drame shakespearien mis en sc\u00e8ne, mon travail [&hellip;]<\/p>\n","protected":false},"author":1,"featured_media":0,"comment_status":"open","ping_status":"open","sticky":false,"template":"","format":"image","meta":{"footnotes":""},"categories":[54],"tags":[7,84,40,50,86,85,48,46,28,5],"class_list":["post-86","post","type-post","status-publish","format-image","hentry","category-art-liquide","tag-comprendre-les-expressions-francaises","tag-education","tag-enfant","tag-identite","tag-maquillage","tag-mere","tag-nu","tag-peinture","tag-psychologie-en-partenariat-avec-spychologie-magasine","tag-societe","post_format-post-format-image"],"yoast_head":"<!-- This site is optimized with the Yoast SEO plugin v27.4 - https:\/\/yoast.com\/product\/yoast-seo-wordpress\/ -->\n<title>la vie de ma m\u00e8re - \u00e0 l&#039;ombre d&#039;un paradoxe en fleur<\/title>\n<meta name=\"description\" content=\"Ricky Mujica, la vie de ma m\u00e8re &quot;Je recherche la po\u00e9sie de l&#039;extraordinaire telle qu&#039;elle est ancr\u00e9e dans l&#039;ordinaire. Sont choisis et d\u00e9peints des moments familiers de notre existence collective qui n&#039;existent que pour ponctuer le drame humain et \u00e9clairer notre existence.\u00ab M\u00e8re \u00bb est tr\u00e8s souvent d\u00e9peinte dans ces \u00e9v\u00e9nements extraordinaires comme le h\u00e9ros, la pourvoyeuse de vie, la racine de la civilisation. Elle est notre conscience collective.&quot;\" \/>\n<meta name=\"robots\" content=\"index, follow, max-snippet:-1, max-image-preview:large, max-video-preview:-1\" \/>\n<link rel=\"canonical\" href=\"https:\/\/www.bretzel-liquide.com\/blog\/2022\/01\/28\/la-vie-de-ma-mere\/\" \/>\n<meta property=\"og:locale\" content=\"fr_FR\" \/>\n<meta property=\"og:type\" content=\"article\" \/>\n<meta property=\"og:title\" content=\"la vie de ma m\u00e8re - \u00e0 l&#039;ombre d&#039;un paradoxe en fleur\" \/>\n<meta property=\"og:description\" content=\"Ricky Mujica, la vie de ma m\u00e8re &quot;Je recherche la po\u00e9sie de l&#039;extraordinaire telle qu&#039;elle est ancr\u00e9e dans l&#039;ordinaire. Sont choisis et d\u00e9peints des moments familiers de notre existence collective qui n&#039;existent que pour ponctuer le drame humain et \u00e9clairer notre existence.\u00ab M\u00e8re \u00bb est tr\u00e8s souvent d\u00e9peinte dans ces \u00e9v\u00e9nements extraordinaires comme le h\u00e9ros, la pourvoyeuse de vie, la racine de la civilisation. Elle est notre conscience collective.&quot;\" \/>\n<meta property=\"og:url\" content=\"https:\/\/www.bretzel-liquide.com\/blog\/2022\/01\/28\/la-vie-de-ma-mere\/\" \/>\n<meta property=\"og:site_name\" content=\"\u00e0 l&#039;ombre d&#039;un paradoxe en fleur\" \/>\n<meta property=\"article:published_time\" content=\"2022-01-28T08:18:37+00:00\" \/>\n<meta property=\"article:modified_time\" content=\"2022-01-28T08:49:48+00:00\" \/>\n<meta property=\"og:image\" content=\"https:\/\/www.bretzel-liquide.com\/blog\/wp-content\/uploads\/2022\/01\/Ricky-Mujica-la-vie-de-ma-mere-768x1024.jpg\" \/>\n<meta name=\"author\" content=\"Yves Brette\" \/>\n<meta name=\"twitter:card\" content=\"summary_large_image\" \/>\n<meta name=\"twitter:label1\" content=\"\u00c9crit par\" \/>\n\t<meta name=\"twitter:data1\" content=\"Yves Brette\" \/>\n\t<meta name=\"twitter:label2\" content=\"Dur\u00e9e de lecture estim\u00e9e\" \/>\n\t<meta name=\"twitter:data2\" content=\"2 minutes\" \/>\n<script type=\"application\/ld+json\" class=\"yoast-schema-graph\">{\"@context\":\"https:\\\/\\\/schema.org\",\"@graph\":[{\"@type\":\"Article\",\"@id\":\"https:\\\/\\\/www.bretzel-liquide.com\\\/blog\\\/2022\\\/01\\\/28\\\/la-vie-de-ma-mere\\\/#article\",\"isPartOf\":{\"@id\":\"https:\\\/\\\/www.bretzel-liquide.com\\\/blog\\\/2022\\\/01\\\/28\\\/la-vie-de-ma-mere\\\/\"},\"author\":{\"name\":\"Yves Brette\",\"@id\":\"https:\\\/\\\/www.bretzel-liquide.com\\\/blog\\\/#\\\/schema\\\/person\\\/16b498860410bff000499934f159633d\"},\"headline\":\"la vie de ma m\u00e8re\",\"datePublished\":\"2022-01-28T08:18:37+00:00\",\"dateModified\":\"2022-01-28T08:49:48+00:00\",\"mainEntityOfPage\":{\"@id\":\"https:\\\/\\\/www.bretzel-liquide.com\\\/blog\\\/2022\\\/01\\\/28\\\/la-vie-de-ma-mere\\\/\"},\"wordCount\":343,\"commentCount\":0,\"publisher\":{\"@id\":\"https:\\\/\\\/www.bretzel-liquide.com\\\/blog\\\/#\\\/schema\\\/person\\\/16b498860410bff000499934f159633d\"},\"image\":{\"@id\":\"https:\\\/\\\/www.bretzel-liquide.com\\\/blog\\\/2022\\\/01\\\/28\\\/la-vie-de-ma-mere\\\/#primaryimage\"},\"thumbnailUrl\":\"https:\\\/\\\/www.bretzel-liquide.com\\\/blog\\\/wp-content\\\/uploads\\\/2022\\\/01\\\/Ricky-Mujica-la-vie-de-ma-mere-768x1024.jpg\",\"keywords\":[\"comprendre les expressions fran\u00e7aises\",\"\u00e9ducation\",\"enfant\",\"identit\u00e9\",\"maquillage\",\"m\u00e8re\",\"nu\",\"peinture\",\"psychologie (en partenariat avec spychologie magasine)\",\"soci\u00e9t\u00e9\"],\"articleSection\":[\"art liquide\"],\"inLanguage\":\"fr-FR\",\"potentialAction\":[{\"@type\":\"CommentAction\",\"name\":\"Comment\",\"target\":[\"https:\\\/\\\/www.bretzel-liquide.com\\\/blog\\\/2022\\\/01\\\/28\\\/la-vie-de-ma-mere\\\/#respond\"]}]},{\"@type\":\"WebPage\",\"@id\":\"https:\\\/\\\/www.bretzel-liquide.com\\\/blog\\\/2022\\\/01\\\/28\\\/la-vie-de-ma-mere\\\/\",\"url\":\"https:\\\/\\\/www.bretzel-liquide.com\\\/blog\\\/2022\\\/01\\\/28\\\/la-vie-de-ma-mere\\\/\",\"name\":\"la vie de ma m\u00e8re - \u00e0 l&#039;ombre d&#039;un paradoxe en fleur\",\"isPartOf\":{\"@id\":\"https:\\\/\\\/www.bretzel-liquide.com\\\/blog\\\/#website\"},\"primaryImageOfPage\":{\"@id\":\"https:\\\/\\\/www.bretzel-liquide.com\\\/blog\\\/2022\\\/01\\\/28\\\/la-vie-de-ma-mere\\\/#primaryimage\"},\"image\":{\"@id\":\"https:\\\/\\\/www.bretzel-liquide.com\\\/blog\\\/2022\\\/01\\\/28\\\/la-vie-de-ma-mere\\\/#primaryimage\"},\"thumbnailUrl\":\"https:\\\/\\\/www.bretzel-liquide.com\\\/blog\\\/wp-content\\\/uploads\\\/2022\\\/01\\\/Ricky-Mujica-la-vie-de-ma-mere-768x1024.jpg\",\"datePublished\":\"2022-01-28T08:18:37+00:00\",\"dateModified\":\"2022-01-28T08:49:48+00:00\",\"description\":\"Ricky Mujica, la vie de ma m\u00e8re \\\"Je recherche la po\u00e9sie de l'extraordinaire telle qu'elle est ancr\u00e9e dans l'ordinaire. Sont choisis et d\u00e9peints des moments familiers de notre existence collective qui n'existent que pour ponctuer le drame humain et \u00e9clairer notre existence.\u00ab M\u00e8re \u00bb est tr\u00e8s souvent d\u00e9peinte dans ces \u00e9v\u00e9nements extraordinaires comme le h\u00e9ros, la pourvoyeuse de vie, la racine de la civilisation. Elle est notre conscience collective.\\\"\",\"breadcrumb\":{\"@id\":\"https:\\\/\\\/www.bretzel-liquide.com\\\/blog\\\/2022\\\/01\\\/28\\\/la-vie-de-ma-mere\\\/#breadcrumb\"},\"inLanguage\":\"fr-FR\",\"potentialAction\":[{\"@type\":\"ReadAction\",\"target\":[\"https:\\\/\\\/www.bretzel-liquide.com\\\/blog\\\/2022\\\/01\\\/28\\\/la-vie-de-ma-mere\\\/\"]}]},{\"@type\":\"ImageObject\",\"inLanguage\":\"fr-FR\",\"@id\":\"https:\\\/\\\/www.bretzel-liquide.com\\\/blog\\\/2022\\\/01\\\/28\\\/la-vie-de-ma-mere\\\/#primaryimage\",\"url\":\"https:\\\/\\\/www.bretzel-liquide.com\\\/blog\\\/wp-content\\\/uploads\\\/2022\\\/01\\\/Ricky-Mujica-la-vie-de-ma-mere.jpg\",\"contentUrl\":\"https:\\\/\\\/www.bretzel-liquide.com\\\/blog\\\/wp-content\\\/uploads\\\/2022\\\/01\\\/Ricky-Mujica-la-vie-de-ma-mere.jpg\",\"width\":1536,\"height\":2048},{\"@type\":\"BreadcrumbList\",\"@id\":\"https:\\\/\\\/www.bretzel-liquide.com\\\/blog\\\/2022\\\/01\\\/28\\\/la-vie-de-ma-mere\\\/#breadcrumb\",\"itemListElement\":[{\"@type\":\"ListItem\",\"position\":1,\"name\":\"Accueil\",\"item\":\"https:\\\/\\\/www.bretzel-liquide.com\\\/blog\\\/\"},{\"@type\":\"ListItem\",\"position\":2,\"name\":\"la vie de ma m\u00e8re\"}]},{\"@type\":\"WebSite\",\"@id\":\"https:\\\/\\\/www.bretzel-liquide.com\\\/blog\\\/#website\",\"url\":\"https:\\\/\\\/www.bretzel-liquide.com\\\/blog\\\/\",\"name\":\"\u00e0 l&#039;ombre d&#039;un paradoxe en fleur\",\"description\":\"la face nord du bretzel liquide : humour absurde, images \u00e9tranges, microblogging\",\"publisher\":{\"@id\":\"https:\\\/\\\/www.bretzel-liquide.com\\\/blog\\\/#\\\/schema\\\/person\\\/16b498860410bff000499934f159633d\"},\"potentialAction\":[{\"@type\":\"SearchAction\",\"target\":{\"@type\":\"EntryPoint\",\"urlTemplate\":\"https:\\\/\\\/www.bretzel-liquide.com\\\/blog\\\/?s={search_term_string}\"},\"query-input\":{\"@type\":\"PropertyValueSpecification\",\"valueRequired\":true,\"valueName\":\"search_term_string\"}}],\"inLanguage\":\"fr-FR\"},{\"@type\":[\"Person\",\"Organization\"],\"@id\":\"https:\\\/\\\/www.bretzel-liquide.com\\\/blog\\\/#\\\/schema\\\/person\\\/16b498860410bff000499934f159633d\",\"name\":\"Yves Brette\",\"image\":{\"@type\":\"ImageObject\",\"inLanguage\":\"fr-FR\",\"@id\":\"https:\\\/\\\/www.bretzel-liquide.com\\\/blog\\\/wp-content\\\/uploads\\\/2022\\\/01\\\/headerchien.jpg\",\"url\":\"https:\\\/\\\/www.bretzel-liquide.com\\\/blog\\\/wp-content\\\/uploads\\\/2022\\\/01\\\/headerchien.jpg\",\"contentUrl\":\"https:\\\/\\\/www.bretzel-liquide.com\\\/blog\\\/wp-content\\\/uploads\\\/2022\\\/01\\\/headerchien.jpg\",\"width\":150,\"height\":147,\"caption\":\"Yves Brette\"},\"logo\":{\"@id\":\"https:\\\/\\\/www.bretzel-liquide.com\\\/blog\\\/wp-content\\\/uploads\\\/2022\\\/01\\\/headerchien.jpg\"},\"sameAs\":[\"http:\\\/\\\/www.bretzel-liquide.com\\\/blog\"],\"url\":\"https:\\\/\\\/www.bretzel-liquide.com\\\/blog\\\/author\\\/yves\\\/\"}]}<\/script>\n<!-- \/ Yoast SEO plugin. -->","yoast_head_json":{"title":"la vie de ma m\u00e8re - \u00e0 l&#039;ombre d&#039;un paradoxe en fleur","description":"Ricky Mujica, la vie de ma m\u00e8re \"Je recherche la po\u00e9sie de l'extraordinaire telle qu'elle est ancr\u00e9e dans l'ordinaire. Sont choisis et d\u00e9peints des moments familiers de notre existence collective qui n'existent que pour ponctuer le drame humain et \u00e9clairer notre existence.\u00ab M\u00e8re \u00bb est tr\u00e8s souvent d\u00e9peinte dans ces \u00e9v\u00e9nements extraordinaires comme le h\u00e9ros, la pourvoyeuse de vie, la racine de la civilisation. Elle est notre conscience collective.\"","robots":{"index":"index","follow":"follow","max-snippet":"max-snippet:-1","max-image-preview":"max-image-preview:large","max-video-preview":"max-video-preview:-1"},"canonical":"https:\/\/www.bretzel-liquide.com\/blog\/2022\/01\/28\/la-vie-de-ma-mere\/","og_locale":"fr_FR","og_type":"article","og_title":"la vie de ma m\u00e8re - \u00e0 l&#039;ombre d&#039;un paradoxe en fleur","og_description":"Ricky Mujica, la vie de ma m\u00e8re \"Je recherche la po\u00e9sie de l'extraordinaire telle qu'elle est ancr\u00e9e dans l'ordinaire. Sont choisis et d\u00e9peints des moments familiers de notre existence collective qui n'existent que pour ponctuer le drame humain et \u00e9clairer notre existence.\u00ab M\u00e8re \u00bb est tr\u00e8s souvent d\u00e9peinte dans ces \u00e9v\u00e9nements extraordinaires comme le h\u00e9ros, la pourvoyeuse de vie, la racine de la civilisation. Elle est notre conscience collective.\"","og_url":"https:\/\/www.bretzel-liquide.com\/blog\/2022\/01\/28\/la-vie-de-ma-mere\/","og_site_name":"\u00e0 l&#039;ombre d&#039;un paradoxe en fleur","article_published_time":"2022-01-28T08:18:37+00:00","article_modified_time":"2022-01-28T08:49:48+00:00","og_image":[{"url":"https:\/\/www.bretzel-liquide.com\/blog\/wp-content\/uploads\/2022\/01\/Ricky-Mujica-la-vie-de-ma-mere-768x1024.jpg","type":"","width":"","height":""}],"author":"Yves Brette","twitter_card":"summary_large_image","twitter_misc":{"\u00c9crit par":"Yves Brette","Dur\u00e9e de lecture estim\u00e9e":"2 minutes"},"schema":{"@context":"https:\/\/schema.org","@graph":[{"@type":"Article","@id":"https:\/\/www.bretzel-liquide.com\/blog\/2022\/01\/28\/la-vie-de-ma-mere\/#article","isPartOf":{"@id":"https:\/\/www.bretzel-liquide.com\/blog\/2022\/01\/28\/la-vie-de-ma-mere\/"},"author":{"name":"Yves Brette","@id":"https:\/\/www.bretzel-liquide.com\/blog\/#\/schema\/person\/16b498860410bff000499934f159633d"},"headline":"la vie de ma m\u00e8re","datePublished":"2022-01-28T08:18:37+00:00","dateModified":"2022-01-28T08:49:48+00:00","mainEntityOfPage":{"@id":"https:\/\/www.bretzel-liquide.com\/blog\/2022\/01\/28\/la-vie-de-ma-mere\/"},"wordCount":343,"commentCount":0,"publisher":{"@id":"https:\/\/www.bretzel-liquide.com\/blog\/#\/schema\/person\/16b498860410bff000499934f159633d"},"image":{"@id":"https:\/\/www.bretzel-liquide.com\/blog\/2022\/01\/28\/la-vie-de-ma-mere\/#primaryimage"},"thumbnailUrl":"https:\/\/www.bretzel-liquide.com\/blog\/wp-content\/uploads\/2022\/01\/Ricky-Mujica-la-vie-de-ma-mere-768x1024.jpg","keywords":["comprendre les expressions fran\u00e7aises","\u00e9ducation","enfant","identit\u00e9","maquillage","m\u00e8re","nu","peinture","psychologie (en partenariat avec spychologie magasine)","soci\u00e9t\u00e9"],"articleSection":["art liquide"],"inLanguage":"fr-FR","potentialAction":[{"@type":"CommentAction","name":"Comment","target":["https:\/\/www.bretzel-liquide.com\/blog\/2022\/01\/28\/la-vie-de-ma-mere\/#respond"]}]},{"@type":"WebPage","@id":"https:\/\/www.bretzel-liquide.com\/blog\/2022\/01\/28\/la-vie-de-ma-mere\/","url":"https:\/\/www.bretzel-liquide.com\/blog\/2022\/01\/28\/la-vie-de-ma-mere\/","name":"la vie de ma m\u00e8re - \u00e0 l&#039;ombre d&#039;un paradoxe en fleur","isPartOf":{"@id":"https:\/\/www.bretzel-liquide.com\/blog\/#website"},"primaryImageOfPage":{"@id":"https:\/\/www.bretzel-liquide.com\/blog\/2022\/01\/28\/la-vie-de-ma-mere\/#primaryimage"},"image":{"@id":"https:\/\/www.bretzel-liquide.com\/blog\/2022\/01\/28\/la-vie-de-ma-mere\/#primaryimage"},"thumbnailUrl":"https:\/\/www.bretzel-liquide.com\/blog\/wp-content\/uploads\/2022\/01\/Ricky-Mujica-la-vie-de-ma-mere-768x1024.jpg","datePublished":"2022-01-28T08:18:37+00:00","dateModified":"2022-01-28T08:49:48+00:00","description":"Ricky Mujica, la vie de ma m\u00e8re \"Je recherche la po\u00e9sie de l'extraordinaire telle qu'elle est ancr\u00e9e dans l'ordinaire. Sont choisis et d\u00e9peints des moments familiers de notre existence collective qui n'existent que pour ponctuer le drame humain et \u00e9clairer notre existence.\u00ab M\u00e8re \u00bb est tr\u00e8s souvent d\u00e9peinte dans ces \u00e9v\u00e9nements extraordinaires comme le h\u00e9ros, la pourvoyeuse de vie, la racine de la civilisation. Elle est notre conscience collective.\"","breadcrumb":{"@id":"https:\/\/www.bretzel-liquide.com\/blog\/2022\/01\/28\/la-vie-de-ma-mere\/#breadcrumb"},"inLanguage":"fr-FR","potentialAction":[{"@type":"ReadAction","target":["https:\/\/www.bretzel-liquide.com\/blog\/2022\/01\/28\/la-vie-de-ma-mere\/"]}]},{"@type":"ImageObject","inLanguage":"fr-FR","@id":"https:\/\/www.bretzel-liquide.com\/blog\/2022\/01\/28\/la-vie-de-ma-mere\/#primaryimage","url":"https:\/\/www.bretzel-liquide.com\/blog\/wp-content\/uploads\/2022\/01\/Ricky-Mujica-la-vie-de-ma-mere.jpg","contentUrl":"https:\/\/www.bretzel-liquide.com\/blog\/wp-content\/uploads\/2022\/01\/Ricky-Mujica-la-vie-de-ma-mere.jpg","width":1536,"height":2048},{"@type":"BreadcrumbList","@id":"https:\/\/www.bretzel-liquide.com\/blog\/2022\/01\/28\/la-vie-de-ma-mere\/#breadcrumb","itemListElement":[{"@type":"ListItem","position":1,"name":"Accueil","item":"https:\/\/www.bretzel-liquide.com\/blog\/"},{"@type":"ListItem","position":2,"name":"la vie de ma m\u00e8re"}]},{"@type":"WebSite","@id":"https:\/\/www.bretzel-liquide.com\/blog\/#website","url":"https:\/\/www.bretzel-liquide.com\/blog\/","name":"\u00e0 l&#039;ombre d&#039;un paradoxe en fleur","description":"la face nord du bretzel liquide : humour absurde, images \u00e9tranges, microblogging","publisher":{"@id":"https:\/\/www.bretzel-liquide.com\/blog\/#\/schema\/person\/16b498860410bff000499934f159633d"},"potentialAction":[{"@type":"SearchAction","target":{"@type":"EntryPoint","urlTemplate":"https:\/\/www.bretzel-liquide.com\/blog\/?s={search_term_string}"},"query-input":{"@type":"PropertyValueSpecification","valueRequired":true,"valueName":"search_term_string"}}],"inLanguage":"fr-FR"},{"@type":["Person","Organization"],"@id":"https:\/\/www.bretzel-liquide.com\/blog\/#\/schema\/person\/16b498860410bff000499934f159633d","name":"Yves Brette","image":{"@type":"ImageObject","inLanguage":"fr-FR","@id":"https:\/\/www.bretzel-liquide.com\/blog\/wp-content\/uploads\/2022\/01\/headerchien.jpg","url":"https:\/\/www.bretzel-liquide.com\/blog\/wp-content\/uploads\/2022\/01\/headerchien.jpg","contentUrl":"https:\/\/www.bretzel-liquide.com\/blog\/wp-content\/uploads\/2022\/01\/headerchien.jpg","width":150,"height":147,"caption":"Yves Brette"},"logo":{"@id":"https:\/\/www.bretzel-liquide.com\/blog\/wp-content\/uploads\/2022\/01\/headerchien.jpg"},"sameAs":["http:\/\/www.bretzel-liquide.com\/blog"],"url":"https:\/\/www.bretzel-liquide.com\/blog\/author\/yves\/"}]}},"_links":{"self":[{"href":"https:\/\/www.bretzel-liquide.com\/blog\/wp-json\/wp\/v2\/posts\/86","targetHints":{"allow":["GET"]}}],"collection":[{"href":"https:\/\/www.bretzel-liquide.com\/blog\/wp-json\/wp\/v2\/posts"}],"about":[{"href":"https:\/\/www.bretzel-liquide.com\/blog\/wp-json\/wp\/v2\/types\/post"}],"author":[{"embeddable":true,"href":"https:\/\/www.bretzel-liquide.com\/blog\/wp-json\/wp\/v2\/users\/1"}],"replies":[{"embeddable":true,"href":"https:\/\/www.bretzel-liquide.com\/blog\/wp-json\/wp\/v2\/comments?post=86"}],"version-history":[{"count":3,"href":"https:\/\/www.bretzel-liquide.com\/blog\/wp-json\/wp\/v2\/posts\/86\/revisions"}],"predecessor-version":[{"id":91,"href":"https:\/\/www.bretzel-liquide.com\/blog\/wp-json\/wp\/v2\/posts\/86\/revisions\/91"}],"wp:attachment":[{"href":"https:\/\/www.bretzel-liquide.com\/blog\/wp-json\/wp\/v2\/media?parent=86"}],"wp:term":[{"taxonomy":"category","embeddable":true,"href":"https:\/\/www.bretzel-liquide.com\/blog\/wp-json\/wp\/v2\/categories?post=86"},{"taxonomy":"post_tag","embeddable":true,"href":"https:\/\/www.bretzel-liquide.com\/blog\/wp-json\/wp\/v2\/tags?post=86"}],"curies":[{"name":"wp","href":"https:\/\/api.w.org\/{rel}","templated":true}]}}